{"id":124536,"date":"2017-12-03T11:44:35","date_gmt":"2017-12-03T13:44:35","guid":{"rendered":"http:\/\/aconteceunovale.com.br\/portal\/?p=124536"},"modified":"2017-12-03T11:44:35","modified_gmt":"2017-12-03T13:44:35","slug":"dois-municipios-de-minas-gerais-e-um-do-tocantins-realizam-eleicoes-para-prefeito-neste-domingo","status":"publish","type":"post","link":"https:\/\/aconteceunovale.com.br\/portal\/?p=124536","title":{"rendered":"Dois munic\u00edpios de Minas Gerais e um do Tocantins realizam elei\u00e7\u00f5es para prefeito neste domingo"},"content":{"rendered":"<p>Os eleitores das cidades mineiras de Concei\u00e7\u00e3o do Rio Verde e Ant\u00f4nio Dias e de Itacaj\u00e1, no Tocantins, voltam \u00e0s urnas hoje (3) para eleger prefeitos e vice-prefeitos em novas elei\u00e7\u00f5es. Nesses munic\u00edpios, as elei\u00e7\u00f5es de 2016 para os cargos foram anuladas pela Justi\u00e7a Eleitoral porque o candidato que recebeu a maioria dos votos v\u00e1lidos teve o registro de candidatura indeferido. A vota\u00e7\u00e3o ocorrer\u00e1 at\u00e9 \u00e0s 17h, no hor\u00e1rio local.<\/p>\n<p>O C\u00f3digo Eleitoral prev\u00ea que devem ocorrer novas elei\u00e7\u00f5es sempre que houver, independentemente do n\u00famero de votos anulados e ap\u00f3s o tr\u00e2nsito em julgado, decis\u00e3o da Justi\u00e7a que acarrete o indeferimento do registro, a cassa\u00e7\u00e3o do diploma ou a perda do mandato de candidato eleito em elei\u00e7\u00f5es majorit\u00e1rias (para presidente, governador ou prefeito). As instru\u00e7\u00f5es para a realiza\u00e7\u00e3o dessas elei\u00e7\u00f5es s\u00e3o estabelecidas por cada Tribunal Regional Eleitoral (TRE).<\/p>\n<p>O indeferimento do registro de Willian Robson Marques Fraga (Pros), eleito prefeito de Ant\u00f4nio Dias, se deu em raz\u00e3o de sua condena\u00e7\u00e3o por improbidade administrativa. Concorrem \u00e0 prefeitura, neste domingo, Amarildo Rocha (PTC), Andrea Gl\u00e1ucia (Pros), Cl\u00e9ber Mata (PDT), Benedito Lima (PSDB) e Eliane Castro (PT).<\/p>\n<p>A condena\u00e7\u00e3o por improbidade administrativa tamb\u00e9m resultou no indeferimento do registro de candidatura de Adilson Gon\u00e7alves de Oliveira Paganelli (PTC), candidato mais votado em Concei\u00e7\u00e3o do Rio Verde. Amanh\u00e3, disputam o cargo Eloiza Paganelli (PV) e Pedro Paulo (PR).<\/p>\n<p>Em Itacaj\u00e1 ser\u00e1 realizada nova elei\u00e7\u00e3o porque Manoel de Souza Pinheiro (PSDB) foi impedido pela Justi\u00e7a Eleitoral de ser empossado. A C\u00e2mara de Vereadores rejeitou as contas de quando ele foi prefeito da cidade, entre 2009 e 2012. Concorrem ao cargo neste domingo Cleoman Costa (PR), o pr\u00f3prio Manoel Pinheiro (PSDB), que disputa o pleito suplementar amparado por uma liminar, e Raimundo Coelho (PT).<\/p>\n<p><strong>Elei\u00e7\u00e3o suspensa<\/strong><\/p>\n<p>J\u00e1 a elei\u00e7\u00e3o suplementar que estava marcada em Ibiti\u00fara (MG), tamb\u00e9m para este domingo, foi suspensa. O pleito havia sido determinado pelo TRE de Minas Gerais em raz\u00e3o da cassa\u00e7\u00e3o do diploma do prefeito Jos\u00e9 Tarciso Raymundo por ilegalidade na campanha eleitoral. Entretanto, na \u00faltima ter\u00e7a-feira (28), o Tribunal Superior Eleitora (TSE) determinou, em decis\u00e3o liminar do ministro Jorge Mussi, o retorno do prefeito e a suspens\u00e3o das elei\u00e7\u00f5es at\u00e9 que o TRE julgue e publique o recurso de embargos de declara\u00e7\u00e3o apresentado pelo cassado.<\/p>\n<p><strong>VER PRIMEIRO<\/strong><\/p>\n<p>Receba as not\u00edcias do Aconteceu no Vale em primeira m\u00e3o. Clique em curtir no endere\u00e7o <a href=\"https:\/\/www.facebook.com\/aconteceunovale\" target=\"_blank\"><font color=\"red\">www.facebook.com\/aconteceunovale<\/font><\/a> ou no box abaixo:<\/p>\n<div class=\"fb-like\" data-href=\"https:\/\/www.facebook.com\/aconteceunovale\" data-width=\"120\" data-layout=\"standard\" data-action=\"like\" data-size=\"small\" data-show-faces=\"true\" data-share=\"true\"><\/div>\n<p><\/br><\/p>\n<p><em>(Fonte: Ag\u00eancia Brasil)<\/em><\/p>\n","protected":false},"excerpt":{"rendered":"<p>Os eleitores das cidades mineiras de Concei\u00e7\u00e3o do Rio Verde e Ant\u00f4nio Dias e de Itacaj\u00e1, no Tocantins, voltam \u00e0s urnas hoje (3) para eleger prefeitos e vice-prefeitos em novas elei\u00e7\u00f5es. Nesses munic\u00edpios, as elei\u00e7\u00f5es de 2016 para os cargos foram anuladas pela Justi\u00e7a Eleitoral porque o candidato que recebeu a maioria dos votos v\u00e1lidos [&hellip;]<\/p>\n","protected":false},"author":1,"featured_media":95688,"comment_status":"open","ping_status":"closed","sticky":false,"template":"","format":"standard","meta":{"amp_status":"","footnotes":""},"categories":[6,123,40240],"tags":[1740,1621,164785,164780,164782,164781,151927,718,164784,62506,164783,162825,162827,66412,267],"class_list":["post-124536","post","type-post","status-publish","format-standard","has-post-thumbnail","hentry","category-br","category-gerais","category-politica-2","tag-antonio-dias","tag-conceicao-do-rio-verde","tag-dois-municipios-de-minas-gerais-e-um-do-tocantins-realizam-eleicoes-para-prefeito-neste-domingo","tag-eleicao-em-conceicao-do-rio-verde","tag-eleicao-para-prefeito-em-antonio-dias","tag-eleicao-para-prefeito-em-conceicao-do-rio-verde","tag-eleicao-suplementar","tag-eleicoes","tag-ibitiura","tag-ibitiura-de-minas","tag-itacaja","tag-nova-eleicao-em-antonio-dias","tag-nova-eleicao-em-conceicao-do-rio-verde","tag-prefeito","tag-tse"],"_links":{"self":[{"href":"https:\/\/aconteceunovale.com.br\/portal\/index.php?rest_route=\/wp\/v2\/posts\/124536","targetHints":{"allow":["GET"]}}],"collection":[{"href":"https:\/\/aconteceunovale.com.br\/portal\/index.php?rest_route=\/wp\/v2\/posts"}],"about":[{"href":"https:\/\/aconteceunovale.com.br\/portal\/index.php?rest_route=\/wp\/v2\/types\/post"}],"author":[{"embeddable":true,"href":"https:\/\/aconteceunovale.com.br\/portal\/index.php?rest_route=\/wp\/v2\/users\/1"}],"replies":[{"embeddable":true,"href":"https:\/\/aconteceunovale.com.br\/portal\/index.php?rest_route=%2Fwp%2Fv2%2Fcomments&post=124536"}],"version-history":[{"count":0,"href":"https:\/\/aconteceunovale.com.br\/portal\/index.php?rest_route=\/wp\/v2\/posts\/124536\/revisions"}],"wp:featuredmedia":[{"embeddable":true,"href":"https:\/\/aconteceunovale.com.br\/portal\/index.php?rest_route=\/wp\/v2\/media\/95688"}],"wp:attachment":[{"href":"https:\/\/aconteceunovale.com.br\/portal\/index.php?rest_route=%2Fwp%2Fv2%2Fmedia&parent=124536"}],"wp:term":[{"taxonomy":"category","embeddable":true,"href":"https:\/\/aconteceunovale.com.br\/portal\/index.php?rest_route=%2Fwp%2Fv2%2Fcategories&post=124536"},{"taxonomy":"post_tag","embeddable":true,"href":"https:\/\/aconteceunovale.com.br\/portal\/index.php?rest_route=%2Fwp%2Fv2%2Ftags&post=124536"}],"curies":[{"name":"wp","href":"https:\/\/api.w.org\/{rel}","templated":true}]}}