{"id":124533,"date":"2017-12-03T11:38:40","date_gmt":"2017-12-03T13:38:40","guid":{"rendered":"http:\/\/aconteceunovale.com.br\/portal\/?p=124533"},"modified":"2017-12-03T11:38:40","modified_gmt":"2017-12-03T13:38:40","slug":"petrobras-eleva-em-53-precos-do-glp-para-uso-industrial-e-comercial","status":"publish","type":"post","link":"https:\/\/aconteceunovale.com.br\/portal\/?p=124533","title":{"rendered":"Petrobras eleva em 5,3% pre\u00e7os do GLP para uso industrial e comercial"},"content":{"rendered":"<p>A Petrobras reajustou em 5,3%, na m\u00e9dia, pre\u00e7os de comercializa\u00e7\u00e3o \u00e0s distribuidoras do g\u00e1s liquefeito de petr\u00f3leo (GLP) destinado aos usos industrial e comercial. O aumento entrou em vigor neste s\u00e1bado (2).<\/p>\n<p>De acordo com a Petrobras, a altera\u00e7\u00e3o \u00e9 necess\u00e1ria por causa do aumento das cota\u00e7\u00f5es internacionais do produto, que acompanharam a alta do petr\u00f3leo do tipo Brent, comercializado na Bolsa de Londres e que tem refer\u00eancia \u00f3leo extra\u00eddo no Mar do Norte e no Oriente M\u00e9dio. Esse \u00e9 o valor de refer\u00eancia do petr\u00f3leo no mercado europeu.<\/p>\n<p>O reajuste, no entanto, n\u00e3o se aplica aos pre\u00e7os de GLP destinado ao uso residencial, comercializado pelas distribuidoras em botij\u00f5es de at\u00e9 13 quilos conhecido por P13 ou por g\u00e1s de cozinha.<\/p>\n<p>As mudan\u00e7as nos pre\u00e7os do GLP voltado aos segmentos industrial e comercial nas refinarias est\u00e3o sendo informadas tamb\u00e9m por meio da na\u00a0<span style=\"text-decoration: underline;\"><span style=\"color: #ff0000;\"><a href=\"http:\/\/www.petrobras.com.br\/precosdistribuidoras\"><span style=\"color: #ff0000; text-decoration: underline;\">p\u00e1gina da companhia<\/span><\/a><\/span><\/span>\u00a0na internet.<\/p>\n<p><strong>Sindig\u00e1s<\/strong><\/p>\n<p>O Sindicato Nacional das Empresas Distribuidoras de G\u00e1s Liquefeito de Petr\u00f3leo (Sindig\u00e1s) calculou, que acompanhando as informa\u00e7\u00f5es passadas pela Petrobras \u00e0s distribuidoras, o aumento de pre\u00e7o ser\u00e1 entre 5,1% a 5,5%, dependendo do polo de suprimento das refinarias.<\/p>\n<p>Para o Sindig\u00e1s, o sobrepre\u00e7o do GLP destinado a embalagens acima de 13 quilos, e a granel, adquiridas prioritariamente pelo segmento empresarial, \u201ctem impactado de forma crucial os neg\u00f3cios que operam com uso intensivo de GLP\u201d.<\/p>\n<p>O sindicato acrescentou, que considerando o reajuste, \u201co pre\u00e7o praticado pela Petrobras \u00e9 41,8% mais alto do que o praticado no mercado internacional\u201d. Segundo o Sindig\u00e1s, o percentual causa impactos nos consumidores. \u201cEsse \u00e1gio vem pressionando ainda mais os custos de neg\u00f3cios que t\u00eam o GLP entre seus principais insumos\u201d, diz a entidade.<\/p>\n<p><strong>VER PRIMEIRO<\/strong><\/p>\n<p>Receba as not\u00edcias do Aconteceu no Vale em primeira m\u00e3o. Clique em curtir no endere\u00e7o <a href=\"https:\/\/www.facebook.com\/aconteceunovale\" target=\"_blank\"><font color=\"red\">www.facebook.com\/aconteceunovale<\/font><\/a> ou no box abaixo:<\/p>\n<div class=\"fb-like\" data-href=\"https:\/\/www.facebook.com\/aconteceunovale\" data-width=\"120\" data-layout=\"standard\" data-action=\"like\" data-size=\"small\" data-show-faces=\"true\" data-share=\"true\"><\/div>\n<p><\/br><\/p>\n<p><em>(Fonte: Ag\u00eancia Brasil)<\/em><\/p>\n","protected":false},"excerpt":{"rendered":"<p>A Petrobras reajustou em 5,3%, na m\u00e9dia, pre\u00e7os de comercializa\u00e7\u00e3o \u00e0s distribuidoras do g\u00e1s liquefeito de petr\u00f3leo (GLP) destinado aos usos industrial e comercial. O aumento entrou em vigor neste s\u00e1bado (2). De acordo com a Petrobras, a altera\u00e7\u00e3o \u00e9 necess\u00e1ria por causa do aumento das cota\u00e7\u00f5es internacionais do produto, que acompanharam a alta do [&hellip;]<\/p>\n","protected":false},"author":1,"featured_media":124534,"comment_status":"open","ping_status":"closed","sticky":false,"template":"","format":"standard","meta":{"amp_status":"","footnotes":""},"categories":[6],"tags":[164779,164778,159615,155141,5499,164777,158810,57625],"class_list":["post-124533","post","type-post","status-publish","format-standard","has-post-thumbnail","hentry","category-br","tag-aumento-gas-comercial","tag-aumento-gas-industrial","tag-aumento-petrobras","tag-glp","tag-petrobras","tag-petrobras-eleva-em-5-3-precos-do-glp-para-uso-industrial-e-comercial","tag-reajuste-petrobras","tag-sindigas"],"_links":{"self":[{"href":"https:\/\/aconteceunovale.com.br\/portal\/index.php?rest_route=\/wp\/v2\/posts\/124533","targetHints":{"allow":["GET"]}}],"collection":[{"href":"https:\/\/aconteceunovale.com.br\/portal\/index.php?rest_route=\/wp\/v2\/posts"}],"about":[{"href":"https:\/\/aconteceunovale.com.br\/portal\/index.php?rest_route=\/wp\/v2\/types\/post"}],"author":[{"embeddable":true,"href":"https:\/\/aconteceunovale.com.br\/portal\/index.php?rest_route=\/wp\/v2\/users\/1"}],"replies":[{"embeddable":true,"href":"https:\/\/aconteceunovale.com.br\/portal\/index.php?rest_route=%2Fwp%2Fv2%2Fcomments&post=124533"}],"version-history":[{"count":0,"href":"https:\/\/aconteceunovale.com.br\/portal\/index.php?rest_route=\/wp\/v2\/posts\/124533\/revisions"}],"wp:featuredmedia":[{"embeddable":true,"href":"https:\/\/aconteceunovale.com.br\/portal\/index.php?rest_route=\/wp\/v2\/media\/124534"}],"wp:attachment":[{"href":"https:\/\/aconteceunovale.com.br\/portal\/index.php?rest_route=%2Fwp%2Fv2%2Fmedia&parent=124533"}],"wp:term":[{"taxonomy":"category","embeddable":true,"href":"https:\/\/aconteceunovale.com.br\/portal\/index.php?rest_route=%2Fwp%2Fv2%2Fcategories&post=124533"},{"taxonomy":"post_tag","embeddable":true,"href":"https:\/\/aconteceunovale.com.br\/portal\/index.php?rest_route=%2Fwp%2Fv2%2Ftags&post=124533"}],"curies":[{"name":"wp","href":"https:\/\/api.w.org\/{rel}","templated":true}]}}