{"id":124468,"date":"2017-11-30T23:26:18","date_gmt":"2017-12-01T01:26:18","guid":{"rendered":"http:\/\/aconteceunovale.com.br\/portal\/?p=124468"},"modified":"2017-11-30T23:26:18","modified_gmt":"2017-12-01T01:26:18","slug":"prefeito-de-guanhaes-e-acusado-de-praticar-improbidade-administrativa-por-utilizacao-de-veiculo-do-municipio-durante-carnaval","status":"publish","type":"post","link":"https:\/\/aconteceunovale.com.br\/portal\/?p=124468","title":{"rendered":"Prefeito de Guanh\u00e3es \u00e9 acusado de praticar improbidade administrativa por utiliza\u00e7\u00e3o de ve\u00edculo do munic\u00edpio durante carnaval"},"content":{"rendered":"<p>A utiliza\u00e7\u00e3o indevida de um ve\u00edculo do munic\u00edpio para locomo\u00e7\u00e3o a Belo Horizonte durante as festividades do carnaval de 2017 poder\u00e1 levar o prefeito de Guanh\u00e3es, na regi\u00e3o central do estado, a perder a fun\u00e7\u00e3o p\u00fablica e a ter os direitos pol\u00edticos suspensos por at\u00e9 10 anos. Os pedidos fazem parte de A\u00e7\u00e3o Civil P\u00fablica ajuizada pelo Minist\u00e9rio P\u00fablico de Minas Gerais (MPMG) nessa quarta-feira, 29 de novembro. <\/p>\n<p>As san\u00e7\u00f5es est\u00e3o previstas na Lei de Improbidade Administrativa (n.\u00ba8.429\/92), que prev\u00ea ainda a possibilidade de aplica\u00e7\u00e3o de multa civil, de proibi\u00e7\u00e3o de contratar com o Poder P\u00fablico e de obriga\u00e7\u00e3o de ressarcir ao er\u00e1rio o dano causado.<\/p>\n<p>Na a\u00e7\u00e3o, o MPMG aponta que o prefeito utilizou um carro da prefeitura para viajar, junto com sua esposa e uma filha do casal, \u00e0 capital mineira no carnaval deste ano, entre 27 de fevereiro e 2 de mar\u00e7o. Durantes as investiga\u00e7\u00f5es, o motorista que atendeu a fam\u00edlia confirmou o deslocamento. Uma outra testemunha confirmou ter visto o carro em um bairro da capital durante o per\u00edodo.<\/p>\n<p>Oficiado pela Promotoria de Justi\u00e7a de Guanh\u00e3es, o munic\u00edpio encaminhou c\u00f3pia dos pagamentos de di\u00e1rias emitidos em nome do prefeito nos meses de janeiro, fevereiro e mar\u00e7o de 2017 e relatou que n\u00e3o h\u00e1 controle de utiliza\u00e7\u00e3o do ve\u00edculo.<\/p>\n<p>Conforme o promotor de Justi\u00e7a de Guanh\u00e3es Guilherme Heringer, embora n\u00e3o conste o pagamento de di\u00e1rias, ficou comprovado que o prefeito utilizou carro oficial para viagem particular e, ainda por cima, com a companhia de seus familiares, os quais n\u00e3o possuem nenhum v\u00ednculo com a administra\u00e7\u00e3o municipal. O integrante do MPMG aponta que a situa\u00e7\u00e3o n\u00e3o \u00e9 fato isolado, uma vez que j\u00e1 h\u00e1 outra a\u00e7\u00e3o judicial em andamento na qual o prefeito consta como r\u00e9u por utiliza\u00e7\u00e3o do ve\u00edculo para fins particulares.<\/p>\n<p>\u201cAinda que o munic\u00edpio de Guanh\u00e3es n\u00e3o possua uma regulamenta\u00e7\u00e3o pr\u00f3pria para o uso do ve\u00edculo, cabe aos agentes p\u00fablicos adotar as restri\u00e7\u00f5es pr\u00f3prias e gerais no uso dos bens p\u00fablicos\u201d, afirma Heringer. Na a\u00e7\u00e3o, o promotor aponta o enriquecimento il\u00edcito do prefeito em detrimento do er\u00e1rio, tendo em vista que o ve\u00edculo p\u00fablico sofreu desgastes, al\u00e9m do consumo de combust\u00edvel.<\/p>\n<p>O MPMG requer a condena\u00e7\u00e3o do prefeito \u00e0s san\u00e7\u00f5es previstas no artigo 12, incisos I e III, da Lei 8.429\/92 (<a href=\"http:\/\/www.planalto.gov.br\/ccivil_03\/leis\/L8429.htm\" target=\"_blank\">http:\/\/www.planalto.gov.br\/ccivil_03\/leis\/L8429.htm<\/a>).<\/p>\n<p><strong>VER PRIMEIRO<\/strong><\/p>\n<p>Receba as not\u00edcias do Aconteceu no Vale em primeira m\u00e3o. Clique em curtir no endere\u00e7o <a href=\"https:\/\/www.facebook.com\/aconteceunovale\" target=\"_blank\"><font color=\"red\">www.facebook.com\/aconteceunovale<\/font><\/a> ou no box abaixo:<\/p>\n<div class=\"fb-like\" data-href=\"https:\/\/www.facebook.com\/aconteceunovale\" data-width=\"120\" data-layout=\"standard\" data-action=\"like\" data-size=\"small\" data-show-faces=\"true\" data-share=\"true\"><\/div>\n<p><\/br><\/p>\n<p><em>(Fonte: MPMG)<\/em><\/p>\n","protected":false},"excerpt":{"rendered":"<p>A utiliza\u00e7\u00e3o indevida de um ve\u00edculo do munic\u00edpio para locomo\u00e7\u00e3o a Belo Horizonte durante as festividades do carnaval de 2017 poder\u00e1 levar o prefeito de Guanh\u00e3es, na regi\u00e3o central do estado, a perder a fun\u00e7\u00e3o p\u00fablica e a ter os direitos pol\u00edticos suspensos por at\u00e9 10 anos. Os pedidos fazem parte de A\u00e7\u00e3o Civil P\u00fablica [&hellip;]<\/p>\n","protected":false},"author":1,"featured_media":87301,"comment_status":"open","ping_status":"closed","sticky":false,"template":"","format":"standard","meta":{"amp_status":"","footnotes":""},"categories":[121,40240],"tags":[155,125139,19675,164709,125137,164708,164707],"class_list":["post-124468","post","type-post","status-publish","format-standard","has-post-thumbnail","hentry","category-leste","category-politica-2","tag-guanhaes","tag-investigacao-guanhaes","tag-mpmg","tag-prefeito-de-guanhaes-e-acusado-de-praticar-improbidade-administrativa-por-utilizacao-de-veiculo-do-municipio-durante-carnaval","tag-processo-guanhaes","tag-uso-veiculo-oficial-da-prefeitura-de-guanhaes-durante-o-carnaval","tag-uso-veiculo-oficial-durante-o-carnaval-guanhaes"],"_links":{"self":[{"href":"https:\/\/aconteceunovale.com.br\/portal\/index.php?rest_route=\/wp\/v2\/posts\/124468","targetHints":{"allow":["GET"]}}],"collection":[{"href":"https:\/\/aconteceunovale.com.br\/portal\/index.php?rest_route=\/wp\/v2\/posts"}],"about":[{"href":"https:\/\/aconteceunovale.com.br\/portal\/index.php?rest_route=\/wp\/v2\/types\/post"}],"author":[{"embeddable":true,"href":"https:\/\/aconteceunovale.com.br\/portal\/index.php?rest_route=\/wp\/v2\/users\/1"}],"replies":[{"embeddable":true,"href":"https:\/\/aconteceunovale.com.br\/portal\/index.php?rest_route=%2Fwp%2Fv2%2Fcomments&post=124468"}],"version-history":[{"count":0,"href":"https:\/\/aconteceunovale.com.br\/portal\/index.php?rest_route=\/wp\/v2\/posts\/124468\/revisions"}],"wp:featuredmedia":[{"embeddable":true,"href":"https:\/\/aconteceunovale.com.br\/portal\/index.php?rest_route=\/wp\/v2\/media\/87301"}],"wp:attachment":[{"href":"https:\/\/aconteceunovale.com.br\/portal\/index.php?rest_route=%2Fwp%2Fv2%2Fmedia&parent=124468"}],"wp:term":[{"taxonomy":"category","embeddable":true,"href":"https:\/\/aconteceunovale.com.br\/portal\/index.php?rest_route=%2Fwp%2Fv2%2Fcategories&post=124468"},{"taxonomy":"post_tag","embeddable":true,"href":"https:\/\/aconteceunovale.com.br\/portal\/index.php?rest_route=%2Fwp%2Fv2%2Ftags&post=124468"}],"curies":[{"name":"wp","href":"https:\/\/api.w.org\/{rel}","templated":true}]}}