{"id":124449,"date":"2017-11-30T17:31:32","date_gmt":"2017-11-30T19:31:32","guid":{"rendered":"http:\/\/aconteceunovale.com.br\/portal\/?p=124449"},"modified":"2017-11-30T17:31:32","modified_gmt":"2017-11-30T19:31:32","slug":"governo-de-minas-anuncia-voos-regionais-em-caratinga-e-determina-acoes-para-o-vale-do-aco","status":"publish","type":"post","link":"https:\/\/aconteceunovale.com.br\/portal\/?p=124449","title":{"rendered":"Governo de Minas anuncia voos regionais em Caratinga e determina a\u00e7\u00f5es para o Vale do A\u00e7o"},"content":{"rendered":"<p>O governador\u00a0Fernando Pimentel\u00a0anunciou nesta quinta-feira (30\/11), durante a realiza\u00e7\u00e3o do\u00a0F\u00f3rum Regional de Governo \u2013 Por todo o Estado, com todos os mineiros, em Caratinga, no Territ\u00f3rio Vale do A\u00e7o, a\u00e7\u00f5es de seu governo na regi\u00e3o, entre elas a implanta\u00e7\u00e3o do programa Voe Minas, a doa\u00e7\u00e3o de bens e equipamentos agr\u00edcolas da extinta Ruralminas para a popula\u00e7\u00e3o rural da regi\u00e3o e a revitaliza\u00e7\u00e3o do mercado municipal de Caratinga, al\u00e9m do in\u00edcio da licita\u00e7\u00e3o para a obra no trecho da MG-760, entre Vargem Alegre e Rev\u00e9s de Bel\u00e9m, que j\u00e1 est\u00e1 com o projeto executivo de engenharia conclu\u00eddo.<\/p>\n<p>Ao lado do presidente da Assembleia Legislativa de Minas, Adalclever Lopes, o governador destacou a alegria em poder anunciar, mesmo em momento de dificuldade financeira, a\u00e7\u00f5es que ajudam a melhorar a vida da popula\u00e7\u00e3o.<\/p>\n<p>\u201cN\u00f3s estamos na vida p\u00fablica porque temos a esperan\u00e7a de que, com nosso trabalho, podemos melhorar a vida das pessoas que mais precisam. Esse empenho, \u00e0s vezes, esbarra em dificuldades e, muitas vezes, essas dificuldades se transformam em ang\u00fastias e frusta\u00e7\u00f5es. Mas \u00e9 preciso ter momentos como esse aqui hoje, de alegria, para incentivar a todos n\u00f3s a continuar trabalhando por aqueles que precisam\u201d, afirmou.<\/p>\n<p>\u201cFalar para voc\u00eas das obras, das entregas desse modelo de governo que o F\u00f3rum simboliza, \u00e9 desnecess\u00e1rio. Mas queria acrescentar aqui uma not\u00edcia que vai agradar a todos. Vamos abrir a licita\u00e7\u00e3o da estrada de Vargem Alegre a Rev\u00e9s de Bel\u00e9m, que \u00e9 uma reivindica\u00e7\u00e3o antiga da regi\u00e3o. \u00c9 essa forma de governar que temos praticado nesses tr\u00eas anos, superando a enorme dificuldade financeira e or\u00e7amentaria do Estado. Ontem, est\u00e1vamos l\u00e1 em Bras\u00edlia, eu e alguns secret\u00e1rios, batalhando no Congresso para aprovarem uma Legisla\u00e7\u00e3o que nos permita fazer uma opera\u00e7\u00e3o financeira que traga dinheiro para a gente acertar a folha do 13\u00b0 sal\u00e1rio. Minas Gerais vai atravessando esse mar tempestuoso e vai se saindo muito melhor que estados vizinhos\u201d, completou Fernando Pimentel.<\/p>\n<p><strong>An\u00fancios<\/strong><\/p>\n<p>O F\u00f3rum Regional em Caratinga, que reuniu representantes dos 34 munic\u00edpios que integram o Territ\u00f3rio, \u00e9 o 15\u00b0 dos 17 que est\u00e3o realizados em todo o Estado. Nesta quinta-feira, o governador assinou quatro despachos.<\/p>\n<p>Com o objetivo de fomentar o desenvolvimento dos neg\u00f3cios locais e do turismo e facilitar a integra\u00e7\u00e3o entre os munic\u00edpios e o deslocamento da popula\u00e7\u00e3o, ser\u00e1 implantado o projeto \u201cVoe Minas Gerais\u201d em Caratinga, com voos semanais do Aeroporto Regional \u00e0 capital.<\/p>\n<p>Ainda foi determinado por Fernando Pimentel que a Secretaria de Estado de Agricultura, Pecu\u00e1ria e Abastecimento (Seapa) adote provid\u00eancias para a doa\u00e7\u00e3o de bens e equipamentos agr\u00edcolas a munic\u00edpios da Regi\u00e3o do Vale do A\u00e7o, beneficiando produtores rurais e agricultores familiares &#8211; um investimento aproximado de R$ 850 mil.<\/p>\n<p>A Seapa tamb\u00e9m providenciar\u00e1 a doa\u00e7\u00e3o de oito m\u00e1quinas agr\u00edcolas da extinta Funda\u00e7\u00e3o Rural Mineira Coloniza\u00e7\u00e3o e Desenvolvimento Agr\u00e1rio ao Cons\u00f3rcio Intermunicipal Multifinalit\u00e1rio do Vale do A\u00e7o, beneficiando a popula\u00e7\u00e3o rural dos munic\u00edpios de Ant\u00f4nio Dias, Belo Oriente, Bra\u00fanas, Mesquita e Periquito.<\/p>\n<p>J\u00e1 dentro do esfor\u00e7o do governo estadual para reestruturar os mercados p\u00fablicos municipais e fortalecer a gastronomia mineira, o Mercado Municipal de Caratinga passar\u00e1 por revitaliza\u00e7\u00e3o. O local \u00e9 um dos principais pontos de comercializa\u00e7\u00e3o dos produtos t\u00edpicos da regi\u00e3o, reunindo cerca de 150 comerciantes.<\/p>\n<p>Ainda durante o F\u00f3rum Regional, foi oficialmente inaugurada a Escola Estadual Menino Jesus de Praga, local onde a cerim\u00f4nia foi realizada. Ao todo, foi investido R$ 1,39 milh\u00e3o pelo Governo do Estado para a reforma da escola.<\/p>\n<p>Tamb\u00e9m foi inaugurada a Esta\u00e7\u00e3o de Tratamento de Esgoto (ETE) de Caratinga, na qual foram investidos R$ 20 milh\u00f5es. O objetivo \u00e9 tamb\u00e9m melhorar o atendimento e servi\u00e7os da Copasa na cidade. Um selo em homenagem ao F\u00f3rum Regional de Governo, Territ\u00f3rio Vale do A\u00e7o, tamb\u00e9m foi lan\u00e7ado durante a cerim\u00f4nia.<\/p>\n<p>O primeiro compromisso p\u00fablico do governador na cidade, foi a inaugura\u00e7\u00e3o da nova sede do 62\u00b0 Batalh\u00e3o da Pol\u00edcia Militar de Caratinga.<\/p>\n<p><strong>Entregas<\/strong><\/p>\n<p>Entre as a\u00e7\u00f5es que melhoram a vida dos mineiros e das mineiras dos 34 munic\u00edpios do Territ\u00f3rio Vale do A\u00e7o, foram reformadas ou ampliadas 64 escolas da regi\u00e3o. Tamb\u00e9m foram entregues a munic\u00edpios do Territ\u00f3rio 51 \u00f4nibus para transporte escolar de estudantes das redes estadual e municipais de ensino.<\/p>\n<p>S\u00e3o 141 escolas com acesso \u00e0 internet e 64 que receberam kit inform\u00e1tica. Para a alimenta\u00e7\u00e3o escolar, foram cerca de R$ 7,98 milh\u00f5es e, para manuten\u00e7\u00e3o do transporte escolar, outros R$ 22,28 milh\u00f5es.<\/p>\n<p>Na assist\u00eancia \u00e0 sa\u00fade, visando o cofinanciamento para o SAMU de Ipatinga, foram repassados R$ 1,72 milh\u00e3o e duas ambul\u00e2ncias. Outras 38 ambul\u00e2ncias e 36 ve\u00edculos para uso geral tamb\u00e9m foram entregues \u00e0 popula\u00e7\u00e3o do Territ\u00f3rio Vale do A\u00e7o. Tamb\u00e9m foram doados 30 equipamentos para a estrutura\u00e7\u00e3o de uma nova UBS em Ipatinga e implantadas duas unidades do Farm\u00e1cia de Todos em Belo Oriente e Inhapim.<\/p>\n<p>Em mar\u00e7o de 2017, foram entregues t\u00edtulos de propriedade a 294 fam\u00edlias dos munic\u00edpios de Bom Jesus do Galho, Coronel Fabriciano, Marli\u00e9ria, Pingo D\u2019\u00c1gua e Santana do Para\u00edso. Essas fam\u00edlias perderam a titularidade de suas moradias depois de passarem por d\u00e9cadas de dificuldades financeiras que impossibilitaram o pagamento das presta\u00e7\u00f5es de seus im\u00f3veis, \u00e0 extinta Minascaixa.<\/p>\n<p>Para a melhoria dos servi\u00e7os de seguran\u00e7a p\u00fablica, foram 49 viaturas para a Pol\u00edcia Militar, oito para o Corpo de Bombeiros Militar e tr\u00eas para a Pol\u00edcia Civil. Em 2015, foi inaugurado o 6\u00ba Pelot\u00e3o do Corpo de Bombeiros Militar, em Caratinga.<\/p>\n<p>Na \u00e1rea de infraestrutura, foram feitas 2.120 liga\u00e7\u00f5es el\u00e9tricas rurais, al\u00e9m de investimentos de R$ 75,38 milh\u00f5es na melhoria e expans\u00e3o da rede de distribui\u00e7\u00e3o de eletricidade. Em junho \u00faltimo, foram iniciadas as obras do trecho rodovi\u00e1rio S\u00e3o Jos\u00e9 Goiabal-Cava Grande-Tim\u00f3teo. At\u00e9 outubro, foram executados 9,7% dos servi\u00e7os.<\/p>\n<p>Para o fomento \u00e0 comercializa\u00e7\u00e3o de produtos agr\u00edcolas foram destinados \u00e0 regi\u00e3o tr\u00eas caminh\u00f5es isot\u00e9rmicos para o transporte de produtos e sete kits feira. Buscando o incremento da atividade econ\u00f4mica no Territ\u00f3rio do Vale do A\u00e7o, o Banco de Desenvolvimento de Minas Gerais (BDMG) destinou cerca de R$ 61,5 milh\u00f5es para empresas de diversos portes, beneficiando a ind\u00fastria de transforma\u00e7\u00e3o e extrativa, com\u00e9rcio e servi\u00e7os, em 30 munic\u00edpios.<\/p>\n<p><span style=\"text-decoration: underline;\"><span style=\"color: #ff0000;\"><a href=\"http:\/\/agenciaminas.mg.gov.br\/ckeditor_assets\/attachments\/3862\/2017_11_30_entregas_vale_do_aco.pdf\" target=\"_blank\"><span style=\"color: #ff0000; text-decoration: underline;\">Clique aqui para ver o balan\u00e7o completo das entregas no Territ\u00f3rio Vale do A\u00e7o<\/span><\/a><\/span><\/span>.<\/p>\n<p><strong>Apoios<\/strong><\/p>\n<p>O presidente da Assembleia Legislativa de Minas Gerais, Adalclever Lopes, lembrou a\u00e7\u00f5es do governo Fernando Pimentel na regi\u00e3o, nas \u00e1reas de seguran\u00e7a, sa\u00fade, educa\u00e7\u00e3o e agricultura. \u201cO nosso sentimento \u00e9 de gratid\u00e3o e alegria. O governo pode contar conosco. A lista de conquistas \u00e9 grande com recursos para o hospital, a constru\u00e7\u00e3o do F\u00f3rum de Caratinga, as obras do 62\u00ba Batalh\u00e3o de Pol\u00edcia, reforma e constru\u00e7\u00e3o de escolas. Tivemos grande problema na regi\u00e3o com a febre amarela e, em uma semana, o governo vacinou 1,5 milh\u00e3o de pessoas\u201d, pontuou o deputado.<\/p>\n<p>Representando os membros da sociedade civil no Colegiado do Territ\u00f3rio do Vale do A\u00e7o, Jo\u00e3o Costa Aguiar Filho lembrou que a regi\u00e3o passa por uma retomada de investimentos do poder p\u00fablico com a gest\u00e3o de Fernando Pimentel.<\/p>\n<p>\u201cAt\u00e9 os anos 90, o poder p\u00fablico investiu no Vale do A\u00e7o. Depois tivemos algumas privatiza\u00e7\u00f5es. J\u00e1 ultimamente estamos recebendo investimentos na regi\u00e3o, como a MG-760, que o senhor governador anunciou\u201d, afirmou, convocando a comunidade para participar das discuss\u00f5es envolvendo a regi\u00e3o.<\/p>\n<p>Em nome dos gestores municipais, a prefeita de Santa B\u00e1rbara do Leste, Wilma Pereira Mafra Ribeiro, destacou o empenho da atual gest\u00e3o estadual em aproximar a popula\u00e7\u00e3o do Executivo. Emocionada, ela lembrou que o munic\u00edpio que administra ganhou recentemente a constru\u00e7\u00e3o da escola Monsenhor Rocha.<\/p>\n<p>\u201cOs alunos passaram a estudar na garagem de pr\u00e9dios em 2012. Se chegamos ao ponto que estamos hoje, com uma escola nova, agradecemos \u00e0 sensibilidade do governador, da secret\u00e1ria Maca\u00e9 Evaristo e o deputado Adalclever Lopes, por reconhecerem nossas necessidades. H\u00e1 algo que \u00e9 imprescind\u00edvel para um l\u00edder, para al\u00e9m da capacidade de gest\u00e3o e planejamento, que \u00e9 a sensibilidade. O senhor governador mostrou que \u00e9 sens\u00edvel \u00e0s nossas prioridades\u201d, disse a prefeita.<\/p>\n<p>O secret\u00e1rio de Estado Extraordin\u00e1rio de Desenvolvimento Integrado e F\u00f3runs Regionais, Wadson Ribeiro, lembrou que a transfer\u00eancia simb\u00f3lica do governo para a cidade tem como objetivo ouvir e debater as demandas da comunidade do entorno.<\/p>\n<p>Ele lembrou que, neste momento de dificuldades financeiras, o di\u00e1logo se faz ainda mais importante. \u201cTemos hoje uma das melhores seguran\u00e7as de todo o pa\u00eds. Tivemos v\u00e1rias entregas na regi\u00e3o e, talvez, sem esse espa\u00e7o de di\u00e1logo, essas conquistas n\u00e3o seriam poss\u00edveis. Mais que uma agenda de governo, esse \u00e9 um modo de governar mais pr\u00f3ximo das pessoas\u201d, afirmou.<\/p>\n<p><strong>Presen\u00e7as<\/strong><\/p>\n<p>Tamb\u00e9m participaram do evento os secret\u00e1rios de Estado de Governo, Odair Cunha, de Agricultura, Pedro Leit\u00e3o, de Planejamento e Gest\u00e3o, Helv\u00e9cio Magalh\u00e3es, de Educa\u00e7\u00e3o, Maca\u00e9 Evaristo, de Transporte e Obras P\u00fablicas, Murilo Valadares, de Direitos Humanos, Participa\u00e7\u00e3o Social e Cidadania, Nilm\u00e1rio Miranda, de Seguran\u00e7a P\u00fablica em exerc\u00edcio, Ailton Aparecido, os presidentes da Codemig, Marco Ant\u00f4nio Castello Branco, da Copasa, Sinara Meireles, e da Epamig, Rui Werneck, al\u00e9m do comandante Geral da Pol\u00edcia Militar, coronel Helbert Figueir\u00f3 de Lourdes, do chefe da Pol\u00edcia Civil, Jo\u00e3o Octac\u00edlio Silva Neto, o comandante do Corpo de Bombeiros Militar, coronel Cl\u00e1udio Roberto da Silva, e do chefe do Gabinete Militar do governador, coronel Fernando Arantes.<\/p>\n<p>Participaram ainda os deputados estaduais Jo\u00e3o Magalh\u00e3es, Andr\u00e9 Quint\u00e3o, Vanderlei Miranda, Celise Laviola, Ros\u00e2ngela Reis e Celinho do Sinttrocel, al\u00e9m do prefeito de Caratinga, Welington Moreira de Oliveira, prefeitos, vereadores e lideran\u00e7as dos demais munic\u00edpios da regi\u00e3o.<\/p>\n<p><strong>Programa\u00e7\u00e3o dos F\u00f3runs<\/strong><\/p>\n<p>Durante os eventos, foram montados estandes onde as institui\u00e7\u00f5es, funda\u00e7\u00f5es, empresas p\u00fablicas e secretarias disponibilizaram servi\u00e7os aos prefeitos, vereadores, produtores rurais e micro e pequenos empreendedores e para o cidad\u00e3o em geral.<\/p>\n<p>Na programa\u00e7\u00e3o, constaram ainda relatos das entregas j\u00e1 realizadas pelo Estado, a exposi\u00e7\u00e3o dos projetos e as pol\u00edticas p\u00fablicas em andamento, palestras e workshops para a comunidade em geral, agricultores, movimentos sociais e gestores p\u00fablicos, al\u00e9m de feira dos empreendedores da economia popular solid\u00e1ria e da agricultura familiar e de atividades culturais. Tamb\u00e9m foram ofertados alguns servi\u00e7os como emiss\u00e3o de carteira de identidade, regulariza\u00e7\u00e3o de d\u00e9bitos junto \u00e0 Cemig e Copasa.<\/p>\n<p>Nesta nova rodada, j\u00e1 foram realizados encontros em Ituiutaba (Tri\u00e2ngulo Norte), Montes Claros (Norte), Juiz de Fora (Mata), Manhua\u00e7u (Capara\u00f3), Jo\u00e3o Pinheiro (Noroeste), Abaet\u00e9 (Central), Almenara (Baixo e M\u00e9dio Jequitinhonha), Nanuque (Mucuri), Passos (Sudoeste), Betim (Metropolitano), Itamarandiba (Alto Jequitinhonha), Frutal (Tri\u00e2ngulo Sul), Varginha (Sul) e Aimor\u00e9s (Rio Doce).<\/p>\n<p>Os F\u00f3runs Regionais de Governo foram criados h\u00e1 quase dois anos por meio de decreto do governador Fernando Pimentel. A iniciativa, in\u00e9dita em Minas Gerais, \u00e9 um dos pilares da administra\u00e7\u00e3o estadual e tem o objetivo de incluir a popula\u00e7\u00e3o no processo de planejamento das a\u00e7\u00f5es governamentais, monitoramento e avalia\u00e7\u00e3o de pol\u00edticas p\u00fablicas de forma regionalizada.<\/p>\n<p>A divis\u00e3o territorial do Estado proporcionou, nesse per\u00edodo, a realiza\u00e7\u00e3o de mais de 1.400 reuni\u00f5es em mais de 600 munic\u00edpios, com a participa\u00e7\u00e3o de milhares de pessoas. Os primeiros encontros serviram para fazer um diagn\u00f3stico dos territ\u00f3rios a partir de levantamento dos problemas e necessidades apontados pela sociedade civil, prefeitos, vereadores e representantes de \u00f3rg\u00e3os do Governo Federal com atua\u00e7\u00e3o regional.<\/p>\n<p>As informa\u00e7\u00f5es coletadas junto \u00e0 popula\u00e7\u00e3o serviram para orientar a elabora\u00e7\u00e3o de documentos estrat\u00e9gicos do Estado: o Plano Plurianual de A\u00e7\u00e3o Governamental (PPAG), que re\u00fane os projetos e atividades que o executivo pretende implantar em quatro anos; o Plano Mineiro de Desenvolvimento Integrado (PMDI), que detalha o planejamento estadual at\u00e9 2027, e a Lei de Diretrizes Or\u00e7ament\u00e1rias (LDO).<\/p>\n<p><img decoding=\"async\" src=\"http:\/\/aconteceunovale.com.br\/portal\/wp-content\/uploads\/2017\/11\/territorio_va.jpg\" alt=\"\" \/><br \/>\n<\/br><\/p>\n<p><strong>VER PRIMEIRO<\/strong><\/p>\n<p>Receba as not\u00edcias do Aconteceu no Vale em primeira m\u00e3o. Clique em curtir no endere\u00e7o <a href=\"https:\/\/www.facebook.com\/aconteceunovale\" target=\"_blank\"><font color=\"red\">www.facebook.com\/aconteceunovale<\/font><\/a> ou no box abaixo:<\/p>\n<div class=\"fb-like\" data-href=\"https:\/\/www.facebook.com\/aconteceunovale\" data-width=\"120\" data-layout=\"standard\" data-action=\"like\" data-size=\"small\" data-show-faces=\"true\" data-share=\"true\"><\/div>\n<p><\/br><\/p>\n<p><em>(Fonte: Ag\u00eancia Minas)<\/em><\/p>\n","protected":false},"excerpt":{"rendered":"<p>O governador\u00a0Fernando Pimentel\u00a0anunciou nesta quinta-feira (30\/11), durante a realiza\u00e7\u00e3o do\u00a0F\u00f3rum Regional de Governo \u2013 Por todo o Estado, com todos os mineiros, em Caratinga, no Territ\u00f3rio Vale do A\u00e7o, a\u00e7\u00f5es de seu governo na regi\u00e3o, entre elas a implanta\u00e7\u00e3o do programa Voe Minas, a doa\u00e7\u00e3o de bens e equipamentos agr\u00edcolas da extinta Ruralminas para a [&hellip;]<\/p>\n","protected":false},"author":1,"featured_media":100328,"comment_status":"open","ping_status":"closed","sticky":false,"template":"","format":"standard","meta":{"amp_status":"","footnotes":""},"categories":[121,40240],"tags":[164675,164676,237,12826,164667,29798,164678,51235,164674,164677,164666,28579,164673,1106,151310,164668,124974,164671,164672,164669,164670],"class_list":["post-124449","post","type-post","status-publish","format-standard","has-post-thumbnail","hentry","category-leste","category-politica-2","tag-asfaltamento-da-mg-760","tag-asfaltamento-entre-vargem-alegre-e-reves-de-belem","tag-caratinga","tag-fernando-pimentel","tag-forum-regional-em-caratinga","tag-governador-fernando-pimentel","tag-governo-de-minas-anuncia-voos-regionais-em-caratinga-e-determina-acoes-para-o-vale-do-aco","tag-mg-760","tag-obra-da-mg-760","tag-obra-da-rodovia-entre-vargem-alegre-e-reves-de-belem","tag-pimentel-em-caratinga","tag-reves-de-belem","tag-revitalizacao-do-mercado-municipal-de-caratinga","tag-vargem-alegre","tag-voe-minas","tag-voe-minas-em-caratinga","tag-voe-minas-gerais","tag-voo-belo-horizonte-caratinga","tag-voo-caratinga-belo-horizonte","tag-voo-comercial-em-caratinga","tag-voo-para-belo-horizonte-de-caratinga"],"_links":{"self":[{"href":"https:\/\/aconteceunovale.com.br\/portal\/index.php?rest_route=\/wp\/v2\/posts\/124449","targetHints":{"allow":["GET"]}}],"collection":[{"href":"https:\/\/aconteceunovale.com.br\/portal\/index.php?rest_route=\/wp\/v2\/posts"}],"about":[{"href":"https:\/\/aconteceunovale.com.br\/portal\/index.php?rest_route=\/wp\/v2\/types\/post"}],"author":[{"embeddable":true,"href":"https:\/\/aconteceunovale.com.br\/portal\/index.php?rest_route=\/wp\/v2\/users\/1"}],"replies":[{"embeddable":true,"href":"https:\/\/aconteceunovale.com.br\/portal\/index.php?rest_route=%2Fwp%2Fv2%2Fcomments&post=124449"}],"version-history":[{"count":0,"href":"https:\/\/aconteceunovale.com.br\/portal\/index.php?rest_route=\/wp\/v2\/posts\/124449\/revisions"}],"wp:featuredmedia":[{"embeddable":true,"href":"https:\/\/aconteceunovale.com.br\/portal\/index.php?rest_route=\/wp\/v2\/media\/100328"}],"wp:attachment":[{"href":"https:\/\/aconteceunovale.com.br\/portal\/index.php?rest_route=%2Fwp%2Fv2%2Fmedia&parent=124449"}],"wp:term":[{"taxonomy":"category","embeddable":true,"href":"https:\/\/aconteceunovale.com.br\/portal\/index.php?rest_route=%2Fwp%2Fv2%2Fcategories&post=124449"},{"taxonomy":"post_tag","embeddable":true,"href":"https:\/\/aconteceunovale.com.br\/portal\/index.php?rest_route=%2Fwp%2Fv2%2Ftags&post=124449"}],"curies":[{"name":"wp","href":"https:\/\/api.w.org\/{rel}","templated":true}]}}