{"id":124433,"date":"2017-11-30T11:31:10","date_gmt":"2017-11-30T13:31:10","guid":{"rendered":"http:\/\/aconteceunovale.com.br\/portal\/?p=124433"},"modified":"2017-11-30T11:31:10","modified_gmt":"2017-11-30T13:31:10","slug":"projeto-garante-conservacao-e-recuperacao-da-mata-atlantica-em-minas-gerais","status":"publish","type":"post","link":"https:\/\/aconteceunovale.com.br\/portal\/?p=124433","title":{"rendered":"Projeto garante conserva\u00e7\u00e3o e recupera\u00e7\u00e3o da Mata Atl\u00e2ntica em Minas Gerais"},"content":{"rendered":"<p>As a\u00e7\u00f5es da Fase II do Projeto de Prote\u00e7\u00e3o da Mata Atl\u00e2ntica (Promata), desenvolvido pelo\u00a0Instituto Estadual de Florestas (IEF), s\u00e3o respons\u00e1veis por Minas Gerais ser o segundo estado com maior regenera\u00e7\u00e3o do bioma no pa\u00eds. O trabalho \u00e9 uma coopera\u00e7\u00e3o do Governo de Minas Gerais com a Alemanha e tem uma \u00e1rea de atua\u00e7\u00e3o de cerca de 223 mil km\u00b2.<\/p>\n<p>O Promata II tem apoio financeiro do banco KfW Entwicklungsbank, que destinou um valor de 8 milh\u00f5es de euros ao programa, iniciado em dezembro de 2011 com conclus\u00e3o prevista para dezembro de 2018.<\/p>\n<p>\u201cO principal objetivo do projeto \u00e9 contribuir para a prote\u00e7\u00e3o da biodiversidade e para a recupera\u00e7\u00e3o de \u00e1reas degradadas na Mata Atl\u00e2ntica de Minas Gerais\u201d, explica a coordenadora geral do Promata II e diretora de Conserva\u00e7\u00e3o e Recupera\u00e7\u00e3o de Ecossistemas do IEF, Fernanda Teixeira Silva.<\/p>\n<p>Para isso, o Promata tem investido em diversas a\u00e7\u00f5es em seis escrit\u00f3rios regionais e em 28 unidades de conserva\u00e7\u00e3o localizadas na \u00e1rea de abrang\u00eancia da Mata Atl\u00e2ntica.<\/p>\n<p>Alguns desses trabalhos s\u00e3o estudos para aumentar o conhecimento sobre o territ\u00f3rio e as condi\u00e7\u00f5es do bioma, como foram o caso da elabora\u00e7\u00e3o dos Planos de Manejo das \u00c1reas de Prote\u00e7\u00e3o Ambiental Alto Mucuri e \u00c1guas Vertentes.<\/p>\n<p>O projeto tamb\u00e9m apoiou a constru\u00e7\u00e3o do Plano Municipal de Mata Atl\u00e2ntica do munic\u00edpio de Te\u00f3filo Otoni, no Territ\u00f3rio Mucuri, al\u00e9m de capacitar outros munic\u00edpios da regi\u00e3o para que realizem a elabora\u00e7\u00e3o de seus estudos.<\/p>\n<p>Fernanda Teixeira destaca os esfor\u00e7os para capacitar os t\u00e9cnicos do IEF e da Secretaria de Estado de Meio Ambiente e Desenvolvimento Sustent\u00e1vel (Semad) quanto \u00e0s exig\u00eancias da Lei Federal n\u00ba 12.651, aprovado em 2012.<\/p>\n<p>\u201cA Lei estabeleceu o CAR (Cadastro Ambiental Rural) e o PRA (Programa de Regulariza\u00e7\u00e3o Ambiental), que ter\u00e3o de ser cumpridos por todos os propriet\u00e1rios e posseiros rurais, e o Governo deve dar as diretrizes para a consolida\u00e7\u00e3o desses instrumentos. Por isso, est\u00e3o previstas para o ano de 2018 algumas contrata\u00e7\u00f5es relacionadas ao tema\u201d, observa Fernanda.<\/p>\n<p>O consultor do Promata, Hans Christian Schmidt, diz que foram adquiridos 27 ve\u00edculos para o trabalho nos seis regionais do IEF onde o projeto atua e tamb\u00e9m para o Programa de Preven\u00e7\u00e3o e Combate a Inc\u00eandios Florestais do Governo de Minas Gerais.<\/p>\n<p>Outros equipamentos utilizados no cotidiano dos servidores tamb\u00e9m foram adquiridos como notebook, desktops, impressoras, tablets, c\u00e2mera digital, projetores multim\u00eddia e GPS port\u00e1teis.\u00a0 Est\u00e1 prevista para 2018 a aquisi\u00e7\u00e3o de cont\u00eaineres escrit\u00f3rios para unidades de conserva\u00e7\u00e3o.<\/p>\n<p>Schmidt afirma que as pol\u00edticas ambientais devem fundamentar-se em conhecimento t\u00e9cnico e cient\u00edfico e incorporar a participa\u00e7\u00e3o social para ganhar maior legitimidade. \u201cCom melhores resultados, consegue-se maior efici\u00eancia no uso de recursos e um n\u00edvel mais elevado de comprometimento por parte da popula\u00e7\u00e3o\u201d, ressalta.<\/p>\n<p><img decoding=\"async\" src=\"http:\/\/aconteceunovale.com.br\/portal\/wp-content\/uploads\/2017\/11\/floresta_mg.jpg\" alt=\"\" \/><em>Promata tem investido em diversas a\u00e7\u00f5es em Minas Gerais (Foto: Evandro Rodney\/Ag\u00eancia Minas)<\/em><br \/>\n<\/br><\/p>\n<p><strong>Recupera\u00e7\u00e3o florestal<\/strong><\/p>\n<p>Dados do Atlas dos Remanescentes Florestais da Mata Atl\u00e2ntica, organizado pela Funda\u00e7\u00e3o SOS Mata Atl\u00e2ntica, apontam que o desmatamento do bioma em Minas Gerais caiu 4% no estado no per\u00edodo 2015-2016 em rela\u00e7\u00e3o ao per\u00edodo 2014-2015.<\/p>\n<p>Comparado aos anos 2011 e 2012, a redu\u00e7\u00e3o ultrapassa os 30%. Apenas tr\u00eas estados brasileiros registraram queda neste per\u00edodo. O desmatamento da floresta nativa nos 17 estados com Mata Atl\u00e2ntica no pa\u00eds cresceu 57%.<\/p>\n<p>Ainda de acordo com a funda\u00e7\u00e3o, entre 1985 e 2015, Minas Gerais foi o segundo estado com maior regenera\u00e7\u00e3o do bioma no pa\u00eds, com quase 60 mil hectares de Mata Atl\u00e2ntica regenerados. O Vale do Mucuri \u00e9 a regi\u00e3o de Minas Gerais que teve mais \u00e1reas regeneradas.<\/p>\n<p>Opera\u00e7\u00f5es de fiscaliza\u00e7\u00e3o para coibir o desmatamento ilegal em Minas Gerais s\u00e3o realizadas durante todo o ano pela Semad. Somente no bioma Mata Atl\u00e2ntica foram 1.073 a\u00e7\u00f5es em 2016 e 2017 e um total de R$ 31,3 milh\u00f5es em multas aplicadas.<\/p>\n<p><strong>Fomento\u00a0<\/strong><\/p>\n<p>O programa de fomento florestal realizado pelo IEF tamb\u00e9m \u00e9 uma iniciativa que o Estado de Minas Gerais vem adotando para recuperar a cobertura vegetal de Mata Atl\u00e2ntica no Estado.<\/p>\n<p>De 2006 a 2016, as a\u00e7\u00f5es de fomento do IEF apoiaram a recupera\u00e7\u00e3o de 84,2 mil hectares, tendo sido produzidas cerca de 17,5 milh\u00f5es de mudas nativas e distribu\u00eddas aos produtores rurais. Atualmente, o IEF administra 62 viveiros, com capacidade anual de produ\u00e7\u00e3o de cerca de seis milh\u00f5es de mudas nativas.<\/p>\n<p>Outra medida para estimular a recupera\u00e7\u00e3o da \u00e1rea de Mata Atl\u00e2ntica em Minas \u00e9 a moderniza\u00e7\u00e3o dos viveiros de produ\u00e7\u00e3o de mudas do IEF. Fernanda Teixeira, diretora de Conserva\u00e7\u00e3o e Recupera\u00e7\u00e3o de Ecossistemas do IEF, informa que neste ano de 2017 o Promata II investiu cerca de R$ 800 mil em servi\u00e7os de confec\u00e7\u00e3o, instala\u00e7\u00e3o e montagem de canteiros suspensos para produ\u00e7\u00e3o de mudas nos viveiros do IEF de Ub\u00e1, na Zona da Mata, Lavras, no Sul, e Governador Valadares, no Vale do Rio Doce.<\/p>\n<p><strong>VER PRIMEIRO<\/strong><\/p>\n<p>Receba as not\u00edcias do Aconteceu no Vale em primeira m\u00e3o. Clique em curtir no endere\u00e7o <a href=\"https:\/\/www.facebook.com\/aconteceunovale\" target=\"_blank\"><font color=\"red\">www.facebook.com\/aconteceunovale<\/font><\/a> ou no box abaixo:<\/p>\n<div class=\"fb-like\" data-href=\"https:\/\/www.facebook.com\/aconteceunovale\" data-width=\"120\" data-layout=\"standard\" data-action=\"like\" data-size=\"small\" data-show-faces=\"true\" data-share=\"true\"><\/div>\n<p><\/br><\/p>\n<p><em>(Fonte: Ag\u00eancia Minas)<\/em><\/p>\n","protected":false},"excerpt":{"rendered":"<p>As a\u00e7\u00f5es da Fase II do Projeto de Prote\u00e7\u00e3o da Mata Atl\u00e2ntica (Promata), desenvolvido pelo\u00a0Instituto Estadual de Florestas (IEF), s\u00e3o respons\u00e1veis por Minas Gerais ser o segundo estado com maior regenera\u00e7\u00e3o do bioma no pa\u00eds. O trabalho \u00e9 uma coopera\u00e7\u00e3o do Governo de Minas Gerais com a Alemanha e tem uma \u00e1rea de atua\u00e7\u00e3o de [&hellip;]<\/p>\n","protected":false},"author":1,"featured_media":124434,"comment_status":"open","ping_status":"closed","sticky":false,"template":"","format":"standard","meta":{"amp_status":"","footnotes":""},"categories":[123,122],"tags":[164633,164637,748,38221,111257,164636,164634,164635,164631,54619,111259,164632,164],"class_list":["post-124433","post","type-post","status-publish","format-standard","has-post-thumbnail","hentry","category-gerais","category-mucuri","tag-conservacao-da-da-mata-atlantica-em-minas-gerais","tag-fernanda-teixeira-silva","tag-ief","tag-instituto-estadual-de-florestas","tag-kfw-entwicklungsbank","tag-mata-atlantica-de-minas-gerais","tag-mata-atlantica-em-minas-gerais","tag-projeto-de-protecao-da-mata-atlantica","tag-projeto-garante-conservacao-e-recuperacao-da-mata-atlantica-em-minas-gerais","tag-promata","tag-promata-ii","tag-recuperacao-da-mata-atlantica-em-minas-gerais","tag-teofilo-otoni"],"_links":{"self":[{"href":"https:\/\/aconteceunovale.com.br\/portal\/index.php?rest_route=\/wp\/v2\/posts\/124433","targetHints":{"allow":["GET"]}}],"collection":[{"href":"https:\/\/aconteceunovale.com.br\/portal\/index.php?rest_route=\/wp\/v2\/posts"}],"about":[{"href":"https:\/\/aconteceunovale.com.br\/portal\/index.php?rest_route=\/wp\/v2\/types\/post"}],"author":[{"embeddable":true,"href":"https:\/\/aconteceunovale.com.br\/portal\/index.php?rest_route=\/wp\/v2\/users\/1"}],"replies":[{"embeddable":true,"href":"https:\/\/aconteceunovale.com.br\/portal\/index.php?rest_route=%2Fwp%2Fv2%2Fcomments&post=124433"}],"version-history":[{"count":0,"href":"https:\/\/aconteceunovale.com.br\/portal\/index.php?rest_route=\/wp\/v2\/posts\/124433\/revisions"}],"wp:featuredmedia":[{"embeddable":true,"href":"https:\/\/aconteceunovale.com.br\/portal\/index.php?rest_route=\/wp\/v2\/media\/124434"}],"wp:attachment":[{"href":"https:\/\/aconteceunovale.com.br\/portal\/index.php?rest_route=%2Fwp%2Fv2%2Fmedia&parent=124433"}],"wp:term":[{"taxonomy":"category","embeddable":true,"href":"https:\/\/aconteceunovale.com.br\/portal\/index.php?rest_route=%2Fwp%2Fv2%2Fcategories&post=124433"},{"taxonomy":"post_tag","embeddable":true,"href":"https:\/\/aconteceunovale.com.br\/portal\/index.php?rest_route=%2Fwp%2Fv2%2Ftags&post=124433"}],"curies":[{"name":"wp","href":"https:\/\/api.w.org\/{rel}","templated":true}]}}