{"id":124430,"date":"2017-11-30T11:18:19","date_gmt":"2017-11-30T13:18:19","guid":{"rendered":"http:\/\/aconteceunovale.com.br\/portal\/?p=124430"},"modified":"2017-11-30T11:18:19","modified_gmt":"2017-11-30T13:18:19","slug":"estado-lanca-politica-publica-inedita-para-incentivar-o-artesanato-em-minas-gerais","status":"publish","type":"post","link":"https:\/\/aconteceunovale.com.br\/portal\/?p=124430","title":{"rendered":"Estado lan\u00e7a pol\u00edtica p\u00fablica in\u00e9dita para incentivar o artesanato em Minas Gerais"},"content":{"rendered":"<p>Muitas novidades aguardam os visitantes da 28\u00aa Feira Nacional de Artesanato (FNA), que vai ser realizada em da Belo Horizonte entre 5 e 10 de dezembro, no Expominas. A come\u00e7ar pelo lan\u00e7amento da primeira pol\u00edtica p\u00fablica de artesanato da hist\u00f3ria de Minas Gerais: o Mais Artesanato. A iniciativa in\u00e9dita vem para abra\u00e7ar de vez umas das mais ricas tradi\u00e7\u00f5es do estado, encontrada em todas as partes do territ\u00f3rio mineiro.<\/p>\n<p>\u201cO Mais Artesanato instituir\u00e1 as diretrizes para o artesanato de Minas Gerais. Ser\u00e1 a primeira vez no estado em que se pensar\u00e1 o artesanato como pol\u00edtica p\u00fablica para o artes\u00e3o\u201d, destaca o secret\u00e1rio de Estado de Desenvolvimento Integrado e F\u00f3runs Regionais (Seedif), Wadson Ribeiro.<\/p>\n<p>O secret\u00e1rio ainda ressalta que, al\u00e9m do lan\u00e7amento da pol\u00edtica p\u00fablica, a feira contar\u00e1 com outra novidade especial: o cadastramento de artes\u00e3os mineiros para obten\u00e7\u00e3o da Carteira Nacional do Artes\u00e3o. O cadastramento \u00e9 o d\u00e9cimo quinto executado pela Seedif em Minas Gerais e pela primeira vez vai ser realizado durante a feira nacional (em todos os dias), mediante pr\u00e9-agendamento.<\/p>\n<p>A expectativa \u00e9 de contemplar aproximadamente 50 entidades de artes\u00e3os, como associa\u00e7\u00f5es, cooperativas, n\u00facleos familiares, e mais de 80 artes\u00e3os individuais.<\/p>\n<p><img decoding=\"async\" src=\"http:\/\/aconteceunovale.com.br\/portal\/wp-content\/uploads\/2017\/11\/artesanato_mg.jpg\" alt=\"\" \/><em>Artes\u00e3os provenientes de v\u00e1rias partes do estado v\u00e3o participar da feira (Leonardo Horta\/Seedif)<\/em><br \/>\n<\/br><\/p>\n<p><strong>Ampla participa\u00e7\u00e3o<\/strong><\/p>\n<p>A feira vai ocupar todo o pavilh\u00e3o do Expominas com 1.200 estandes e ter\u00e1 a participa\u00e7\u00e3o de 7 mil artes\u00e3os de todo o Brasil. Deste total, mais de mil s\u00e3o provenientes dos diversos territ\u00f3rios de desenvolvimento de Minas Gerais e ter\u00e3o a oportunidade de promover e comercializar seu artesanato por a\u00e7\u00e3o conjunta entre a Seedif e o Servi\u00e7o Brasileiro de Apoio \u00e0s Micro e Pequenas Empresas de Minas Gerais (Sebrae-MG).<\/p>\n<p>Eles ter\u00e3o a oportunidade de exibir e comercializar aproximadamente 15 mil pe\u00e7as e alcan\u00e7ar um faturamento estimado de R$ 700 mil.<\/p>\n<p>O espa\u00e7o destinado aos artes\u00e3os de Minas Gerais ser\u00e1 de 850 metros quadrados e abarcar\u00e1 os estandes da Seedif, Sebrae-MG e do Programa do Artesanato Brasileiro (PAB) do Minist\u00e9rio de Desenvolvimento, Ind\u00fastria e Com\u00e9rcio Exterior.<\/p>\n<p>Destaca-se, ainda, a presen\u00e7a de artes\u00e3os do exterior. Tr\u00eas pa\u00edses j\u00e1 confirmaram presen\u00e7as: Turquia, Senegal e \u00c1frica do Sul.<\/p>\n<p><strong>A favor da sustentabilidade<\/strong><\/p>\n<p>O tema da Feira Nacional do Artesanato deste ano \u00e9 \u201cRes\u00edduos \u2013 reutilizar, reduzir, reciclar\u201d. Alinhada com o tema, a FNA deixar\u00e1 de produzir cerca de uma tonelada de lixo de papel, o que vinha acontecendo nos anos anteriores.<\/p>\n<p>Produtos feitos a partir das t\u00e9cnicas de reutiliza\u00e7\u00e3o e de reciclagem, tema principal da feira, al\u00e9m de artesanato das tipologias tradicionais do estado, como cer\u00e2mica, madeira, fibras, ferro, fios e tecidos, compor\u00e3o os espa\u00e7os da FNA.<\/p>\n<p><strong>Artesanato inclusivo<\/strong><\/p>\n<p>Outra novidade da feira deste ano \u00e9 a participa\u00e7\u00e3o de detentas do Complexo Penitenci\u00e1rio Feminino Estev\u00e3o Pinto, de Belo Horizonte, vinculado \u00e0\u00a0<a href=\"http:\/\/www.seap.mg.gov.br\/\" target=\"_blank\">Secretaria de Estado de Administra\u00e7\u00e3o Prisional (Seap)<\/a>, dentro do Projeto Linhas da Liberdade. Elas v\u00e3o confeccionar um mega painel decorativo e poder\u00e3o enviar produtos em croch\u00ea para serem vendidos.<\/p>\n<p>&#8220;A participa\u00e7\u00e3o das detentas acontece dentro do tema Reciclar, j\u00e1 que a palavra reciclar teria duplo sentido, tanto no reaproveitamento de tecidos, quanto no resgate da autoestima e prepara\u00e7\u00e3o das mulheres para atuar no mercado t\u00e3o logo cumpram suas penas&#8221;, enfatiza a presidente do Centro Cape \u2013 organiza\u00e7\u00e3o n\u00e3o governamental realizadora do evento, T\u00e2nia Machado.<\/p>\n<p>A feira \u00e9 uma realiza\u00e7\u00e3o do Centro Cape, em parceria o Sistema Sesi-Fiemg e Sesc, e conta com o apoio do\u00a0<a href=\"http:\/\/www.mg.gov.br\/\" target=\"_blank\">Governo de Minas Gerais<\/a>. Mais informa\u00e7\u00f5es est\u00e3o dispon\u00edveis em\u00a0<a id=\"LPlnk601251\" href=\"http:\/\/www.feiranacionaldeartesanato.com.br\/\" target=\"_blank\">www.feiranacionaldeartesanato.com.br<\/a>.<\/p>\n<p><strong>Ingressos gratuitos<\/strong><\/p>\n<p>Pela primeira vez, ingressos para servidores p\u00fablicos ser\u00e3o disponibilizados, de forma gratuita, at\u00e9 o dia 4 de dezembro. Eles poder\u00e3o retirar quatro convites por servidor.\u00a0<a href=\"https:\/\/www.sympla.com.br\/28-feira-nacional-de-artesanato__186479?token=97394842b191aea926068465d69d60a1\" target=\"_blank\">Clique aqui<\/a>\u00a0para retirar seu ingresso.<\/p>\n<p>&nbsp;<\/p>\n<p><strong>Servi\u00e7o<\/strong><\/p>\n<p><strong>28\u00aa Feira Nacional de Artesanato<\/strong><\/p>\n<p><strong>Data:<\/strong>\u00a05 a 10 de dezembro de 2017<\/p>\n<p><strong>Local<\/strong>: Expominas, Belo Horizonte (Avenida Amazonas, 6.030 \u2013 Gameleira)<\/p>\n<p><strong>Hor\u00e1rios:<\/strong><\/p>\n<p>Dia 5 de dezembro (exclusivo para lojistas) &#8211; 12h \u00e0s 20h<\/p>\n<p>Dia 6 e 7 de dezembro &#8211; 14h \u00e0s 22h<\/p>\n<p>Dia 8, 9 e 10 de dezembro &#8211; 10h \u00e0s 22h<\/p>\n<p>Ingressos: R$ 10 (6\/12 e 7\/12) e R$ 15 (8\/12, 9\/12 e 10\/12)<\/p>\n<p>Crian\u00e7as de at\u00e9 12 anos e pessoas acima de 60 anos t\u00eam entrada franca<\/p>\n<p>&nbsp;<\/p>\n<p><strong>15\u00b0 Mutir\u00e3o de Cadastramento do Artes\u00e3o<\/strong><\/p>\n<p><strong>Data:<\/strong>\u00a05 a 10 de dezembro<\/p>\n<p><strong>Local:<\/strong>\u00a0Expominas, Belo Horizonte (Avenida Amazonas, 6.030 \u2013 Gameleira) &#8211; Estande 58, entre as ruas C e D<\/p>\n<p><strong>Pr\u00e9-agendamento:<\/strong>\u00a0(31) 3915-3098 \/ 3915-2934<\/p>\n<p><strong>VER PRIMEIRO<\/strong><\/p>\n<p>Receba as not\u00edcias do Aconteceu no Vale em primeira m\u00e3o. Clique em curtir no endere\u00e7o <a href=\"https:\/\/www.facebook.com\/aconteceunovale\" target=\"_blank\"><font color=\"red\">www.facebook.com\/aconteceunovale<\/font><\/a> ou no box abaixo:<\/p>\n<div class=\"fb-like\" data-href=\"https:\/\/www.facebook.com\/aconteceunovale\" data-width=\"120\" data-layout=\"standard\" data-action=\"like\" data-size=\"small\" data-show-faces=\"true\" data-share=\"true\"><\/div>\n<p><\/br><\/p>\n<p><em>(Fonte: Ag\u00eancia Minas)<\/em><\/p>\n","protected":false},"excerpt":{"rendered":"<p>Muitas novidades aguardam os visitantes da 28\u00aa Feira Nacional de Artesanato (FNA), que vai ser realizada em da Belo Horizonte entre 5 e 10 de dezembro, no Expominas. A come\u00e7ar pelo lan\u00e7amento da primeira pol\u00edtica p\u00fablica de artesanato da hist\u00f3ria de Minas Gerais: o Mais Artesanato. A iniciativa in\u00e9dita vem para abra\u00e7ar de vez umas [&hellip;]<\/p>\n","protected":false},"author":1,"featured_media":124431,"comment_status":"open","ping_status":"closed","sticky":false,"template":"","format":"standard","meta":{"amp_status":"","footnotes":""},"categories":[123],"tags":[164623,164628,194,164627,1224,128933,164624,164630,164629,164625,164626,142445,40064],"class_list":["post-124430","post","type-post","status-publish","format-standard","has-post-thumbnail","hentry","category-gerais","tag-28a-feira-nacional-de-artesanato","tag-artesanato-em-minas-gerais","tag-belo-horizonte","tag-estado-lanca-politica-publica-inedita-para-incentivar-o-artesanato-em-minas-gerais","tag-expominas","tag-feira-nacional-de-artesanato","tag-fna","tag-incentivacao-artesanato-em-minas-gerais","tag-incentivo-artesanato-em-minas-gerais","tag-mais-artesanato","tag-projeto-mais-artesanato","tag-seedif","tag-wadson-ribeiro"],"_links":{"self":[{"href":"https:\/\/aconteceunovale.com.br\/portal\/index.php?rest_route=\/wp\/v2\/posts\/124430","targetHints":{"allow":["GET"]}}],"collection":[{"href":"https:\/\/aconteceunovale.com.br\/portal\/index.php?rest_route=\/wp\/v2\/posts"}],"about":[{"href":"https:\/\/aconteceunovale.com.br\/portal\/index.php?rest_route=\/wp\/v2\/types\/post"}],"author":[{"embeddable":true,"href":"https:\/\/aconteceunovale.com.br\/portal\/index.php?rest_route=\/wp\/v2\/users\/1"}],"replies":[{"embeddable":true,"href":"https:\/\/aconteceunovale.com.br\/portal\/index.php?rest_route=%2Fwp%2Fv2%2Fcomments&post=124430"}],"version-history":[{"count":0,"href":"https:\/\/aconteceunovale.com.br\/portal\/index.php?rest_route=\/wp\/v2\/posts\/124430\/revisions"}],"wp:featuredmedia":[{"embeddable":true,"href":"https:\/\/aconteceunovale.com.br\/portal\/index.php?rest_route=\/wp\/v2\/media\/124431"}],"wp:attachment":[{"href":"https:\/\/aconteceunovale.com.br\/portal\/index.php?rest_route=%2Fwp%2Fv2%2Fmedia&parent=124430"}],"wp:term":[{"taxonomy":"category","embeddable":true,"href":"https:\/\/aconteceunovale.com.br\/portal\/index.php?rest_route=%2Fwp%2Fv2%2Fcategories&post=124430"},{"taxonomy":"post_tag","embeddable":true,"href":"https:\/\/aconteceunovale.com.br\/portal\/index.php?rest_route=%2Fwp%2Fv2%2Ftags&post=124430"}],"curies":[{"name":"wp","href":"https:\/\/api.w.org\/{rel}","templated":true}]}}