{"id":124425,"date":"2017-11-29T22:08:00","date_gmt":"2017-11-30T00:08:00","guid":{"rendered":"http:\/\/aconteceunovale.com.br\/portal\/?p=124425"},"modified":"2017-11-29T22:08:00","modified_gmt":"2017-11-30T00:08:00","slug":"casamento-comunitario-abre-semana-da-conciliacao-em-governador-valadares","status":"publish","type":"post","link":"https:\/\/aconteceunovale.com.br\/portal\/?p=124425","title":{"rendered":"Casamento comunit\u00e1rio abre Semana da Concilia\u00e7\u00e3o em Governador Valadares"},"content":{"rendered":"<p>O melhor presente que poderiam ter recebido neste Natal. Foi assim que muitos casais manifestaram ao juiz Roberto Apolin\u00e1rio de Castro, da 2\u00aa Vara C\u00edvel da Comarca de Governador Valadares, o entusiasmo ap\u00f3s a realiza\u00e7\u00e3o de um tr\u00e2mite judicial simples, mas de grande impacto na vida deles: a convers\u00e3o da uni\u00e3o est\u00e1vel em casamento civil. Dando in\u00edcio \u00e0s a\u00e7\u00f5es da Semana Nacional da Concilia\u00e7\u00e3o na comarca, no \u00faltimo s\u00e1bado, 25 de novembro, o magistrado realizou 127 audi\u00eancias com esse prop\u00f3sito.<\/p>\n<p>De acordo com o juiz, que coordena o Centro Judici\u00e1rio de Solu\u00e7\u00f5es de Conflitos e Cidadania (Cejusc) local, a iniciativa contou com a parceria da C\u00e2mara Municipal do Governador Valadares, pelo quarto ano consecutivo. &#8220;Somente em parceria com o Legislativo, realizamos mais de 300 convers\u00f5es. Isso gerou economia total,para as fam\u00edlias,de mais de R$ 200 mil&#8221;, conta o magistrado. Mas, lembra o juiz, para os casais, o maior impacto da medida n\u00e3o \u00e9 de ordem econ\u00f4mica. &#8220;O mais importante para eles foi resolver a situa\u00e7\u00e3o com a igreja. Os casamentos religiosos s\u00f3 acontecem ap\u00f3s a uni\u00e3o civil&#8221;, observa.<\/p>\n<p>Por isso, no &#8220;grande dia&#8221;, mesmo depois de anos de relacionamento, e em se tratando de um ato civil, os casais se vestem com toda a pompa: vestidos brancos e rendados, ternos e gravatas, alguns levam filhos no colo ou t\u00eam os netos ao seu redor. O ato \u00e9 solene e, n\u00e3o raro, revestido de emo\u00e7\u00e3o. &#8220;S\u00e3o momentos sempre muito gratificantes. Neste s\u00e1bado, havia v\u00e1rias senhoras gr\u00e1vidas e casais que j\u00e1 vivem em uni\u00e3o est\u00e1vel h\u00e1 mais de 35 anos&#8221;, conta o juiz. Para muitos, \u00e9 a realiza\u00e7\u00e3o de um sonho, que, por alguma raz\u00e3o, n\u00e3o havia sido poss\u00edvel at\u00e9 ent\u00e3o.<\/p>\n<p>A homologa\u00e7\u00e3o da convers\u00e3o em casamento civil retroage ao in\u00edcio da uni\u00e3o est\u00e1vel. De acordo com o juiz Roberto Apolin\u00e1rio, pelo menos uma vez por m\u00eas o Cejusc da comarca realiza casamentos comunit\u00e1rios, que acontecem na sede da comarca ou em munic\u00edpios mais distantes, por meio do Cejusc Itinerante, que leva as atividades jur\u00eddicas a localidades com baixo \u00edndice de desenvolvimento humano (IDH).<\/p>\n<p><img decoding=\"async\" src=\"http:\/\/aconteceunovale.com.br\/portal\/wp-content\/uploads\/2017\/11\/casamento_comunitario_gv_1.jpg\" alt=\"\" \/><em>As audi\u00eancias aconteceram na C\u00e2mara de Governador Valadares (Foto: Divulga\u00e7\u00e3o\/TJMG)<\/em><br \/>\n<\/br><\/p>\n<p><img decoding=\"async\" src=\"http:\/\/aconteceunovale.com.br\/portal\/wp-content\/uploads\/2017\/11\/casamento_comunitario_gv_2.jpg\" alt=\"\" \/><em>A iniciativa proporciona economia de custos para as fam\u00edlias e permite o casamento religioso, desejo de muitos casais em Governador Valadares (Foto: Divulga\u00e7\u00e3o\/TJMG)<\/em><br \/>\n<\/br><\/p>\n<p><img decoding=\"async\" src=\"http:\/\/aconteceunovale.com.br\/portal\/wp-content\/uploads\/2017\/11\/casamento_comunitario_gv_3.jpg\" alt=\"\" \/><em>Muitos casais estavam acompanhados de seus filhos pequenos (Foto: Divulga\u00e7\u00e3o\/TJMG)<\/em><br \/>\n<\/br><\/p>\n<p><strong>VER PRIMEIRO<\/strong><\/p>\n<p>Receba as not\u00edcias do Aconteceu no Vale em primeira m\u00e3o. Clique em curtir no endere\u00e7o <a href=\"https:\/\/www.facebook.com\/aconteceunovale\" target=\"_blank\"><font color=\"red\">www.facebook.com\/aconteceunovale<\/font><\/a> ou no box abaixo:<\/p>\n<div class=\"fb-like\" data-href=\"https:\/\/www.facebook.com\/aconteceunovale\" data-width=\"120\" data-layout=\"standard\" data-action=\"like\" data-size=\"small\" data-show-faces=\"true\" data-share=\"true\"><\/div>\n<p><\/br><\/p>\n<p><em>(Fonte: TJMG)<\/em><\/p>\n","protected":false},"excerpt":{"rendered":"<p>O melhor presente que poderiam ter recebido neste Natal. Foi assim que muitos casais manifestaram ao juiz Roberto Apolin\u00e1rio de Castro, da 2\u00aa Vara C\u00edvel da Comarca de Governador Valadares, o entusiasmo ap\u00f3s a realiza\u00e7\u00e3o de um tr\u00e2mite judicial simples, mas de grande impacto na vida deles: a convers\u00e3o da uni\u00e3o est\u00e1vel em casamento civil. [&hellip;]<\/p>\n","protected":false},"author":1,"featured_media":124426,"comment_status":"open","ping_status":"closed","sticky":false,"template":"","format":"standard","meta":{"amp_status":"","footnotes":""},"categories":[121],"tags":[164622,164620,156443,138907,247,164619,37665,26571,164621],"class_list":["post-124425","post","type-post","status-publish","format-standard","has-post-thumbnail","hentry","category-leste","tag-casamento-comunitario-abre-semana-da-conciliacao-em-governador-valadares","tag-casamento-comunitario-em-governador-valadares","tag-casamento-em-governador-valadares","tag-comarca-de-governador-valadares","tag-governador-valadares","tag-juiz-roberto-apolinario-de-castro","tag-roberto-apolinario-de-castro","tag-semana-nacional-da-conciliacao","tag-semana-nacional-da-conciliacao-em-governador-valadares"],"_links":{"self":[{"href":"https:\/\/aconteceunovale.com.br\/portal\/index.php?rest_route=\/wp\/v2\/posts\/124425","targetHints":{"allow":["GET"]}}],"collection":[{"href":"https:\/\/aconteceunovale.com.br\/portal\/index.php?rest_route=\/wp\/v2\/posts"}],"about":[{"href":"https:\/\/aconteceunovale.com.br\/portal\/index.php?rest_route=\/wp\/v2\/types\/post"}],"author":[{"embeddable":true,"href":"https:\/\/aconteceunovale.com.br\/portal\/index.php?rest_route=\/wp\/v2\/users\/1"}],"replies":[{"embeddable":true,"href":"https:\/\/aconteceunovale.com.br\/portal\/index.php?rest_route=%2Fwp%2Fv2%2Fcomments&post=124425"}],"version-history":[{"count":0,"href":"https:\/\/aconteceunovale.com.br\/portal\/index.php?rest_route=\/wp\/v2\/posts\/124425\/revisions"}],"wp:featuredmedia":[{"embeddable":true,"href":"https:\/\/aconteceunovale.com.br\/portal\/index.php?rest_route=\/wp\/v2\/media\/124426"}],"wp:attachment":[{"href":"https:\/\/aconteceunovale.com.br\/portal\/index.php?rest_route=%2Fwp%2Fv2%2Fmedia&parent=124425"}],"wp:term":[{"taxonomy":"category","embeddable":true,"href":"https:\/\/aconteceunovale.com.br\/portal\/index.php?rest_route=%2Fwp%2Fv2%2Fcategories&post=124425"},{"taxonomy":"post_tag","embeddable":true,"href":"https:\/\/aconteceunovale.com.br\/portal\/index.php?rest_route=%2Fwp%2Fv2%2Ftags&post=124425"}],"curies":[{"name":"wp","href":"https:\/\/api.w.org\/{rel}","templated":true}]}}