{"id":124396,"date":"2017-11-29T09:36:32","date_gmt":"2017-11-29T11:36:32","guid":{"rendered":"http:\/\/aconteceunovale.com.br\/portal\/?p=124396"},"modified":"2017-11-29T09:36:32","modified_gmt":"2017-11-29T11:36:32","slug":"governo-entrega-259-veiculos-para-223-municipios-de-minas-gerais","status":"publish","type":"post","link":"https:\/\/aconteceunovale.com.br\/portal\/?p=124396","title":{"rendered":"Governo entrega 259 ve\u00edculos para 223 munic\u00edpios de Minas Gerais"},"content":{"rendered":"<p>O governador Fernando Pimentel entregou nesta ter\u00e7a-feira (28\/11), na Cidade Administrativa, em Belo Horizonte, 259 ve\u00edculos a 213 prefeituras municipais, 12 entidades e um cons\u00f3rcio p\u00fablico. O investimento \u00e9 de R$ 13,1 milh\u00f5es, com recursos originados de emendas parlamentares estaduais.<\/p>\n<p>Os carros ser\u00e3o utilizados para transporte de passageiros na aten\u00e7\u00e3o prim\u00e1ria de sa\u00fade de 223 munic\u00edpios mineiros. Ao lado do secret\u00e1rio de Estado de Sa\u00fade, S\u00e1vio Souza Cruz, o governador assinou despacho governamental determinando que sejam destinados R$ 19,4 milh\u00f5es para compra de equipamentos de inform\u00e1tica para Unidades B\u00e1sicas de Sa\u00fade (UBS).  <\/p>\n<p>Desde o in\u00edcio da gest\u00e3o, em 2015, o Governo do Estado j\u00e1 entregou 1.821 ve\u00edculos para a \u00e1rea da sa\u00fade em munic\u00edpios de todos os Territ\u00f3rios de Desenvolvimento de Minas Gerais. \u201cA entrega desses ve\u00edculos refor\u00e7a a capacidade de transporte que atende a aten\u00e7\u00e3o b\u00e1sica em todo o territ\u00f3rio mineiro\u201d, afirmou o S\u00e1vio Souza Cruz.<\/p>\n<p>O secret\u00e1rio destacou a assinatura do despacho governamental autorizando investimento de cerca de R$ 19,4 milh\u00f5es para informatizar unidades de sa\u00fade. \u201cEssa \u00e9 uma a\u00e7\u00e3o importante que completa o e-SUS, que \u00e9 uma maneira de a assist\u00eancia b\u00e1sica operar integrada por computa\u00e7\u00e3o e deve chegar a 756 munic\u00edpios. Os demais n\u00e3o receber\u00e3o porque j\u00e1 receberam do governo federal\u201d, afirmou.<\/p>\n<p>Dentre as entidades contempladas, est\u00e3o a Associa\u00e7\u00f5es de Pais e Amigos Excepcionais de Iturama, El\u00f3i Mendes e Concei\u00e7\u00e3o do Rio Verde, a Casa de Caridade Nossa Senhora do Perp\u00e9tuo Socorro (Alfenas), Centro Integral de Sa\u00fade S\u00e3o Bento Menni (Divin\u00f3polis), Funda\u00e7\u00e3o Benjamin Guimar\u00e3es (Belo Horizonte), Funda\u00e7\u00e3o Comunit\u00e1ria de Sa\u00fade (Candeias), Hospital Nossa Senhora do Carmo (Carmo da Cachoeira), Santa Casa de Miseric\u00f3rdia (Arcos e Cataguases) e Sociedade Beneficente An\u00e1lia Franco (Ub\u00e1). Al\u00e9m do Cons\u00f3rcio Intermunicipal de Sa\u00fade Uni\u00e3o da Mata (Leopoldina).<\/p>\n<p><img decoding=\"async\" src=\"http:\/\/aconteceunovale.com.br\/portal\/wp-content\/uploads\/2017\/11\/veiculos_saude.jpg\" alt=\"\" \/><em>Governo entregou 259 ve\u00edculos (Foto: Manoel Marques\/Imprensa MG)<\/em><br \/>\n<\/br><\/p>\n<p><strong>Moderniza\u00e7\u00e3o<\/strong><\/p>\n<p>O despacho assinado pelo governador Fernando Pimentel nesta ter\u00e7a-feira determina que a Secretaria de Estado de Sa\u00fade adote as provid\u00eancias necess\u00e1rias para doa\u00e7\u00e3o de 7.461 equipamentos de inform\u00e1tica para Unidades B\u00e1sicas de Sa\u00fade. Os equipamentos ser\u00e3o destinados para a utiliza\u00e7\u00e3o do Sistema de Informa\u00e7\u00e3o em Sa\u00fade (Sisab).<\/p>\n<p>Ser\u00e3o investidos R$ 19,4 milh\u00f5es que ir\u00e3o garantir mais agilidade no atendimento, a informatiza\u00e7\u00e3o do registro das consultas e maior celeridade dos procedimentos de capta\u00e7\u00e3o de recursos financeiros para o setor.<\/p>\n<p><img decoding=\"async\" src=\"http:\/\/aconteceunovale.com.br\/portal\/wp-content\/uploads\/2017\/11\/lista_municipios_contemplados_1.jpg\" alt=\"\" \/><img decoding=\"async\" src=\"http:\/\/aconteceunovale.com.br\/portal\/wp-content\/uploads\/2017\/11\/lista_municipios_contemplados_2.jpg\" alt=\"\" \/><img decoding=\"async\" src=\"http:\/\/aconteceunovale.com.br\/portal\/wp-content\/uploads\/2017\/11\/lista_municipios_contemplados_3.jpg\" alt=\"\" \/><img decoding=\"async\" src=\"http:\/\/aconteceunovale.com.br\/portal\/wp-content\/uploads\/2017\/11\/lista_municipios_contemplados_4.jpg\" alt=\"\" \/><br \/>\n<\/br><\/p>\n<p><strong>VER PRIMEIRO<\/strong><\/p>\n<p>Receba as not\u00edcias do Aconteceu no Vale em primeira m\u00e3o. Clique em curtir no endere\u00e7o <a href=\"https:\/\/www.facebook.com\/aconteceunovale\" target=\"_blank\"><font color=\"red\">www.facebook.com\/aconteceunovale<\/font><\/a> ou no box abaixo:<\/p>\n<div class=\"fb-like\" data-href=\"https:\/\/www.facebook.com\/aconteceunovale\" data-width=\"120\" data-layout=\"standard\" data-action=\"like\" data-size=\"small\" data-show-faces=\"true\" data-share=\"true\"><\/div>\n<p><\/br><\/p>\n<p><em>(Fonte: Ag\u00eancia Minas)<\/em><\/p>\n","protected":false},"excerpt":{"rendered":"<p>O governador Fernando Pimentel entregou nesta ter\u00e7a-feira (28\/11), na Cidade Administrativa, em Belo Horizonte, 259 ve\u00edculos a 213 prefeituras municipais, 12 entidades e um cons\u00f3rcio p\u00fablico. O investimento \u00e9 de R$ 13,1 milh\u00f5es, com recursos originados de emendas parlamentares estaduais. Os carros ser\u00e3o utilizados para transporte de passageiros na aten\u00e7\u00e3o prim\u00e1ria de sa\u00fade de 223 [&hellip;]<\/p>\n","protected":false},"author":1,"featured_media":124401,"comment_status":"open","ping_status":"closed","sticky":false,"template":"","format":"standard","meta":{"amp_status":"","footnotes":""},"categories":[123,40242],"tags":[142,657,1740,186,551,841,1101,5258,278,132,1429,237,481,281,4115,2453,1715,3279,5259,1328,14490,879,12826,1692,290,2998,29798,247,164583,155,1704,1803,296,201,149,188,391,236,1218,917,299,1706,8472,1796,2236,1516,301,389,1717,252,3138,3059,411,212,306,254,1711,1194,3139,43830,421,445,310,190,699,240,2101,318,783,162,324,439,326,327,154,164,178,219,1712,222,1814,916],"class_list":["post-124396","post","type-post","status-publish","format-standard","has-post-thumbnail","hentry","category-gerais","category-saude-2","tag-almenara","tag-angelandia","tag-antonio-dias","tag-aracuai","tag-aricanduva","tag-berilo","tag-bom-jesus-do-galho","tag-cachoeira-de-pajeu","tag-cantagalo","tag-capelinha","tag-capitao-eneas","tag-caratinga","tag-chapada-do-norte","tag-coluna","tag-couto-de-magalhaes-de-minas","tag-crisolita","tag-cristalia","tag-datas","tag-divisa-alegre","tag-dom-cavati","tag-eloi-mendes","tag-felicio-dos-santos","tag-fernando-pimentel","tag-francisco-dumont","tag-frei-inocencio","tag-gouveia","tag-governador-fernando-pimentel","tag-governador-valadares","tag-governo-entrega-259-veiculos-para-223-municipios-de-minas-gerais","tag-guanhaes","tag-ibiracatu","tag-icarai-de-minas","tag-inhapim","tag-ipatinga","tag-itamarandiba","tag-itambacuri","tag-itaobim","tag-jampruca","tag-jenipapo-de-minas","tag-jose-goncalves-de-minas","tag-jose-raydan","tag-juvenilia","tag-lajinha","tag-lontra","tag-machacalis","tag-mantena","tag-materlandia","tag-medina","tag-mutum","tag-nanuque","tag-novo-oriente-de-minas","tag-pai-pedro","tag-palmopolis","tag-paracatu","tag-pecanha","tag-pirapora","tag-ponto-chique","tag-porteirinha","tag-pote","tag-presidente-kubistschek","tag-rio-pardo-de-minas","tag-rio-vermelho","tag-sabinopolis","tag-salinas","tag-santa-maria-do-salto","tag-santa-maria-do-suacui","tag-santana-do-paraiso","tag-sao-geraldo-do-baixio","tag-sao-goncalo-do-rio-preto","tag-sao-joao-evangelista","tag-sao-sebastiao-do-maranhao","tag-senador-modestino-goncalves","tag-senhora-do-porto","tag-serra-azul-de-minas","tag-serro","tag-teofilo-otoni","tag-turmalina","tag-uba","tag-ubai","tag-unai","tag-verdelandia","tag-veredinha"],"_links":{"self":[{"href":"https:\/\/aconteceunovale.com.br\/portal\/index.php?rest_route=\/wp\/v2\/posts\/124396","targetHints":{"allow":["GET"]}}],"collection":[{"href":"https:\/\/aconteceunovale.com.br\/portal\/index.php?rest_route=\/wp\/v2\/posts"}],"about":[{"href":"https:\/\/aconteceunovale.com.br\/portal\/index.php?rest_route=\/wp\/v2\/types\/post"}],"author":[{"embeddable":true,"href":"https:\/\/aconteceunovale.com.br\/portal\/index.php?rest_route=\/wp\/v2\/users\/1"}],"replies":[{"embeddable":true,"href":"https:\/\/aconteceunovale.com.br\/portal\/index.php?rest_route=%2Fwp%2Fv2%2Fcomments&post=124396"}],"version-history":[{"count":0,"href":"https:\/\/aconteceunovale.com.br\/portal\/index.php?rest_route=\/wp\/v2\/posts\/124396\/revisions"}],"wp:featuredmedia":[{"embeddable":true,"href":"https:\/\/aconteceunovale.com.br\/portal\/index.php?rest_route=\/wp\/v2\/media\/124401"}],"wp:attachment":[{"href":"https:\/\/aconteceunovale.com.br\/portal\/index.php?rest_route=%2Fwp%2Fv2%2Fmedia&parent=124396"}],"wp:term":[{"taxonomy":"category","embeddable":true,"href":"https:\/\/aconteceunovale.com.br\/portal\/index.php?rest_route=%2Fwp%2Fv2%2Fcategories&post=124396"},{"taxonomy":"post_tag","embeddable":true,"href":"https:\/\/aconteceunovale.com.br\/portal\/index.php?rest_route=%2Fwp%2Fv2%2Ftags&post=124396"}],"curies":[{"name":"wp","href":"https:\/\/api.w.org\/{rel}","templated":true}]}}