{"id":124384,"date":"2017-11-28T18:36:12","date_gmt":"2017-11-28T20:36:12","guid":{"rendered":"http:\/\/aconteceunovale.com.br\/portal\/?p=124384"},"modified":"2017-11-28T18:36:12","modified_gmt":"2017-11-28T20:36:12","slug":"motorista-morre-em-acidente-na-br-381-em-coronel-fabriciano","status":"publish","type":"post","link":"https:\/\/aconteceunovale.com.br\/portal\/?p=124384","title":{"rendered":"Motorista morre em acidente na BR-381, em Coronel Fabriciano"},"content":{"rendered":"<p>Uma pessoa morreu e outra ficou ferida em um grave acidente no come\u00e7o da tarde desta ter\u00e7a-feira (28\/11\/2017) na BR-381, em frente ao bairro Amaro Lanari, em Coronel Fabriciano, no Vale do A\u00e7o.<\/p>\n<p>Segundo informa\u00e7\u00f5es da Pol\u00edcia Rodovi\u00e1ria Federal (PRF), um caminh\u00e3o Ford F4000, placas de Ipatinga, que seguia no sentido Belo Horizonte, invadiu a pista contr\u00e1ria e colidiu frontalmente contra uma carreta Scania licenciada em Pedro Leopoldo (MG). Um VW Golf, que estava atr\u00e1s do caminh\u00e3o, foi atingido por pe\u00e7as que se soltaram durante a batida. Os ocupantes do autom\u00f3vel n\u00e3o ficaram feridos. <\/p>\n<p>Com o impacto, o motorista do caminh\u00e3o, identificado como Josemar Guerra Moraes, de 40 anos, morreu no local. J\u00e1 o condutor da carreta, Paulo S\u00e9rgio de Morais, de 48, ficou preso \u00e0s ferragens. Ele foi resgatado por uma equipe do Corpo de Bombeiros e, posteriormente, levado para o Hospital M\u00e1rcio Cunha, em Ipatinga.<\/p>\n<p>A Per\u00edcia T\u00e9cnica da Pol\u00edcia Civil compareceu ao local e, ap\u00f3s os trabalhos de praxe, liberou o corpo de Josemar para o Instituto M\u00e9dico Legal (IML). As causas do acidente ser\u00e3o investigadas.<\/p>\n<p><img decoding=\"async\" src=\"http:\/\/aconteceunovale.com.br\/portal\/wp-content\/uploads\/2017\/11\/acidente_fabriciano_1.jpg\" alt=\"\" \/><em>Motorista do caminh\u00e3o morreu no local (Foto: Vanessa Peixoto \/ Inter TV dos Vales)<\/em><br \/>\n<\/br><\/p>\n<p><img decoding=\"async\" src=\"http:\/\/aconteceunovale.com.br\/portal\/wp-content\/uploads\/2017\/11\/acidente_fabriciano_2.jpg\" alt=\"\" \/><em>Condutor da carreta foi levado para o M\u00e1rcio Cunha (Foto: Vanessa Peixoto \/ Inter TV dos Vales)<\/em><br \/>\n<\/br><\/p>\n<p><strong>VER PRIMEIRO<\/strong><\/p>\n<p>Receba as not\u00edcias do Aconteceu no Vale em primeira m\u00e3o. Clique em curtir no endere\u00e7o <a href=\"https:\/\/www.facebook.com\/aconteceunovale\" target=\"_blank\"><font color=\"red\">www.facebook.com\/aconteceunovale<\/font><\/a> ou no box abaixo:<\/p>\n<div class=\"fb-like\" data-href=\"https:\/\/www.facebook.com\/aconteceunovale\" data-width=\"120\" data-layout=\"standard\" data-action=\"like\" data-size=\"small\" data-show-faces=\"true\" data-share=\"true\"><\/div>\n<p><\/br><\/p>\n<p><em>(Com G1 Vales e PRF)<\/em><\/p>\n","protected":false},"excerpt":{"rendered":"<p>Uma pessoa morreu e outra ficou ferida em um grave acidente no come\u00e7o da tarde desta ter\u00e7a-feira (28\/11\/2017) na BR-381, em frente ao bairro Amaro Lanari, em Coronel Fabriciano, no Vale do A\u00e7o. Segundo informa\u00e7\u00f5es da Pol\u00edcia Rodovi\u00e1ria Federal (PRF), um caminh\u00e3o Ford F4000, placas de Ipatinga, que seguia no sentido Belo Horizonte, invadiu a [&hellip;]<\/p>\n","protected":false},"author":1,"featured_media":124385,"comment_status":"open","ping_status":"closed","sticky":false,"template":"","format":"standard","meta":{"amp_status":"","footnotes":""},"categories":[121],"tags":[82071,164554,18338,8237,164553,417,1524,82088,201,164555,164557,164558,164556,3065],"class_list":["post-124384","post","type-post","status-publish","format-standard","has-post-thumbnail","hentry","category-leste","tag-acidente-com-caminhao-de-ipatinga","tag-acidente-com-caminhao-de-pedro-leopoldo","tag-acidente-em-coronel-fabriciano","tag-acidente-na-br-381","tag-acidente-na-br-381-em-coronel-fabriciano","tag-acidente-na-lmg-629-deixa-vitima-fatal","tag-coronel-fabriciano","tag-em-coronel-fabriciano","tag-ipatinga","tag-josemar-guerra-moraes","tag-motorista-morre-em-acidente-na-br-381","tag-motorista-morre-em-acidente-na-br-381-em-coronel-fabriciano","tag-paulo-sergio-de-morais","tag-pedro-leopoldo"],"_links":{"self":[{"href":"https:\/\/aconteceunovale.com.br\/portal\/index.php?rest_route=\/wp\/v2\/posts\/124384","targetHints":{"allow":["GET"]}}],"collection":[{"href":"https:\/\/aconteceunovale.com.br\/portal\/index.php?rest_route=\/wp\/v2\/posts"}],"about":[{"href":"https:\/\/aconteceunovale.com.br\/portal\/index.php?rest_route=\/wp\/v2\/types\/post"}],"author":[{"embeddable":true,"href":"https:\/\/aconteceunovale.com.br\/portal\/index.php?rest_route=\/wp\/v2\/users\/1"}],"replies":[{"embeddable":true,"href":"https:\/\/aconteceunovale.com.br\/portal\/index.php?rest_route=%2Fwp%2Fv2%2Fcomments&post=124384"}],"version-history":[{"count":0,"href":"https:\/\/aconteceunovale.com.br\/portal\/index.php?rest_route=\/wp\/v2\/posts\/124384\/revisions"}],"wp:featuredmedia":[{"embeddable":true,"href":"https:\/\/aconteceunovale.com.br\/portal\/index.php?rest_route=\/wp\/v2\/media\/124385"}],"wp:attachment":[{"href":"https:\/\/aconteceunovale.com.br\/portal\/index.php?rest_route=%2Fwp%2Fv2%2Fmedia&parent=124384"}],"wp:term":[{"taxonomy":"category","embeddable":true,"href":"https:\/\/aconteceunovale.com.br\/portal\/index.php?rest_route=%2Fwp%2Fv2%2Fcategories&post=124384"},{"taxonomy":"post_tag","embeddable":true,"href":"https:\/\/aconteceunovale.com.br\/portal\/index.php?rest_route=%2Fwp%2Fv2%2Ftags&post=124384"}],"curies":[{"name":"wp","href":"https:\/\/api.w.org\/{rel}","templated":true}]}}