{"id":124378,"date":"2017-11-28T16:09:08","date_gmt":"2017-11-28T18:09:08","guid":{"rendered":"http:\/\/aconteceunovale.com.br\/portal\/?p=124378"},"modified":"2017-11-28T16:11:07","modified_gmt":"2017-11-28T18:11:07","slug":"zoologico-de-montes-claros-sera-fechado","status":"publish","type":"post","link":"https:\/\/aconteceunovale.com.br\/portal\/?p=124378","title":{"rendered":"Zool\u00f3gico de Montes Claros encerra definitivamente suas atividades"},"content":{"rendered":"<p>O Zool\u00f3gico de Montes Claros vai encerrar definitivamente suas atividades e, a partir desta ter\u00e7a-feira (28), j\u00e1 estar\u00e1 totalmente fechado \u00e0 visita\u00e7\u00e3o p\u00fablica. A decis\u00e3o foi tomada ap\u00f3s uma reuni\u00e3o entre \u00f3rg\u00e3os ambientais e a prefeitura, atrav\u00e9s da secretaria de Meio Ambiente, nesta segunda (27).<\/p>\n<p>Com a decis\u00e3o, os mais de 100 animais, entre mam\u00edferos, r\u00e9pteis e aves que s\u00e3o cuidados no local, ser\u00e3o doados para outros zool\u00f3gicos.=<\/p>\n<p>O local vinha sofrendo com problemas recorrentes, especialmente na gest\u00e3o de custos, avaliada em mais de R$ 200 mil mensais, e a seguran\u00e7a patrimonial do espa\u00e7o. Em janeiro o zool\u00f3gico chegou a ser fechado; 60% dos funcion\u00e1rios contratados foram demitidos. O fechamento do local, agora definitivo, ocorre tamb\u00e9m ap\u00f3s a morte de um jacar\u00e9-de-papo-amarelo, que teve o corpo encontrado com sinais de viol\u00eancia.<\/p>\n<p>&#8220;A decis\u00e3o partiu da prefeitura, gestora do zool\u00f3gico. A gente vem de um hist\u00f3rico, desde 2015, de negocia\u00e7\u00e3o para melhoria do local, adequa\u00e7\u00e3o das normas. O local estava dentro do adequado, com alimenta\u00e7\u00e3o e cuidados sanit\u00e1rios em dia, mas faltava alguns itens, como a vigil\u00e2ncia&#8221;, relata Daniel Felipe Dias, do Ibama em Montes Claros.<\/p>\n<p>Segundo Daniel, a prefeitura segue respons\u00e1vel por manter os cuidados dos animais at\u00e9 a destina\u00e7\u00e3o deles a outros centros.<\/p>\n<p><img decoding=\"async\" src=\"http:\/\/aconteceunovale.com.br\/portal\/wp-content\/uploads\/2017\/11\/zoologico_moc.jpg\" alt=\"\" \/><em>Zool\u00f3gico de Montes Claros (Foto: Prefeitura de Montes Claros\/Divulga\u00e7\u00e3o)<\/em><br \/>\n<\/br><\/p>\n<h4>Corpo de jacar\u00e9 encontrado com sinais de viol\u00eancia no zool\u00f3gico<\/h4>\n<p>Um jacar\u00e9-de-papo-amarelo foi encontrado morto e com sinais de viol\u00eancia no zool\u00f3gico de Montes Claros, no Norte de Minas, na \u00faltima sexta-feira (24). O animal vai passar por necr\u00f3psia nesta ter\u00e7a (28) para emiss\u00e3o do laudo da causa da morte. A suspeita \u00e9 que criminosos tenham invadido o local e ferido o animal com um arp\u00e3o, lan\u00e7a utilizada em pescas.<\/p>\n<p>\u201cO Jacar\u00e9 &#8211; Caiman latirostris &#8211; \u00e9 naturalmente agressivo e ele atacaria qualquer pessoa que entrasse no recinto; por isso, suspeitamos do uso do \u2018arp\u00e3o\u2019. No entanto, s\u00f3 a per\u00edcia, que ser\u00e1 feita por uma profissional com experi\u00eancia ir\u00e1 confirmar a causa da morte. No laudo, tamb\u00e9m haver\u00e1 exame toxicol\u00f3gico para avalia\u00e7\u00e3o de envenenamento\u201d, explicou a bi\u00f3loga respons\u00e1vel pelos animais do zool\u00f3gico, Thallyta Maria Vieira. O corpo do jacar\u00e9 est\u00e1 congelado para preserva\u00e7\u00e3o dos \u00f3rg\u00e3os e tecidos.<\/p>\n<p>Esta n\u00e3o \u00e9 a primeira vez que tratadores encontram animais com sinais de viol\u00eancia recente. No boletim de ocorr\u00eancia registrado pela Pol\u00edcia Militar sobre a morte do jacar\u00e9, consta que o zool\u00f3gico j\u00e1 foi invadido outras vezes, incluindo uma tentativa de pesca no ambiente dos macacos, e que n\u00e3o h\u00e1 vigias noturnos. O Secret\u00e1rio de Defesa Social, Anderson Chaves, explica como \u00e9 feita a seguran\u00e7a.<\/p>\n<p>\u201cA seguran\u00e7a do complexo \u2013 Parque Municipal e Zool\u00f3gico &#8211; acontece durante o hor\u00e1rio de funcionamento do parque, das 8h \u00e0s 22h, com guardas municipais no local; ha uns 20 dias, n\u00f3s ampliamos a seguran\u00e7a, mas, como o parque \u00e9 muito grande, priorizamos a parte de maior visita\u00e7\u00e3o. No per\u00edodo da noite, as viaturas fazem rondas ostensivas. \u00c9 importante dizer que hoje foi publicado no Di\u00e1rio Oficial do Munic\u00edpio a instaura\u00e7\u00e3o da comiss\u00e3o de investiga\u00e7\u00e3o social para convocarmos novos guardas que passaram no concurso e ainda n\u00e3o foram chamados. Teremos mais efetivo\u201d, informou.<\/p>\n<p>O caso ser\u00e1 investigado pela Pol\u00edcia Civil.<\/p>\n<p><strong>VER PRIMEIRO<\/strong><\/p>\n<p>Receba as not\u00edcias do Aconteceu no Vale em primeira m\u00e3o. Clique em curtir no endere\u00e7o <a href=\"https:\/\/www.facebook.com\/aconteceunovale\" target=\"_blank\"><font color=\"red\">www.facebook.com\/aconteceunovale<\/font><\/a> ou no box abaixo:<\/p>\n<div class=\"fb-like\" data-href=\"https:\/\/www.facebook.com\/aconteceunovale\" data-width=\"120\" data-layout=\"standard\" data-action=\"like\" data-size=\"small\" data-show-faces=\"true\" data-share=\"true\"><\/div>\n<p><\/br><\/p>\n<p><em>(Fonte: G1 Grande Minas)<\/em><\/p>\n","protected":false},"excerpt":{"rendered":"<p>O Zool\u00f3gico de Montes Claros vai encerrar definitivamente suas atividades e, a partir desta ter\u00e7a-feira (28), j\u00e1 estar\u00e1 totalmente fechado \u00e0 visita\u00e7\u00e3o p\u00fablica. A decis\u00e3o foi tomada ap\u00f3s uma reuni\u00e3o entre \u00f3rg\u00e3os ambientais e a prefeitura, atrav\u00e9s da secretaria de Meio Ambiente, nesta segunda (27). Com a decis\u00e3o, os mais de 100 animais, entre mam\u00edferos, [&hellip;]<\/p>\n","protected":false},"author":1,"featured_media":124380,"comment_status":"open","ping_status":"closed","sticky":false,"template":"","format":"standard","meta":{"amp_status":"","footnotes":""},"categories":[1236],"tags":[134388,164550,210,134387,164552,164549,164551],"class_list":["post-124378","post","type-post","status-publish","format-standard","has-post-thumbnail","hentry","category-norte_de_minas","tag-fechamento-do-zoologico-de-montes-claros","tag-fim-do-zoologico-de-montes-claros","tag-montes-claros","tag-zoologico-de-montes-claros","tag-zoologico-de-montes-claros-encerra-definitivamente-suas-atividades","tag-zoologico-de-montes-claros-sera-fechado","tag-zoologico-de-montes-claros-vai-encerrar-definitivamente-suas-atividades"],"_links":{"self":[{"href":"https:\/\/aconteceunovale.com.br\/portal\/index.php?rest_route=\/wp\/v2\/posts\/124378","targetHints":{"allow":["GET"]}}],"collection":[{"href":"https:\/\/aconteceunovale.com.br\/portal\/index.php?rest_route=\/wp\/v2\/posts"}],"about":[{"href":"https:\/\/aconteceunovale.com.br\/portal\/index.php?rest_route=\/wp\/v2\/types\/post"}],"author":[{"embeddable":true,"href":"https:\/\/aconteceunovale.com.br\/portal\/index.php?rest_route=\/wp\/v2\/users\/1"}],"replies":[{"embeddable":true,"href":"https:\/\/aconteceunovale.com.br\/portal\/index.php?rest_route=%2Fwp%2Fv2%2Fcomments&post=124378"}],"version-history":[{"count":0,"href":"https:\/\/aconteceunovale.com.br\/portal\/index.php?rest_route=\/wp\/v2\/posts\/124378\/revisions"}],"wp:featuredmedia":[{"embeddable":true,"href":"https:\/\/aconteceunovale.com.br\/portal\/index.php?rest_route=\/wp\/v2\/media\/124380"}],"wp:attachment":[{"href":"https:\/\/aconteceunovale.com.br\/portal\/index.php?rest_route=%2Fwp%2Fv2%2Fmedia&parent=124378"}],"wp:term":[{"taxonomy":"category","embeddable":true,"href":"https:\/\/aconteceunovale.com.br\/portal\/index.php?rest_route=%2Fwp%2Fv2%2Fcategories&post=124378"},{"taxonomy":"post_tag","embeddable":true,"href":"https:\/\/aconteceunovale.com.br\/portal\/index.php?rest_route=%2Fwp%2Fv2%2Ftags&post=124378"}],"curies":[{"name":"wp","href":"https:\/\/api.w.org\/{rel}","templated":true}]}}