{"id":124365,"date":"2017-11-28T15:14:39","date_gmt":"2017-11-28T17:14:39","guid":{"rendered":"http:\/\/aconteceunovale.com.br\/portal\/?p=124365"},"modified":"2017-11-28T15:14:39","modified_gmt":"2017-11-28T17:14:39","slug":"dupla-e-presa-suspeita-de-roubar-malote-com-r-65-mil-em-janauba","status":"publish","type":"post","link":"https:\/\/aconteceunovale.com.br\/portal\/?p=124365","title":{"rendered":"Dupla \u00e9 presa suspeita de roubar malote com R$ 65 mil em Jana\u00faba"},"content":{"rendered":"<p>Dois homens, de 21 e 29 anos, foram presos suspeitos de roubarem um malote com R$ 65 mil de uma loja de produtos agropecu\u00e1rios, em Jana\u00faba, no Norte de Minas, nessa segunda-feira (27\/11\/2017); um terceiro envolvido est\u00e1 sendo procurado. De acordo com a Pol\u00edcia Militar (PM), a v\u00edtima, de 50 anos, foi abordada pelos criminosos em uma motocicleta ao sair do com\u00e9rcio para realizar servi\u00e7os banc\u00e1rios. O crime aconteceu na Avenida Maur\u00edcio Augusto de Azevedo, no Bairro Esplanada.<\/p>\n<p>Al\u00e9m do dinheiro, foram levados documentos e v\u00e1rios cheques de clientes. Os suspeitos foram presos durante rastreamento da Pol\u00edcia Militar e entregues na delegacia. Foram recuperados R$ 20 mil e com eles a pol\u00edcia apreendeu um rev\u00f3lver, um rifle e muni\u00e7\u00f5es. O caso ser\u00e1 investigado pela Pol\u00edcia Civil.<\/p>\n<p><img decoding=\"async\" src=\"http:\/\/aconteceunovale.com.br\/portal\/wp-content\/uploads\/2017\/11\/presos_malote_janauba.jpg\" alt=\"\" \/><em>Material apreendido e dinheiro recuperado pela PM (Foto: Pol\u00edcia Militar\/Divulga\u00e7\u00e3o)<\/em><br \/>\n<\/br><\/p>\n<h4>Morre rapaz baleado pelo pai em Jana\u00faba<\/h4>\n<p>O Hospital Regional de Jana\u00faba confirmou nesta segunda-feira (27) a morte do jovem, de 23 anos, que foi baleado pelo pr\u00f3prio pai. Jos\u00e9 Henrique Batista, segundo a Pol\u00edcia Militar, foi atingido por tiros na cabe\u00e7a ap\u00f3s agredir a m\u00e3e, no \u00faltimo dia 20.<\/p>\n<p>Testemunhas relataram \u00e0 pol\u00edcia no dia do crime que o rapaz se apresentava bastante agressivo. O pai dele, insatisfeito com as agress\u00f5es, atirou e fugiu. A Pol\u00edcia Civil afirma que o pai procurou a delegacia de homic\u00eddios, confessou o crime e entregou a arma.<\/p>\n<p>De acordo com o hospital, Jos\u00e9 Henrique foi atendido na unidade e entubado sem sedativos desde o dia do crime. Ele faleceu na manh\u00e3 desta segunda-feira.<\/p>\n<p><strong>VER PRIMEIRO<\/strong><\/p>\n<p>Receba as not\u00edcias do Aconteceu no Vale em primeira m\u00e3o. Clique em curtir no endere\u00e7o <a href=\"https:\/\/www.facebook.com\/aconteceunovale\" target=\"_blank\"><font color=\"red\">www.facebook.com\/aconteceunovale<\/font><\/a> ou no box abaixo:<\/p>\n<div class=\"fb-like\" data-href=\"https:\/\/www.facebook.com\/aconteceunovale\" data-width=\"120\" data-layout=\"standard\" data-action=\"like\" data-size=\"small\" data-show-faces=\"true\" data-share=\"true\"><\/div>\n<p><\/br><\/p>\n<p><em>(Fonte: G1 Grande Minas)<\/em><\/p>\n","protected":false},"excerpt":{"rendered":"<p>Dois homens, de 21 e 29 anos, foram presos suspeitos de roubarem um malote com R$ 65 mil de uma loja de produtos agropecu\u00e1rios, em Jana\u00faba, no Norte de Minas, nessa segunda-feira (27\/11\/2017); um terceiro envolvido est\u00e1 sendo procurado. De acordo com a Pol\u00edcia Militar (PM), a v\u00edtima, de 50 anos, foi abordada pelos criminosos [&hellip;]<\/p>\n","protected":false},"author":1,"featured_media":124366,"comment_status":"open","ping_status":"closed","sticky":false,"template":"","format":"standard","meta":{"amp_status":"","footnotes":""},"categories":[1236],"tags":[125301,125298,164531,164532,164534,57912,204,164536,131381,164533,164535,164530,125299],"class_list":["post-124365","post","type-post","status-publish","format-standard","has-post-thumbnail","hentry","category-norte_de_minas","tag-assaltantes-presos-em-janauba","tag-assalto-janauba","tag-assalto-malote-janauba","tag-comerciante-assaltado-em-janauba","tag-dupla-e-presa-suspeita-de-roubar-malote-com-r-65-mil-em-janauba","tag-hospital-regional-de-janauba","tag-janauba","tag-jose-henrique-batista","tag-presos-em-janauba","tag-presos-por-roubo-em-janauba","tag-rapaz-baleado-pelo-pai-em-janauba-morre-apos-uma-semana-internado","tag-roubo-de-malote-em-janauba","tag-roubo-janauba"],"yoast_head":"<!-- This site is optimized with the Yoast SEO plugin v28.3 - https:\/\/yoast.com\/product\/yoast-seo-wordpress\/ -->\n<title>Dupla \u00e9 presa suspeita de roubar malote com R$ 65 mil em Jana\u00faba - Aconteceu no Vale<\/title>\n<meta name=\"robots\" content=\"index, follow, max-snippet:-1, max-image-preview:large, max-video-preview:-1\" \/>\n<link rel=\"canonical\" href=\"https:\/\/aconteceunovale.com.br\/portal\/?p=124365\" \/>\n<meta property=\"og:locale\" content=\"pt_BR\" \/>\n<meta property=\"og:type\" content=\"article\" \/>\n<meta property=\"og:title\" content=\"Dupla \u00e9 presa suspeita de roubar malote com R$ 65 mil em Jana\u00faba - Aconteceu no Vale\" \/>\n<meta property=\"og:description\" content=\"Dois homens, de 21 e 29 anos, foram presos suspeitos de roubarem um malote com R$ 65 mil de uma loja de produtos agropecu\u00e1rios, em Jana\u00faba, no Norte de Minas, nessa segunda-feira (27\/11\/2017); um terceiro envolvido est\u00e1 sendo procurado. De acordo com a Pol\u00edcia Militar (PM), a v\u00edtima, de 50 anos, foi abordada pelos criminosos [&hellip;]\" \/>\n<meta property=\"og:url\" content=\"https:\/\/aconteceunovale.com.br\/portal\/?p=124365\" \/>\n<meta property=\"og:site_name\" content=\"Aconteceu no Vale\" \/>\n<meta property=\"article:publisher\" content=\"https:\/\/www.facebook.com\/aconteceunovale\/\" \/>\n<meta property=\"article:published_time\" content=\"2017-11-28T17:14:39+00:00\" \/>\n<meta property=\"og:image\" content=\"https:\/\/aconteceunovale.com.br\/portal\/wp-content\/uploads\/2017\/11\/presos_malote_janauba.jpg\" \/>\n\t<meta property=\"og:image:width\" content=\"659\" \/>\n\t<meta property=\"og:image:height\" content=\"450\" \/>\n\t<meta property=\"og:image:type\" content=\"image\/jpeg\" \/>\n<meta name=\"author\" content=\"Aconteceu no Vale\" \/>\n<meta name=\"twitter:card\" content=\"summary_large_image\" \/>\n<meta name=\"twitter:creator\" content=\"@noticiadosvales\" \/>\n<meta name=\"twitter:site\" content=\"@noticiadosvales\" \/>\n<meta name=\"twitter:label1\" content=\"Escrito por\" \/>\n\t<meta name=\"twitter:data1\" content=\"Aconteceu no Vale\" \/>\n\t<meta name=\"twitter:label2\" content=\"Est. tempo de leitura\" \/>\n\t<meta name=\"twitter:data2\" content=\"2 minutos\" \/>\n<script type=\"application\/ld+json\" class=\"yoast-schema-graph\">{\"@context\":\"https:\\\/\\\/schema.org\",\"@graph\":[{\"@type\":\"Article\",\"@id\":\"https:\\\/\\\/aconteceunovale.com.br\\\/portal\\\/?p=124365#article\",\"isPartOf\":{\"@id\":\"https:\\\/\\\/aconteceunovale.com.br\\\/portal\\\/?p=124365\"},\"author\":{\"name\":\"Aconteceu no Vale\",\"@id\":\"https:\\\/\\\/aconteceunovale.com.br\\\/portal\\\/#\\\/schema\\\/person\\\/633529146f2c94272bef50ac2953d589\"},\"headline\":\"Dupla \u00e9 presa suspeita de roubar malote com R$ 65 mil em Jana\u00faba\",\"datePublished\":\"2017-11-28T17:14:39+00:00\",\"mainEntityOfPage\":{\"@id\":\"https:\\\/\\\/aconteceunovale.com.br\\\/portal\\\/?p=124365\"},\"wordCount\":319,\"commentCount\":0,\"image\":{\"@id\":\"https:\\\/\\\/aconteceunovale.com.br\\\/portal\\\/?p=124365#primaryimage\"},\"thumbnailUrl\":\"https:\\\/\\\/aconteceunovale.com.br\\\/portal\\\/wp-content\\\/uploads\\\/2017\\\/11\\\/presos_malote_janauba.jpg\",\"keywords\":[\"Assaltantes presos em Jana\u00faba\",\"Assalto Jana\u00faba\",\"Assalto malote Jana\u00faba\",\"Comerciante assaltado em Jana\u00faba\",\"Dupla \u00e9 presa suspeita de roubar malote com R$ 65 mil em Jana\u00faba\",\"Hospital Regional de Jana\u00faba\",\"Jana\u00faba\",\"Jos\u00e9 Henrique Batista\",\"Presos em Jana\u00faba\",\"Presos por roubo em Jana\u00faba\",\"Rapaz baleado pelo pai em Jana\u00faba morre ap\u00f3s uma semana internado\",\"Roubo de malote em Jana\u00faba\",\"Roubo Jana\u00faba\"],\"articleSection\":[\"Norte de Minas\"],\"inLanguage\":\"pt-BR\",\"potentialAction\":[{\"@type\":\"CommentAction\",\"name\":\"Comment\",\"target\":[\"https:\\\/\\\/aconteceunovale.com.br\\\/portal\\\/?p=124365#respond\"]}]},{\"@type\":\"WebPage\",\"@id\":\"https:\\\/\\\/aconteceunovale.com.br\\\/portal\\\/?p=124365\",\"url\":\"https:\\\/\\\/aconteceunovale.com.br\\\/portal\\\/?p=124365\",\"name\":\"Dupla \u00e9 presa suspeita de roubar malote com R$ 65 mil em Jana\u00faba - Aconteceu no Vale\",\"isPartOf\":{\"@id\":\"https:\\\/\\\/aconteceunovale.com.br\\\/portal\\\/#website\"},\"primaryImageOfPage\":{\"@id\":\"https:\\\/\\\/aconteceunovale.com.br\\\/portal\\\/?p=124365#primaryimage\"},\"image\":{\"@id\":\"https:\\\/\\\/aconteceunovale.com.br\\\/portal\\\/?p=124365#primaryimage\"},\"thumbnailUrl\":\"https:\\\/\\\/aconteceunovale.com.br\\\/portal\\\/wp-content\\\/uploads\\\/2017\\\/11\\\/presos_malote_janauba.jpg\",\"datePublished\":\"2017-11-28T17:14:39+00:00\",\"author\":{\"@id\":\"https:\\\/\\\/aconteceunovale.com.br\\\/portal\\\/#\\\/schema\\\/person\\\/633529146f2c94272bef50ac2953d589\"},\"breadcrumb\":{\"@id\":\"https:\\\/\\\/aconteceunovale.com.br\\\/portal\\\/?p=124365#breadcrumb\"},\"inLanguage\":\"pt-BR\",\"potentialAction\":[{\"@type\":\"ReadAction\",\"target\":[\"https:\\\/\\\/aconteceunovale.com.br\\\/portal\\\/?p=124365\"]}]},{\"@type\":\"ImageObject\",\"inLanguage\":\"pt-BR\",\"@id\":\"https:\\\/\\\/aconteceunovale.com.br\\\/portal\\\/?p=124365#primaryimage\",\"url\":\"https:\\\/\\\/aconteceunovale.com.br\\\/portal\\\/wp-content\\\/uploads\\\/2017\\\/11\\\/presos_malote_janauba.jpg\",\"contentUrl\":\"https:\\\/\\\/aconteceunovale.com.br\\\/portal\\\/wp-content\\\/uploads\\\/2017\\\/11\\\/presos_malote_janauba.jpg\",\"width\":659,\"height\":450},{\"@type\":\"BreadcrumbList\",\"@id\":\"https:\\\/\\\/aconteceunovale.com.br\\\/portal\\\/?p=124365#breadcrumb\",\"itemListElement\":[{\"@type\":\"ListItem\",\"position\":1,\"name\":\"In\u00edcio\",\"item\":\"https:\\\/\\\/aconteceunovale.com.br\\\/portal\\\/\"},{\"@type\":\"ListItem\",\"position\":2,\"name\":\"Dupla \u00e9 presa suspeita de roubar malote com R$ 65 mil em Jana\u00faba\"}]},{\"@type\":\"WebSite\",\"@id\":\"https:\\\/\\\/aconteceunovale.com.br\\\/portal\\\/#website\",\"url\":\"https:\\\/\\\/aconteceunovale.com.br\\\/portal\\\/\",\"name\":\"Aconteceu no Vale\",\"description\":\"Portal de Not\u00edcias\",\"potentialAction\":[{\"@type\":\"SearchAction\",\"target\":{\"@type\":\"EntryPoint\",\"urlTemplate\":\"https:\\\/\\\/aconteceunovale.com.br\\\/portal\\\/?s={search_term_string}\"},\"query-input\":{\"@type\":\"PropertyValueSpecification\",\"valueRequired\":true,\"valueName\":\"search_term_string\"}}],\"inLanguage\":\"pt-BR\"},{\"@type\":\"Person\",\"@id\":\"https:\\\/\\\/aconteceunovale.com.br\\\/portal\\\/#\\\/schema\\\/person\\\/633529146f2c94272bef50ac2953d589\",\"name\":\"Aconteceu no Vale\",\"description\":\"Equipe de reportagem do Aconteceu no Vale, portal de not\u00edcias do Vale do Jequitinhonha, em Minas Gerais. Cobrimos as 51 cidades do Vale desde 2013. Sugest\u00f5es de pauta e pedidos de corre\u00e7\u00e3o: contato@aconteceunovale.com.br\",\"sameAs\":[\"http:\\\/\\\/www.aconteceunovale.com.br\"],\"url\":\"https:\\\/\\\/aconteceunovale.com.br\\\/portal\\\/?author=1\"}]}<\/script>\n<!-- \/ Yoast SEO plugin. -->","yoast_head_json":{"title":"Dupla \u00e9 presa suspeita de roubar malote com R$ 65 mil em Jana\u00faba - Aconteceu no Vale","robots":{"index":"index","follow":"follow","max-snippet":"max-snippet:-1","max-image-preview":"max-image-preview:large","max-video-preview":"max-video-preview:-1"},"canonical":"https:\/\/aconteceunovale.com.br\/portal\/?p=124365","og_locale":"pt_BR","og_type":"article","og_title":"Dupla \u00e9 presa suspeita de roubar malote com R$ 65 mil em Jana\u00faba - Aconteceu no Vale","og_description":"Dois homens, de 21 e 29 anos, foram presos suspeitos de roubarem um malote com R$ 65 mil de uma loja de produtos agropecu\u00e1rios, em Jana\u00faba, no Norte de Minas, nessa segunda-feira (27\/11\/2017); um terceiro envolvido est\u00e1 sendo procurado. De acordo com a Pol\u00edcia Militar (PM), a v\u00edtima, de 50 anos, foi abordada pelos criminosos [&hellip;]","og_url":"https:\/\/aconteceunovale.com.br\/portal\/?p=124365","og_site_name":"Aconteceu no Vale","article_publisher":"https:\/\/www.facebook.com\/aconteceunovale\/","article_published_time":"2017-11-28T17:14:39+00:00","og_image":[{"width":659,"height":450,"url":"https:\/\/aconteceunovale.com.br\/portal\/wp-content\/uploads\/2017\/11\/presos_malote_janauba.jpg","type":"image\/jpeg"}],"author":"Aconteceu no Vale","twitter_card":"summary_large_image","twitter_creator":"@noticiadosvales","twitter_site":"@noticiadosvales","twitter_misc":{"Escrito por":"Aconteceu no Vale","Est. tempo de leitura":"2 minutos"},"schema":{"@context":"https:\/\/schema.org","@graph":[{"@type":"Article","@id":"https:\/\/aconteceunovale.com.br\/portal\/?p=124365#article","isPartOf":{"@id":"https:\/\/aconteceunovale.com.br\/portal\/?p=124365"},"author":{"name":"Aconteceu no Vale","@id":"https:\/\/aconteceunovale.com.br\/portal\/#\/schema\/person\/633529146f2c94272bef50ac2953d589"},"headline":"Dupla \u00e9 presa suspeita de roubar malote com R$ 65 mil em Jana\u00faba","datePublished":"2017-11-28T17:14:39+00:00","mainEntityOfPage":{"@id":"https:\/\/aconteceunovale.com.br\/portal\/?p=124365"},"wordCount":319,"commentCount":0,"image":{"@id":"https:\/\/aconteceunovale.com.br\/portal\/?p=124365#primaryimage"},"thumbnailUrl":"https:\/\/aconteceunovale.com.br\/portal\/wp-content\/uploads\/2017\/11\/presos_malote_janauba.jpg","keywords":["Assaltantes presos em Jana\u00faba","Assalto Jana\u00faba","Assalto malote Jana\u00faba","Comerciante assaltado em Jana\u00faba","Dupla \u00e9 presa suspeita de roubar malote com R$ 65 mil em Jana\u00faba","Hospital Regional de Jana\u00faba","Jana\u00faba","Jos\u00e9 Henrique Batista","Presos em Jana\u00faba","Presos por roubo em Jana\u00faba","Rapaz baleado pelo pai em Jana\u00faba morre ap\u00f3s uma semana internado","Roubo de malote em Jana\u00faba","Roubo Jana\u00faba"],"articleSection":["Norte de Minas"],"inLanguage":"pt-BR","potentialAction":[{"@type":"CommentAction","name":"Comment","target":["https:\/\/aconteceunovale.com.br\/portal\/?p=124365#respond"]}]},{"@type":"WebPage","@id":"https:\/\/aconteceunovale.com.br\/portal\/?p=124365","url":"https:\/\/aconteceunovale.com.br\/portal\/?p=124365","name":"Dupla \u00e9 presa suspeita de roubar malote com R$ 65 mil em Jana\u00faba - Aconteceu no Vale","isPartOf":{"@id":"https:\/\/aconteceunovale.com.br\/portal\/#website"},"primaryImageOfPage":{"@id":"https:\/\/aconteceunovale.com.br\/portal\/?p=124365#primaryimage"},"image":{"@id":"https:\/\/aconteceunovale.com.br\/portal\/?p=124365#primaryimage"},"thumbnailUrl":"https:\/\/aconteceunovale.com.br\/portal\/wp-content\/uploads\/2017\/11\/presos_malote_janauba.jpg","datePublished":"2017-11-28T17:14:39+00:00","author":{"@id":"https:\/\/aconteceunovale.com.br\/portal\/#\/schema\/person\/633529146f2c94272bef50ac2953d589"},"breadcrumb":{"@id":"https:\/\/aconteceunovale.com.br\/portal\/?p=124365#breadcrumb"},"inLanguage":"pt-BR","potentialAction":[{"@type":"ReadAction","target":["https:\/\/aconteceunovale.com.br\/portal\/?p=124365"]}]},{"@type":"ImageObject","inLanguage":"pt-BR","@id":"https:\/\/aconteceunovale.com.br\/portal\/?p=124365#primaryimage","url":"https:\/\/aconteceunovale.com.br\/portal\/wp-content\/uploads\/2017\/11\/presos_malote_janauba.jpg","contentUrl":"https:\/\/aconteceunovale.com.br\/portal\/wp-content\/uploads\/2017\/11\/presos_malote_janauba.jpg","width":659,"height":450},{"@type":"BreadcrumbList","@id":"https:\/\/aconteceunovale.com.br\/portal\/?p=124365#breadcrumb","itemListElement":[{"@type":"ListItem","position":1,"name":"In\u00edcio","item":"https:\/\/aconteceunovale.com.br\/portal\/"},{"@type":"ListItem","position":2,"name":"Dupla \u00e9 presa suspeita de roubar malote com R$ 65 mil em Jana\u00faba"}]},{"@type":"WebSite","@id":"https:\/\/aconteceunovale.com.br\/portal\/#website","url":"https:\/\/aconteceunovale.com.br\/portal\/","name":"Aconteceu no Vale","description":"Portal de Not\u00edcias","potentialAction":[{"@type":"SearchAction","target":{"@type":"EntryPoint","urlTemplate":"https:\/\/aconteceunovale.com.br\/portal\/?s={search_term_string}"},"query-input":{"@type":"PropertyValueSpecification","valueRequired":true,"valueName":"search_term_string"}}],"inLanguage":"pt-BR"},{"@type":"Person","@id":"https:\/\/aconteceunovale.com.br\/portal\/#\/schema\/person\/633529146f2c94272bef50ac2953d589","name":"Aconteceu no Vale","description":"Equipe de reportagem do Aconteceu no Vale, portal de not\u00edcias do Vale do Jequitinhonha, em Minas Gerais. Cobrimos as 51 cidades do Vale desde 2013. Sugest\u00f5es de pauta e pedidos de corre\u00e7\u00e3o: contato@aconteceunovale.com.br","sameAs":["http:\/\/www.aconteceunovale.com.br"],"url":"https:\/\/aconteceunovale.com.br\/portal\/?author=1"}]}},"_links":{"self":[{"href":"https:\/\/aconteceunovale.com.br\/portal\/index.php?rest_route=\/wp\/v2\/posts\/124365","targetHints":{"allow":["GET"]}}],"collection":[{"href":"https:\/\/aconteceunovale.com.br\/portal\/index.php?rest_route=\/wp\/v2\/posts"}],"about":[{"href":"https:\/\/aconteceunovale.com.br\/portal\/index.php?rest_route=\/wp\/v2\/types\/post"}],"author":[{"embeddable":true,"href":"https:\/\/aconteceunovale.com.br\/portal\/index.php?rest_route=\/wp\/v2\/users\/1"}],"replies":[{"embeddable":true,"href":"https:\/\/aconteceunovale.com.br\/portal\/index.php?rest_route=%2Fwp%2Fv2%2Fcomments&post=124365"}],"version-history":[{"count":0,"href":"https:\/\/aconteceunovale.com.br\/portal\/index.php?rest_route=\/wp\/v2\/posts\/124365\/revisions"}],"wp:featuredmedia":[{"embeddable":true,"href":"https:\/\/aconteceunovale.com.br\/portal\/index.php?rest_route=\/wp\/v2\/media\/124366"}],"wp:attachment":[{"href":"https:\/\/aconteceunovale.com.br\/portal\/index.php?rest_route=%2Fwp%2Fv2%2Fmedia&parent=124365"}],"wp:term":[{"taxonomy":"category","embeddable":true,"href":"https:\/\/aconteceunovale.com.br\/portal\/index.php?rest_route=%2Fwp%2Fv2%2Fcategories&post=124365"},{"taxonomy":"post_tag","embeddable":true,"href":"https:\/\/aconteceunovale.com.br\/portal\/index.php?rest_route=%2Fwp%2Fv2%2Ftags&post=124365"}],"curies":[{"name":"wp","href":"https:\/\/api.w.org\/{rel}","templated":true}]}}