{"id":124360,"date":"2017-11-28T14:49:27","date_gmt":"2017-11-28T16:49:27","guid":{"rendered":"http:\/\/aconteceunovale.com.br\/portal\/?p=124360"},"modified":"2017-11-28T14:49:27","modified_gmt":"2017-11-28T16:49:27","slug":"produtores-rurais-devem-aderir-hoje-a-programa-de-regularizacao-alerta-receita","status":"publish","type":"post","link":"https:\/\/aconteceunovale.com.br\/portal\/?p=124360","title":{"rendered":"Produtores rurais devem aderir hoje a programa de regulariza\u00e7\u00e3o, alerta Receita"},"content":{"rendered":"<p>A medida provis\u00f3ria que institui o Programa de Regulariza\u00e7\u00e3o Rural (PRR) poder\u00e1 caducar hoje (28), colocando fim ao prazo de ades\u00e3o ao programa. Devido \u00e0 situa\u00e7\u00e3o, a Receita Federal divulgou nota alertando produtores rurais para que fa\u00e7am ades\u00e3o ao programa ainda nesta ter\u00e7a-feira.<\/p>\n<p>O prazo original encerraria na quarta-feira (30). No entanto, para continuar em vig\u00eancia, a MP 793\/17 teria que ser analisada por deputados e senadores at\u00e9 esta ter\u00e7a-feira (28). Ontem (27), discord\u00e2ncias entre governo e oposi\u00e7\u00e3o e o baixo qu\u00f3rum no plen\u00e1rio da C\u00e2mara dos Deputados evitaram a vota\u00e7\u00e3o.<\/p>\n<p>De um lado, partidos de oposi\u00e7\u00e3o defenderam uma renegocia\u00e7\u00e3o de d\u00edvidas de produtores rurais com o Fundo de Assist\u00eancia ao Trabalhador Rural (Funrural) que beneficiasse apenas pequenos produtores da agricultura familiar. J\u00e1 a base governista sustentou que o agroneg\u00f3cio \u00e9 um s\u00f3 e que todos os produtores deveriam ser beneficiados pela MP.<\/p>\n<p>De acordo com o programa, as d\u00edvidas relativas \u00e0 contribui\u00e7\u00e3o ao Funrural, vencidas at\u00e9 30 de abril de 2017, poder\u00e3o ser regularizadas mediante o pagamento, at\u00e9 dezembro de 2017, de 4% da d\u00edvida, sem redu\u00e7\u00f5es, e o restante com redu\u00e7\u00f5es de 25% das multas e 100% dos juros.<\/p>\n<p>Se o optante for produtor rural pessoa f\u00edsica ou adquirente dessa produ\u00e7\u00e3o e tiver d\u00edvida menor ou igual a R$ 15 milh\u00f5es, os 96% restantes da d\u00edvida ser\u00e3o parcelados em 176 meses; o valor da parcela corresponder\u00e1 a 0,8% da m\u00e9dia mensal da receita bruta do ano anterior, proveniente da comercializa\u00e7\u00e3o da produ\u00e7\u00e3o rural; a presta\u00e7\u00e3o m\u00ednima para o produtor \u00e9 de R$ 100 e para o adquirente \u00e9 de R$ 1 mil.<\/p>\n<p>Caso o optante seja adquirente de produ\u00e7\u00e3o rural de pessoa f\u00edsica com d\u00edvida maior que R$ 15 milh\u00f5es, os 96% restantes da d\u00edvida ser\u00e3o parcelados em 176 meses, com presta\u00e7\u00e3o m\u00ednima de R$ 1 mil.<\/p>\n<p>No\u00a0<span style=\"color: #ff0000;\"><a href=\"http:\/\/idg.receita.fazenda.gov.br\/\" target=\"_blank\"><span style=\"color: #ff0000;\">site da Receita Federal<\/span><\/a><\/span>\u00a0\u00e9 poss\u00edvel ter acesso a orienta\u00e7\u00f5es detalhadas dos procedimentos para regularizar os d\u00e9bitos e evitar o lan\u00e7amento de multas nas diversas situa\u00e7\u00f5es em que possa se encontrar o produtor. Caso a ades\u00e3o tenha sido feita antes da perda da vig\u00eancia, as regras continuam garantidas mesmo que a MP caduque.<\/p>\n<p>De acordo com a Receita, o contribuinte que n\u00e3o se regularizar poder\u00e1 ser penalizado com multa de 75% incidente sobre o valor dos d\u00e9bitos n\u00e3o declarados, podendo chegar a at\u00e9 225%. Mais informa\u00e7\u00f5es sobre o programa podem ser consultadas na\u00a0<span style=\"color: #ff0000;\"><a href=\"http:\/\/normas.receita.fazenda.gov.br\/sijut2consulta\/link.action?visao=anotado&amp;idAto=85255\" target=\"_blank\"><span style=\"color: #ff0000;\">Instru\u00e7\u00e3o Normativa RFB n\u00b0 1.728<\/span><\/a><\/span>, de 14 de agosto de 2017.<\/p>\n<p><strong>VER PRIMEIRO<\/strong><\/p>\n<p>Receba as not\u00edcias do Aconteceu no Vale em primeira m\u00e3o. Clique em curtir no endere\u00e7o <a href=\"https:\/\/www.facebook.com\/aconteceunovale\" target=\"_blank\"><font color=\"red\">www.facebook.com\/aconteceunovale<\/font><\/a> ou no box abaixo:<\/p>\n<div class=\"fb-like\" data-href=\"https:\/\/www.facebook.com\/aconteceunovale\" data-width=\"120\" data-layout=\"standard\" data-action=\"like\" data-size=\"small\" data-show-faces=\"true\" data-share=\"true\"><\/div>\n<p><\/br><\/p>\n<p><em>(Fonte: Ag\u00eancia Brasil)<\/em><\/p>\n","protected":false},"excerpt":{"rendered":"<p>A medida provis\u00f3ria que institui o Programa de Regulariza\u00e7\u00e3o Rural (PRR) poder\u00e1 caducar hoje (28), colocando fim ao prazo de ades\u00e3o ao programa. Devido \u00e0 situa\u00e7\u00e3o, a Receita Federal divulgou nota alertando produtores rurais para que fa\u00e7am ades\u00e3o ao programa ainda nesta ter\u00e7a-feira. O prazo original encerraria na quarta-feira (30). No entanto, para continuar em [&hellip;]<\/p>\n","protected":false},"author":1,"featured_media":57472,"comment_status":"open","ping_status":"closed","sticky":false,"template":"","format":"standard","meta":{"amp_status":"","footnotes":""},"categories":[6],"tags":[164525,57443,21882,164526,164524,160464,1464],"class_list":["post-124360","post","type-post","status-publish","format-standard","has-post-thumbnail","hentry","category-br","tag-adesao-de-produtores-rurais","tag-alerta-receita","tag-mp","tag-produtores-rurais-devem-aderir-hoje-a-programa-de-regularizacao","tag-programa-de-regularizacao-rural","tag-prr","tag-receita-federal"],"yoast_head":"<!-- This site is optimized with the Yoast SEO plugin v28.3 - https:\/\/yoast.com\/product\/yoast-seo-wordpress\/ -->\n<title>Produtores rurais devem aderir hoje a programa de regulariza\u00e7\u00e3o, alerta Receita - Aconteceu no Vale<\/title>\n<meta name=\"robots\" content=\"index, follow, max-snippet:-1, max-image-preview:large, max-video-preview:-1\" \/>\n<link rel=\"canonical\" href=\"https:\/\/aconteceunovale.com.br\/portal\/?p=124360\" \/>\n<meta property=\"og:locale\" content=\"pt_BR\" \/>\n<meta property=\"og:type\" content=\"article\" \/>\n<meta property=\"og:title\" content=\"Produtores rurais devem aderir hoje a programa de regulariza\u00e7\u00e3o, alerta Receita - Aconteceu no Vale\" \/>\n<meta property=\"og:description\" content=\"A medida provis\u00f3ria que institui o Programa de Regulariza\u00e7\u00e3o Rural (PRR) poder\u00e1 caducar hoje (28), colocando fim ao prazo de ades\u00e3o ao programa. Devido \u00e0 situa\u00e7\u00e3o, a Receita Federal divulgou nota alertando produtores rurais para que fa\u00e7am ades\u00e3o ao programa ainda nesta ter\u00e7a-feira. O prazo original encerraria na quarta-feira (30). No entanto, para continuar em [&hellip;]\" \/>\n<meta property=\"og:url\" content=\"https:\/\/aconteceunovale.com.br\/portal\/?p=124360\" \/>\n<meta property=\"og:site_name\" content=\"Aconteceu no Vale\" \/>\n<meta property=\"article:publisher\" content=\"https:\/\/www.facebook.com\/aconteceunovale\/\" \/>\n<meta property=\"article:published_time\" content=\"2017-11-28T16:49:27+00:00\" \/>\n<meta property=\"og:image\" content=\"https:\/\/aconteceunovale.com.br\/portal\/wp-content\/uploads\/2015\/04\/site_receita_federal.jpg\" \/>\n\t<meta property=\"og:image:width\" content=\"673\" \/>\n\t<meta property=\"og:image:height\" content=\"450\" \/>\n\t<meta property=\"og:image:type\" content=\"image\/jpeg\" \/>\n<meta name=\"author\" content=\"Aconteceu no Vale\" \/>\n<meta name=\"twitter:card\" content=\"summary_large_image\" \/>\n<meta name=\"twitter:creator\" content=\"@noticiadosvales\" \/>\n<meta name=\"twitter:site\" content=\"@noticiadosvales\" \/>\n<meta name=\"twitter:label1\" content=\"Escrito por\" \/>\n\t<meta name=\"twitter:data1\" content=\"Aconteceu no Vale\" \/>\n\t<meta name=\"twitter:label2\" content=\"Est. tempo de leitura\" \/>\n\t<meta name=\"twitter:data2\" content=\"2 minutos\" \/>\n<script type=\"application\/ld+json\" class=\"yoast-schema-graph\">{\"@context\":\"https:\\\/\\\/schema.org\",\"@graph\":[{\"@type\":\"Article\",\"@id\":\"https:\\\/\\\/aconteceunovale.com.br\\\/portal\\\/?p=124360#article\",\"isPartOf\":{\"@id\":\"https:\\\/\\\/aconteceunovale.com.br\\\/portal\\\/?p=124360\"},\"author\":{\"name\":\"Aconteceu no Vale\",\"@id\":\"https:\\\/\\\/aconteceunovale.com.br\\\/portal\\\/#\\\/schema\\\/person\\\/633529146f2c94272bef50ac2953d589\"},\"headline\":\"Produtores rurais devem aderir hoje a programa de regulariza\u00e7\u00e3o, alerta Receita\",\"datePublished\":\"2017-11-28T16:49:27+00:00\",\"mainEntityOfPage\":{\"@id\":\"https:\\\/\\\/aconteceunovale.com.br\\\/portal\\\/?p=124360\"},\"wordCount\":473,\"commentCount\":0,\"image\":{\"@id\":\"https:\\\/\\\/aconteceunovale.com.br\\\/portal\\\/?p=124360#primaryimage\"},\"thumbnailUrl\":\"https:\\\/\\\/aconteceunovale.com.br\\\/portal\\\/wp-content\\\/uploads\\\/2015\\\/04\\\/site_receita_federal.jpg\",\"keywords\":[\"ades\u00e3o de produtores rurais\",\"alerta receita\",\"MP\",\"Produtores rurais devem aderir hoje a programa de regulariza\u00e7\u00e3o\",\"Programa de Regulariza\u00e7\u00e3o Rural\",\"PRR\",\"receita federal\"],\"articleSection\":[\"Brasil\"],\"inLanguage\":\"pt-BR\",\"potentialAction\":[{\"@type\":\"CommentAction\",\"name\":\"Comment\",\"target\":[\"https:\\\/\\\/aconteceunovale.com.br\\\/portal\\\/?p=124360#respond\"]}]},{\"@type\":\"WebPage\",\"@id\":\"https:\\\/\\\/aconteceunovale.com.br\\\/portal\\\/?p=124360\",\"url\":\"https:\\\/\\\/aconteceunovale.com.br\\\/portal\\\/?p=124360\",\"name\":\"Produtores rurais devem aderir hoje a programa de regulariza\u00e7\u00e3o, alerta Receita - Aconteceu no Vale\",\"isPartOf\":{\"@id\":\"https:\\\/\\\/aconteceunovale.com.br\\\/portal\\\/#website\"},\"primaryImageOfPage\":{\"@id\":\"https:\\\/\\\/aconteceunovale.com.br\\\/portal\\\/?p=124360#primaryimage\"},\"image\":{\"@id\":\"https:\\\/\\\/aconteceunovale.com.br\\\/portal\\\/?p=124360#primaryimage\"},\"thumbnailUrl\":\"https:\\\/\\\/aconteceunovale.com.br\\\/portal\\\/wp-content\\\/uploads\\\/2015\\\/04\\\/site_receita_federal.jpg\",\"datePublished\":\"2017-11-28T16:49:27+00:00\",\"author\":{\"@id\":\"https:\\\/\\\/aconteceunovale.com.br\\\/portal\\\/#\\\/schema\\\/person\\\/633529146f2c94272bef50ac2953d589\"},\"breadcrumb\":{\"@id\":\"https:\\\/\\\/aconteceunovale.com.br\\\/portal\\\/?p=124360#breadcrumb\"},\"inLanguage\":\"pt-BR\",\"potentialAction\":[{\"@type\":\"ReadAction\",\"target\":[\"https:\\\/\\\/aconteceunovale.com.br\\\/portal\\\/?p=124360\"]}]},{\"@type\":\"ImageObject\",\"inLanguage\":\"pt-BR\",\"@id\":\"https:\\\/\\\/aconteceunovale.com.br\\\/portal\\\/?p=124360#primaryimage\",\"url\":\"https:\\\/\\\/aconteceunovale.com.br\\\/portal\\\/wp-content\\\/uploads\\\/2015\\\/04\\\/site_receita_federal.jpg\",\"contentUrl\":\"https:\\\/\\\/aconteceunovale.com.br\\\/portal\\\/wp-content\\\/uploads\\\/2015\\\/04\\\/site_receita_federal.jpg\",\"width\":673,\"height\":450},{\"@type\":\"BreadcrumbList\",\"@id\":\"https:\\\/\\\/aconteceunovale.com.br\\\/portal\\\/?p=124360#breadcrumb\",\"itemListElement\":[{\"@type\":\"ListItem\",\"position\":1,\"name\":\"In\u00edcio\",\"item\":\"https:\\\/\\\/aconteceunovale.com.br\\\/portal\\\/\"},{\"@type\":\"ListItem\",\"position\":2,\"name\":\"Produtores rurais devem aderir hoje a programa de regulariza\u00e7\u00e3o, alerta Receita\"}]},{\"@type\":\"WebSite\",\"@id\":\"https:\\\/\\\/aconteceunovale.com.br\\\/portal\\\/#website\",\"url\":\"https:\\\/\\\/aconteceunovale.com.br\\\/portal\\\/\",\"name\":\"Aconteceu no Vale\",\"description\":\"Portal de Not\u00edcias\",\"potentialAction\":[{\"@type\":\"SearchAction\",\"target\":{\"@type\":\"EntryPoint\",\"urlTemplate\":\"https:\\\/\\\/aconteceunovale.com.br\\\/portal\\\/?s={search_term_string}\"},\"query-input\":{\"@type\":\"PropertyValueSpecification\",\"valueRequired\":true,\"valueName\":\"search_term_string\"}}],\"inLanguage\":\"pt-BR\"},{\"@type\":\"Person\",\"@id\":\"https:\\\/\\\/aconteceunovale.com.br\\\/portal\\\/#\\\/schema\\\/person\\\/633529146f2c94272bef50ac2953d589\",\"name\":\"Aconteceu no Vale\",\"description\":\"Equipe de reportagem do Aconteceu no Vale, portal de not\u00edcias do Vale do Jequitinhonha, em Minas Gerais. Cobrimos as 51 cidades do Vale desde 2013. Sugest\u00f5es de pauta e pedidos de corre\u00e7\u00e3o: contato@aconteceunovale.com.br\",\"sameAs\":[\"http:\\\/\\\/www.aconteceunovale.com.br\"],\"url\":\"https:\\\/\\\/aconteceunovale.com.br\\\/portal\\\/?author=1\"}]}<\/script>\n<!-- \/ Yoast SEO plugin. -->","yoast_head_json":{"title":"Produtores rurais devem aderir hoje a programa de regulariza\u00e7\u00e3o, alerta Receita - Aconteceu no Vale","robots":{"index":"index","follow":"follow","max-snippet":"max-snippet:-1","max-image-preview":"max-image-preview:large","max-video-preview":"max-video-preview:-1"},"canonical":"https:\/\/aconteceunovale.com.br\/portal\/?p=124360","og_locale":"pt_BR","og_type":"article","og_title":"Produtores rurais devem aderir hoje a programa de regulariza\u00e7\u00e3o, alerta Receita - Aconteceu no Vale","og_description":"A medida provis\u00f3ria que institui o Programa de Regulariza\u00e7\u00e3o Rural (PRR) poder\u00e1 caducar hoje (28), colocando fim ao prazo de ades\u00e3o ao programa. Devido \u00e0 situa\u00e7\u00e3o, a Receita Federal divulgou nota alertando produtores rurais para que fa\u00e7am ades\u00e3o ao programa ainda nesta ter\u00e7a-feira. O prazo original encerraria na quarta-feira (30). No entanto, para continuar em [&hellip;]","og_url":"https:\/\/aconteceunovale.com.br\/portal\/?p=124360","og_site_name":"Aconteceu no Vale","article_publisher":"https:\/\/www.facebook.com\/aconteceunovale\/","article_published_time":"2017-11-28T16:49:27+00:00","og_image":[{"width":673,"height":450,"url":"https:\/\/aconteceunovale.com.br\/portal\/wp-content\/uploads\/2015\/04\/site_receita_federal.jpg","type":"image\/jpeg"}],"author":"Aconteceu no Vale","twitter_card":"summary_large_image","twitter_creator":"@noticiadosvales","twitter_site":"@noticiadosvales","twitter_misc":{"Escrito por":"Aconteceu no Vale","Est. tempo de leitura":"2 minutos"},"schema":{"@context":"https:\/\/schema.org","@graph":[{"@type":"Article","@id":"https:\/\/aconteceunovale.com.br\/portal\/?p=124360#article","isPartOf":{"@id":"https:\/\/aconteceunovale.com.br\/portal\/?p=124360"},"author":{"name":"Aconteceu no Vale","@id":"https:\/\/aconteceunovale.com.br\/portal\/#\/schema\/person\/633529146f2c94272bef50ac2953d589"},"headline":"Produtores rurais devem aderir hoje a programa de regulariza\u00e7\u00e3o, alerta Receita","datePublished":"2017-11-28T16:49:27+00:00","mainEntityOfPage":{"@id":"https:\/\/aconteceunovale.com.br\/portal\/?p=124360"},"wordCount":473,"commentCount":0,"image":{"@id":"https:\/\/aconteceunovale.com.br\/portal\/?p=124360#primaryimage"},"thumbnailUrl":"https:\/\/aconteceunovale.com.br\/portal\/wp-content\/uploads\/2015\/04\/site_receita_federal.jpg","keywords":["ades\u00e3o de produtores rurais","alerta receita","MP","Produtores rurais devem aderir hoje a programa de regulariza\u00e7\u00e3o","Programa de Regulariza\u00e7\u00e3o Rural","PRR","receita federal"],"articleSection":["Brasil"],"inLanguage":"pt-BR","potentialAction":[{"@type":"CommentAction","name":"Comment","target":["https:\/\/aconteceunovale.com.br\/portal\/?p=124360#respond"]}]},{"@type":"WebPage","@id":"https:\/\/aconteceunovale.com.br\/portal\/?p=124360","url":"https:\/\/aconteceunovale.com.br\/portal\/?p=124360","name":"Produtores rurais devem aderir hoje a programa de regulariza\u00e7\u00e3o, alerta Receita - Aconteceu no Vale","isPartOf":{"@id":"https:\/\/aconteceunovale.com.br\/portal\/#website"},"primaryImageOfPage":{"@id":"https:\/\/aconteceunovale.com.br\/portal\/?p=124360#primaryimage"},"image":{"@id":"https:\/\/aconteceunovale.com.br\/portal\/?p=124360#primaryimage"},"thumbnailUrl":"https:\/\/aconteceunovale.com.br\/portal\/wp-content\/uploads\/2015\/04\/site_receita_federal.jpg","datePublished":"2017-11-28T16:49:27+00:00","author":{"@id":"https:\/\/aconteceunovale.com.br\/portal\/#\/schema\/person\/633529146f2c94272bef50ac2953d589"},"breadcrumb":{"@id":"https:\/\/aconteceunovale.com.br\/portal\/?p=124360#breadcrumb"},"inLanguage":"pt-BR","potentialAction":[{"@type":"ReadAction","target":["https:\/\/aconteceunovale.com.br\/portal\/?p=124360"]}]},{"@type":"ImageObject","inLanguage":"pt-BR","@id":"https:\/\/aconteceunovale.com.br\/portal\/?p=124360#primaryimage","url":"https:\/\/aconteceunovale.com.br\/portal\/wp-content\/uploads\/2015\/04\/site_receita_federal.jpg","contentUrl":"https:\/\/aconteceunovale.com.br\/portal\/wp-content\/uploads\/2015\/04\/site_receita_federal.jpg","width":673,"height":450},{"@type":"BreadcrumbList","@id":"https:\/\/aconteceunovale.com.br\/portal\/?p=124360#breadcrumb","itemListElement":[{"@type":"ListItem","position":1,"name":"In\u00edcio","item":"https:\/\/aconteceunovale.com.br\/portal\/"},{"@type":"ListItem","position":2,"name":"Produtores rurais devem aderir hoje a programa de regulariza\u00e7\u00e3o, alerta Receita"}]},{"@type":"WebSite","@id":"https:\/\/aconteceunovale.com.br\/portal\/#website","url":"https:\/\/aconteceunovale.com.br\/portal\/","name":"Aconteceu no Vale","description":"Portal de Not\u00edcias","potentialAction":[{"@type":"SearchAction","target":{"@type":"EntryPoint","urlTemplate":"https:\/\/aconteceunovale.com.br\/portal\/?s={search_term_string}"},"query-input":{"@type":"PropertyValueSpecification","valueRequired":true,"valueName":"search_term_string"}}],"inLanguage":"pt-BR"},{"@type":"Person","@id":"https:\/\/aconteceunovale.com.br\/portal\/#\/schema\/person\/633529146f2c94272bef50ac2953d589","name":"Aconteceu no Vale","description":"Equipe de reportagem do Aconteceu no Vale, portal de not\u00edcias do Vale do Jequitinhonha, em Minas Gerais. Cobrimos as 51 cidades do Vale desde 2013. Sugest\u00f5es de pauta e pedidos de corre\u00e7\u00e3o: contato@aconteceunovale.com.br","sameAs":["http:\/\/www.aconteceunovale.com.br"],"url":"https:\/\/aconteceunovale.com.br\/portal\/?author=1"}]}},"_links":{"self":[{"href":"https:\/\/aconteceunovale.com.br\/portal\/index.php?rest_route=\/wp\/v2\/posts\/124360","targetHints":{"allow":["GET"]}}],"collection":[{"href":"https:\/\/aconteceunovale.com.br\/portal\/index.php?rest_route=\/wp\/v2\/posts"}],"about":[{"href":"https:\/\/aconteceunovale.com.br\/portal\/index.php?rest_route=\/wp\/v2\/types\/post"}],"author":[{"embeddable":true,"href":"https:\/\/aconteceunovale.com.br\/portal\/index.php?rest_route=\/wp\/v2\/users\/1"}],"replies":[{"embeddable":true,"href":"https:\/\/aconteceunovale.com.br\/portal\/index.php?rest_route=%2Fwp%2Fv2%2Fcomments&post=124360"}],"version-history":[{"count":0,"href":"https:\/\/aconteceunovale.com.br\/portal\/index.php?rest_route=\/wp\/v2\/posts\/124360\/revisions"}],"wp:featuredmedia":[{"embeddable":true,"href":"https:\/\/aconteceunovale.com.br\/portal\/index.php?rest_route=\/wp\/v2\/media\/57472"}],"wp:attachment":[{"href":"https:\/\/aconteceunovale.com.br\/portal\/index.php?rest_route=%2Fwp%2Fv2%2Fmedia&parent=124360"}],"wp:term":[{"taxonomy":"category","embeddable":true,"href":"https:\/\/aconteceunovale.com.br\/portal\/index.php?rest_route=%2Fwp%2Fv2%2Fcategories&post=124360"},{"taxonomy":"post_tag","embeddable":true,"href":"https:\/\/aconteceunovale.com.br\/portal\/index.php?rest_route=%2Fwp%2Fv2%2Ftags&post=124360"}],"curies":[{"name":"wp","href":"https:\/\/api.w.org\/{rel}","templated":true}]}}