{"id":124352,"date":"2017-11-28T14:18:59","date_gmt":"2017-11-28T16:18:59","guid":{"rendered":"http:\/\/aconteceunovale.com.br\/portal\/?p=124352"},"modified":"2017-11-28T14:18:59","modified_gmt":"2017-11-28T16:18:59","slug":"governo-de-minas-gerais-autoriza-realizacao-de-concurso-para-a-educacao","status":"publish","type":"post","link":"https:\/\/aconteceunovale.com.br\/portal\/?p=124352","title":{"rendered":"Governo de Minas Gerais autoriza realiza\u00e7\u00e3o de concurso para a Educa\u00e7\u00e3o"},"content":{"rendered":"<p>A Comiss\u00e3o de Or\u00e7amento e Finan\u00e7as, da Secretaria de Estado de Planejamento e Gest\u00e3o de Minas Gerais (Seplag), autorizou a realiza\u00e7\u00e3o de concurso p\u00fablico para o provimento de 16 mil vagas para o cargo de Professor de Educa\u00e7\u00e3o B\u00e1sica Regente de Aula (professores de disciplinas) e 700 vagas para o cargo de Especialista em Educa\u00e7\u00e3o B\u00e1sica.<\/p>\n<p>As vagas v\u00e3o abarcar todas as 47 Superintend\u00eancias Regionais de Ensino do Estado. O edital de concurso e o termo de refer\u00eancia para a contrata\u00e7\u00e3o de empresa j\u00e1 est\u00e3o em fase de elabora\u00e7\u00e3o pela Seplag.<\/p>\n<p>Para a secret\u00e1ria de Estado de Educa\u00e7\u00e3o, Maca\u00e9 Evaristo, a realiza\u00e7\u00e3o de concurso p\u00fablico na Educa\u00e7\u00e3o vai ao encontro da pol\u00edtica de valoriza\u00e7\u00e3o do servidor e traz consequ\u00eancias positivas para a qualidade da Educa\u00e7\u00e3o.<\/p>\n<p>\u201cQuando assumimos a gest\u00e3o, em 2015, t\u00ednhamos um quadro de pessoal no qual menos de 1\/3 era de servidores efetivos. Com grande esfor\u00e7o, chegamos agora em 2017 \u00e0 marca de mais de 50 mil servidores nomeados. Em algumas carreiras, como a de professor, o \u00edndice de efetivos chega a 42%; mas em outras j\u00e1 ultrapassamos os 70% de efetivos. S\u00e3o dados que devem ser comemorados, porque n\u00e3o h\u00e1 d\u00favida que v\u00e3o impactar positivamente no desenvolvimento de nossos estudantes\u201d, ressalta Maca\u00e9.<\/p>\n<p>\u201cEste novo concurso vem se juntar a essa nossa pol\u00edtica de valoriza\u00e7\u00e3o do servidor e vai contribuir para que, no ano que vem, a gente consiga a maioria de servidores efetivos no conjunto das carreiras da Educa\u00e7\u00e3o\u201d, afirma a secret\u00e1ria.<\/p>\n<p><strong>VER PRIMEIRO<\/strong><\/p>\n<p>Receba as not\u00edcias do Aconteceu no Vale em primeira m\u00e3o. Clique em curtir no endere\u00e7o <a href=\"https:\/\/www.facebook.com\/aconteceunovale\" target=\"_blank\"><font color=\"red\">www.facebook.com\/aconteceunovale<\/font><\/a> ou no box abaixo:<\/p>\n<div class=\"fb-like\" data-href=\"https:\/\/www.facebook.com\/aconteceunovale\" data-width=\"120\" data-layout=\"standard\" data-action=\"like\" data-size=\"small\" data-show-faces=\"true\" data-share=\"true\"><\/div>\n<p><\/br><\/p>\n<p><em>(Fonte: Ag\u00eancia Minas)<\/em><\/p>\n","protected":false},"excerpt":{"rendered":"<p>A Comiss\u00e3o de Or\u00e7amento e Finan\u00e7as, da Secretaria de Estado de Planejamento e Gest\u00e3o de Minas Gerais (Seplag), autorizou a realiza\u00e7\u00e3o de concurso p\u00fablico para o provimento de 16 mil vagas para o cargo de Professor de Educa\u00e7\u00e3o B\u00e1sica Regente de Aula (professores de disciplinas) e 700 vagas para o cargo de Especialista em Educa\u00e7\u00e3o [&hellip;]<\/p>\n","protected":false},"author":1,"featured_media":124353,"comment_status":"open","ping_status":"closed","sticky":false,"template":"","format":"standard","meta":{"amp_status":"","footnotes":""},"categories":[40238,123],"tags":[164502,164505,142872,164506,164501,164503,164500,1018,164504,164507,28366,164499,37573,3371,3372],"class_list":["post-124352","post","type-post","status-publish","format-standard","has-post-thumbnail","hentry","category-educacao-2","category-gerais","tag-concurso-educacao-minas-gerais","tag-concurso-especialista-em-educacao-basica","tag-concurso-minas-gerais","tag-concurso-para-especialista-em-educacao-basica-em-minas-gerais","tag-concurso-para-professor-de-educacao-basica-regente-de-aula","tag-concurso-para-professor-em-minas-gerais","tag-concurso-professor-de-educacao-basica-regente-de-aula","tag-destaque","tag-especialista-em-educacao-basica","tag-governo-de-minas-gerais-autoriza-realizacao-de-concurso-para-a-educacao","tag-macae-evaristo","tag-professor-de-educacao-basica-regente-de-aula","tag-secretaria-de-estado-de-educacao","tag-secretaria-de-estado-de-planejamento-e-gestao-de-minas-gerais","tag-seplag"],"yoast_head":"<!-- This site is optimized with the Yoast SEO plugin v28.3 - https:\/\/yoast.com\/product\/yoast-seo-wordpress\/ -->\n<title>Governo de Minas Gerais autoriza realiza\u00e7\u00e3o de concurso para a Educa\u00e7\u00e3o - Aconteceu no Vale<\/title>\n<meta name=\"robots\" content=\"index, follow, max-snippet:-1, max-image-preview:large, max-video-preview:-1\" \/>\n<link rel=\"canonical\" href=\"https:\/\/aconteceunovale.com.br\/portal\/?p=124352\" \/>\n<meta property=\"og:locale\" content=\"pt_BR\" \/>\n<meta property=\"og:type\" content=\"article\" \/>\n<meta property=\"og:title\" content=\"Governo de Minas Gerais autoriza realiza\u00e7\u00e3o de concurso para a Educa\u00e7\u00e3o - Aconteceu no Vale\" \/>\n<meta property=\"og:description\" content=\"A Comiss\u00e3o de Or\u00e7amento e Finan\u00e7as, da Secretaria de Estado de Planejamento e Gest\u00e3o de Minas Gerais (Seplag), autorizou a realiza\u00e7\u00e3o de concurso p\u00fablico para o provimento de 16 mil vagas para o cargo de Professor de Educa\u00e7\u00e3o B\u00e1sica Regente de Aula (professores de disciplinas) e 700 vagas para o cargo de Especialista em Educa\u00e7\u00e3o [&hellip;]\" \/>\n<meta property=\"og:url\" content=\"https:\/\/aconteceunovale.com.br\/portal\/?p=124352\" \/>\n<meta property=\"og:site_name\" content=\"Aconteceu no Vale\" \/>\n<meta property=\"article:publisher\" content=\"https:\/\/www.facebook.com\/aconteceunovale\/\" \/>\n<meta property=\"article:published_time\" content=\"2017-11-28T16:18:59+00:00\" \/>\n<meta property=\"og:image\" content=\"https:\/\/aconteceunovale.com.br\/portal\/wp-content\/uploads\/2017\/11\/concurso_educacao.jpg\" \/>\n\t<meta property=\"og:image:width\" content=\"678\" \/>\n\t<meta property=\"og:image:height\" content=\"374\" \/>\n\t<meta property=\"og:image:type\" content=\"image\/jpeg\" \/>\n<meta name=\"author\" content=\"Aconteceu no Vale\" \/>\n<meta name=\"twitter:card\" content=\"summary_large_image\" \/>\n<meta name=\"twitter:creator\" content=\"@noticiadosvales\" \/>\n<meta name=\"twitter:site\" content=\"@noticiadosvales\" \/>\n<meta name=\"twitter:label1\" content=\"Escrito por\" \/>\n\t<meta name=\"twitter:data1\" content=\"Aconteceu no Vale\" \/>\n\t<meta name=\"twitter:label2\" content=\"Est. tempo de leitura\" \/>\n\t<meta name=\"twitter:data2\" content=\"2 minutos\" \/>\n<script type=\"application\/ld+json\" class=\"yoast-schema-graph\">{\"@context\":\"https:\\\/\\\/schema.org\",\"@graph\":[{\"@type\":\"Article\",\"@id\":\"https:\\\/\\\/aconteceunovale.com.br\\\/portal\\\/?p=124352#article\",\"isPartOf\":{\"@id\":\"https:\\\/\\\/aconteceunovale.com.br\\\/portal\\\/?p=124352\"},\"author\":{\"name\":\"Aconteceu no Vale\",\"@id\":\"https:\\\/\\\/aconteceunovale.com.br\\\/portal\\\/#\\\/schema\\\/person\\\/633529146f2c94272bef50ac2953d589\"},\"headline\":\"Governo de Minas Gerais autoriza realiza\u00e7\u00e3o de concurso para a Educa\u00e7\u00e3o\",\"datePublished\":\"2017-11-28T16:18:59+00:00\",\"mainEntityOfPage\":{\"@id\":\"https:\\\/\\\/aconteceunovale.com.br\\\/portal\\\/?p=124352\"},\"wordCount\":316,\"commentCount\":0,\"image\":{\"@id\":\"https:\\\/\\\/aconteceunovale.com.br\\\/portal\\\/?p=124352#primaryimage\"},\"thumbnailUrl\":\"https:\\\/\\\/aconteceunovale.com.br\\\/portal\\\/wp-content\\\/uploads\\\/2017\\\/11\\\/concurso_educacao.jpg\",\"keywords\":[\"Concurso Educa\u00e7\u00e3o Minas Gerais\",\"Concurso Especialista em Educa\u00e7\u00e3o B\u00e1sica\",\"Concurso Minas Gerais\",\"Concurso para Especialista em Educa\u00e7\u00e3o B\u00e1sica em Minas Gerais\",\"Concurso para Professor de Educa\u00e7\u00e3o B\u00e1sica Regente de Aula\",\"Concurso para professor em Minas Gerais\",\"Concurso Professor de Educa\u00e7\u00e3o B\u00e1sica Regente de Aula\",\"destaque\",\"Especialista em Educa\u00e7\u00e3o B\u00e1sica\",\"Governo de Minas Gerais autoriza realiza\u00e7\u00e3o de concurso para a Educa\u00e7\u00e3o\",\"Maca\u00e9 Evaristo\",\"Professor de Educa\u00e7\u00e3o B\u00e1sica Regente de Aula\",\"secret\u00e1ria de Estado de Educa\u00e7\u00e3o\",\"Secretaria de Estado de Planejamento e Gest\u00e3o de Minas Gerais\",\"seplag\"],\"articleSection\":[\"Educa\u00e7\u00e3o\",\"Minas Gerais\"],\"inLanguage\":\"pt-BR\",\"potentialAction\":[{\"@type\":\"CommentAction\",\"name\":\"Comment\",\"target\":[\"https:\\\/\\\/aconteceunovale.com.br\\\/portal\\\/?p=124352#respond\"]}]},{\"@type\":\"WebPage\",\"@id\":\"https:\\\/\\\/aconteceunovale.com.br\\\/portal\\\/?p=124352\",\"url\":\"https:\\\/\\\/aconteceunovale.com.br\\\/portal\\\/?p=124352\",\"name\":\"Governo de Minas Gerais autoriza realiza\u00e7\u00e3o de concurso para a Educa\u00e7\u00e3o - Aconteceu no Vale\",\"isPartOf\":{\"@id\":\"https:\\\/\\\/aconteceunovale.com.br\\\/portal\\\/#website\"},\"primaryImageOfPage\":{\"@id\":\"https:\\\/\\\/aconteceunovale.com.br\\\/portal\\\/?p=124352#primaryimage\"},\"image\":{\"@id\":\"https:\\\/\\\/aconteceunovale.com.br\\\/portal\\\/?p=124352#primaryimage\"},\"thumbnailUrl\":\"https:\\\/\\\/aconteceunovale.com.br\\\/portal\\\/wp-content\\\/uploads\\\/2017\\\/11\\\/concurso_educacao.jpg\",\"datePublished\":\"2017-11-28T16:18:59+00:00\",\"author\":{\"@id\":\"https:\\\/\\\/aconteceunovale.com.br\\\/portal\\\/#\\\/schema\\\/person\\\/633529146f2c94272bef50ac2953d589\"},\"breadcrumb\":{\"@id\":\"https:\\\/\\\/aconteceunovale.com.br\\\/portal\\\/?p=124352#breadcrumb\"},\"inLanguage\":\"pt-BR\",\"potentialAction\":[{\"@type\":\"ReadAction\",\"target\":[\"https:\\\/\\\/aconteceunovale.com.br\\\/portal\\\/?p=124352\"]}]},{\"@type\":\"ImageObject\",\"inLanguage\":\"pt-BR\",\"@id\":\"https:\\\/\\\/aconteceunovale.com.br\\\/portal\\\/?p=124352#primaryimage\",\"url\":\"https:\\\/\\\/aconteceunovale.com.br\\\/portal\\\/wp-content\\\/uploads\\\/2017\\\/11\\\/concurso_educacao.jpg\",\"contentUrl\":\"https:\\\/\\\/aconteceunovale.com.br\\\/portal\\\/wp-content\\\/uploads\\\/2017\\\/11\\\/concurso_educacao.jpg\",\"width\":678,\"height\":374},{\"@type\":\"BreadcrumbList\",\"@id\":\"https:\\\/\\\/aconteceunovale.com.br\\\/portal\\\/?p=124352#breadcrumb\",\"itemListElement\":[{\"@type\":\"ListItem\",\"position\":1,\"name\":\"In\u00edcio\",\"item\":\"https:\\\/\\\/aconteceunovale.com.br\\\/portal\\\/\"},{\"@type\":\"ListItem\",\"position\":2,\"name\":\"Governo de Minas Gerais autoriza realiza\u00e7\u00e3o de concurso para a Educa\u00e7\u00e3o\"}]},{\"@type\":\"WebSite\",\"@id\":\"https:\\\/\\\/aconteceunovale.com.br\\\/portal\\\/#website\",\"url\":\"https:\\\/\\\/aconteceunovale.com.br\\\/portal\\\/\",\"name\":\"Aconteceu no Vale\",\"description\":\"Portal de Not\u00edcias\",\"potentialAction\":[{\"@type\":\"SearchAction\",\"target\":{\"@type\":\"EntryPoint\",\"urlTemplate\":\"https:\\\/\\\/aconteceunovale.com.br\\\/portal\\\/?s={search_term_string}\"},\"query-input\":{\"@type\":\"PropertyValueSpecification\",\"valueRequired\":true,\"valueName\":\"search_term_string\"}}],\"inLanguage\":\"pt-BR\"},{\"@type\":\"Person\",\"@id\":\"https:\\\/\\\/aconteceunovale.com.br\\\/portal\\\/#\\\/schema\\\/person\\\/633529146f2c94272bef50ac2953d589\",\"name\":\"Aconteceu no Vale\",\"description\":\"Equipe de reportagem do Aconteceu no Vale, portal de not\u00edcias do Vale do Jequitinhonha, em Minas Gerais. Cobrimos as 51 cidades do Vale desde 2013. Sugest\u00f5es de pauta e pedidos de corre\u00e7\u00e3o: contato@aconteceunovale.com.br\",\"sameAs\":[\"http:\\\/\\\/www.aconteceunovale.com.br\"],\"url\":\"https:\\\/\\\/aconteceunovale.com.br\\\/portal\\\/?author=1\"}]}<\/script>\n<!-- \/ Yoast SEO plugin. -->","yoast_head_json":{"title":"Governo de Minas Gerais autoriza realiza\u00e7\u00e3o de concurso para a Educa\u00e7\u00e3o - Aconteceu no Vale","robots":{"index":"index","follow":"follow","max-snippet":"max-snippet:-1","max-image-preview":"max-image-preview:large","max-video-preview":"max-video-preview:-1"},"canonical":"https:\/\/aconteceunovale.com.br\/portal\/?p=124352","og_locale":"pt_BR","og_type":"article","og_title":"Governo de Minas Gerais autoriza realiza\u00e7\u00e3o de concurso para a Educa\u00e7\u00e3o - Aconteceu no Vale","og_description":"A Comiss\u00e3o de Or\u00e7amento e Finan\u00e7as, da Secretaria de Estado de Planejamento e Gest\u00e3o de Minas Gerais (Seplag), autorizou a realiza\u00e7\u00e3o de concurso p\u00fablico para o provimento de 16 mil vagas para o cargo de Professor de Educa\u00e7\u00e3o B\u00e1sica Regente de Aula (professores de disciplinas) e 700 vagas para o cargo de Especialista em Educa\u00e7\u00e3o [&hellip;]","og_url":"https:\/\/aconteceunovale.com.br\/portal\/?p=124352","og_site_name":"Aconteceu no Vale","article_publisher":"https:\/\/www.facebook.com\/aconteceunovale\/","article_published_time":"2017-11-28T16:18:59+00:00","og_image":[{"width":678,"height":374,"url":"https:\/\/aconteceunovale.com.br\/portal\/wp-content\/uploads\/2017\/11\/concurso_educacao.jpg","type":"image\/jpeg"}],"author":"Aconteceu no Vale","twitter_card":"summary_large_image","twitter_creator":"@noticiadosvales","twitter_site":"@noticiadosvales","twitter_misc":{"Escrito por":"Aconteceu no Vale","Est. tempo de leitura":"2 minutos"},"schema":{"@context":"https:\/\/schema.org","@graph":[{"@type":"Article","@id":"https:\/\/aconteceunovale.com.br\/portal\/?p=124352#article","isPartOf":{"@id":"https:\/\/aconteceunovale.com.br\/portal\/?p=124352"},"author":{"name":"Aconteceu no Vale","@id":"https:\/\/aconteceunovale.com.br\/portal\/#\/schema\/person\/633529146f2c94272bef50ac2953d589"},"headline":"Governo de Minas Gerais autoriza realiza\u00e7\u00e3o de concurso para a Educa\u00e7\u00e3o","datePublished":"2017-11-28T16:18:59+00:00","mainEntityOfPage":{"@id":"https:\/\/aconteceunovale.com.br\/portal\/?p=124352"},"wordCount":316,"commentCount":0,"image":{"@id":"https:\/\/aconteceunovale.com.br\/portal\/?p=124352#primaryimage"},"thumbnailUrl":"https:\/\/aconteceunovale.com.br\/portal\/wp-content\/uploads\/2017\/11\/concurso_educacao.jpg","keywords":["Concurso Educa\u00e7\u00e3o Minas Gerais","Concurso Especialista em Educa\u00e7\u00e3o B\u00e1sica","Concurso Minas Gerais","Concurso para Especialista em Educa\u00e7\u00e3o B\u00e1sica em Minas Gerais","Concurso para Professor de Educa\u00e7\u00e3o B\u00e1sica Regente de Aula","Concurso para professor em Minas Gerais","Concurso Professor de Educa\u00e7\u00e3o B\u00e1sica Regente de Aula","destaque","Especialista em Educa\u00e7\u00e3o B\u00e1sica","Governo de Minas Gerais autoriza realiza\u00e7\u00e3o de concurso para a Educa\u00e7\u00e3o","Maca\u00e9 Evaristo","Professor de Educa\u00e7\u00e3o B\u00e1sica Regente de Aula","secret\u00e1ria de Estado de Educa\u00e7\u00e3o","Secretaria de Estado de Planejamento e Gest\u00e3o de Minas Gerais","seplag"],"articleSection":["Educa\u00e7\u00e3o","Minas Gerais"],"inLanguage":"pt-BR","potentialAction":[{"@type":"CommentAction","name":"Comment","target":["https:\/\/aconteceunovale.com.br\/portal\/?p=124352#respond"]}]},{"@type":"WebPage","@id":"https:\/\/aconteceunovale.com.br\/portal\/?p=124352","url":"https:\/\/aconteceunovale.com.br\/portal\/?p=124352","name":"Governo de Minas Gerais autoriza realiza\u00e7\u00e3o de concurso para a Educa\u00e7\u00e3o - Aconteceu no Vale","isPartOf":{"@id":"https:\/\/aconteceunovale.com.br\/portal\/#website"},"primaryImageOfPage":{"@id":"https:\/\/aconteceunovale.com.br\/portal\/?p=124352#primaryimage"},"image":{"@id":"https:\/\/aconteceunovale.com.br\/portal\/?p=124352#primaryimage"},"thumbnailUrl":"https:\/\/aconteceunovale.com.br\/portal\/wp-content\/uploads\/2017\/11\/concurso_educacao.jpg","datePublished":"2017-11-28T16:18:59+00:00","author":{"@id":"https:\/\/aconteceunovale.com.br\/portal\/#\/schema\/person\/633529146f2c94272bef50ac2953d589"},"breadcrumb":{"@id":"https:\/\/aconteceunovale.com.br\/portal\/?p=124352#breadcrumb"},"inLanguage":"pt-BR","potentialAction":[{"@type":"ReadAction","target":["https:\/\/aconteceunovale.com.br\/portal\/?p=124352"]}]},{"@type":"ImageObject","inLanguage":"pt-BR","@id":"https:\/\/aconteceunovale.com.br\/portal\/?p=124352#primaryimage","url":"https:\/\/aconteceunovale.com.br\/portal\/wp-content\/uploads\/2017\/11\/concurso_educacao.jpg","contentUrl":"https:\/\/aconteceunovale.com.br\/portal\/wp-content\/uploads\/2017\/11\/concurso_educacao.jpg","width":678,"height":374},{"@type":"BreadcrumbList","@id":"https:\/\/aconteceunovale.com.br\/portal\/?p=124352#breadcrumb","itemListElement":[{"@type":"ListItem","position":1,"name":"In\u00edcio","item":"https:\/\/aconteceunovale.com.br\/portal\/"},{"@type":"ListItem","position":2,"name":"Governo de Minas Gerais autoriza realiza\u00e7\u00e3o de concurso para a Educa\u00e7\u00e3o"}]},{"@type":"WebSite","@id":"https:\/\/aconteceunovale.com.br\/portal\/#website","url":"https:\/\/aconteceunovale.com.br\/portal\/","name":"Aconteceu no Vale","description":"Portal de Not\u00edcias","potentialAction":[{"@type":"SearchAction","target":{"@type":"EntryPoint","urlTemplate":"https:\/\/aconteceunovale.com.br\/portal\/?s={search_term_string}"},"query-input":{"@type":"PropertyValueSpecification","valueRequired":true,"valueName":"search_term_string"}}],"inLanguage":"pt-BR"},{"@type":"Person","@id":"https:\/\/aconteceunovale.com.br\/portal\/#\/schema\/person\/633529146f2c94272bef50ac2953d589","name":"Aconteceu no Vale","description":"Equipe de reportagem do Aconteceu no Vale, portal de not\u00edcias do Vale do Jequitinhonha, em Minas Gerais. Cobrimos as 51 cidades do Vale desde 2013. Sugest\u00f5es de pauta e pedidos de corre\u00e7\u00e3o: contato@aconteceunovale.com.br","sameAs":["http:\/\/www.aconteceunovale.com.br"],"url":"https:\/\/aconteceunovale.com.br\/portal\/?author=1"}]}},"_links":{"self":[{"href":"https:\/\/aconteceunovale.com.br\/portal\/index.php?rest_route=\/wp\/v2\/posts\/124352","targetHints":{"allow":["GET"]}}],"collection":[{"href":"https:\/\/aconteceunovale.com.br\/portal\/index.php?rest_route=\/wp\/v2\/posts"}],"about":[{"href":"https:\/\/aconteceunovale.com.br\/portal\/index.php?rest_route=\/wp\/v2\/types\/post"}],"author":[{"embeddable":true,"href":"https:\/\/aconteceunovale.com.br\/portal\/index.php?rest_route=\/wp\/v2\/users\/1"}],"replies":[{"embeddable":true,"href":"https:\/\/aconteceunovale.com.br\/portal\/index.php?rest_route=%2Fwp%2Fv2%2Fcomments&post=124352"}],"version-history":[{"count":0,"href":"https:\/\/aconteceunovale.com.br\/portal\/index.php?rest_route=\/wp\/v2\/posts\/124352\/revisions"}],"wp:featuredmedia":[{"embeddable":true,"href":"https:\/\/aconteceunovale.com.br\/portal\/index.php?rest_route=\/wp\/v2\/media\/124353"}],"wp:attachment":[{"href":"https:\/\/aconteceunovale.com.br\/portal\/index.php?rest_route=%2Fwp%2Fv2%2Fmedia&parent=124352"}],"wp:term":[{"taxonomy":"category","embeddable":true,"href":"https:\/\/aconteceunovale.com.br\/portal\/index.php?rest_route=%2Fwp%2Fv2%2Fcategories&post=124352"},{"taxonomy":"post_tag","embeddable":true,"href":"https:\/\/aconteceunovale.com.br\/portal\/index.php?rest_route=%2Fwp%2Fv2%2Ftags&post=124352"}],"curies":[{"name":"wp","href":"https:\/\/api.w.org\/{rel}","templated":true}]}}