{"id":124350,"date":"2017-11-27T23:59:37","date_gmt":"2017-11-28T01:59:37","guid":{"rendered":"http:\/\/aconteceunovale.com.br\/portal\/?p=124350"},"modified":"2026-09-02T12:29:57","modified_gmt":"2026-09-02T15:29:57","slug":"aneel-mantem-bandeira-tarifaria-vermelha-em-dezembro","status":"publish","type":"post","link":"https:\/\/aconteceunovale.com.br\/portal\/?p=124350","title":{"rendered":"Aneel mant\u00e9m bandeira tarif\u00e1ria vermelha em dezembro"},"content":{"rendered":"<p>A Ag\u00eancia Nacional de Elergia El\u00e9trica (Aneel) divulgou hoje (27) que a bandeira tarif\u00e1ria para o m\u00eas de dezembro ser\u00e1 vermelha, mas no patamar 1, com custo um pouco menor, de R$ 3 a cada 100 kWh (quilowatts-hora) consumidos.<\/p>\n<p>Desde outubro, vigorava o patamar 2 na cobran\u00e7a nas contas de luz, tarifa mais cara prevista na distribui\u00e7\u00e3o das bandeiras e que implica a cobran\u00e7a de taxa extra nas contas de luz de\u00a0R$ 5 a cada 100 kWh consumidos, ap\u00f3s reajuste anunciado em novembro. Em setembro, vigorou na cobran\u00e7a das contas de luz a bandeira amarela, que aplicou uma taxa extra de R$ 2 para cada 100 kWh.<\/p>\n<p>De acordo com a ag\u00eancia, houve uma ligeira melhora na situa\u00e7\u00e3o dos reservat\u00f3rios das usinas hidrel\u00e9tricas. A Aneel disse ainda que, embora n\u00e3o haja risco de desabastecimento, \u00e9 preciso refor\u00e7ar as medidas para evitar o desperd\u00edcio de energia.<\/p>\n<p>Na semana passada, o Comit\u00ea de Monitoramento do Setor El\u00e9trico (CMSE) apontou uma \u201cpequena melhoria\u201d nas condi\u00e7\u00f5es de atendimento ao Sistema Interligado Nacional, em raz\u00e3o das chuvas registradas no m\u00eas de novembro.<\/p>\n<p>De acordo com o comit\u00ea, o cen\u00e1rio \u00e9 de acompanhamento da evolu\u00e7\u00e3o \u201cconsiderando as chuvas previstas nos pr\u00f3ximos dias em grande parte do pa\u00eds.\u201d Para o per\u00edodo de 15 a 30 dias, a previs\u00e3o \u00e9 de chuvas relativamente pr\u00f3ximas \u00e0 m\u00e9dia hist\u00f3rica no Sudeste, Centro-Oeste e no centro-norte da regi\u00e3o Sul.<\/p>\n<p><strong>Bandeiras tarif\u00e1rias<\/strong><\/p>\n<p>O sistema de bandeiras tarif\u00e1rias foi criado em 2015 como forma de recompor os gastos extras com a utiliza\u00e7\u00e3o de energia de usinas termel\u00e9tricas, que \u00e9 mais cara do que a de hidrel\u00e9tricas. A cor da bandeira \u00e9 impressa na conta de luz (vermelha, amarela ou verde) e indica o custo da energia em fun\u00e7\u00e3o das condi\u00e7\u00f5es de gera\u00e7\u00e3o.<\/p>\n<p>A bandeira vermelha \u00e9 acionada quando \u00e9 preciso ligar usinas termel\u00e9tricas mais caras, por causa da falta de chuvas. Segundo a Aneel, o sistema de bandeiras tarif\u00e1rias sinaliza o custo real da energia gerada, possibilitando aos consumidores o uso consciente. As cores verde, amarela ou vermelha (nos patamares 1 e 2) indicam se a energia custar\u00e1 mais ou menos em fun\u00e7\u00e3o das condi\u00e7\u00f5es de gera\u00e7\u00e3o de eletricidade.<\/p>\n<p><strong>VER PRIMEIRO<\/strong><\/p>\n<p>Receba as not\u00edcias do Aconteceu no Vale em primeira m\u00e3o. Clique em curtir no endere\u00e7o <a href=\"https:\/\/www.facebook.com\/aconteceunovale\" target=\"_blank\"><font color=\"red\">www.facebook.com\/aconteceunovale<\/font><\/a> ou no box abaixo:<\/p>\n<div class=\"fb-like\" data-href=\"https:\/\/www.facebook.com\/aconteceunovale\" data-width=\"120\" data-layout=\"standard\" data-action=\"like\" data-size=\"small\" data-show-faces=\"true\" data-share=\"true\"><\/div>\n<p><\/br><\/p>\n<p><em>(Fonte: Ag\u00eancia Brasil)<\/em><\/p>\n","protected":false},"excerpt":{"rendered":"<p>A Ag\u00eancia Nacional de Elergia El\u00e9trica (Aneel) divulgou hoje (27) que a bandeira tarif\u00e1ria para o m\u00eas de dezembro ser\u00e1 vermelha, mas no patamar 1, com custo um pouco menor, de R$ 3 a cada 100 kWh (quilowatts-hora) consumidos. Desde outubro, vigorava o patamar 2 na cobran\u00e7a nas contas de luz, tarifa mais cara prevista [&hellip;]<\/p>\n","protected":false},"author":1,"featured_media":113349,"comment_status":"open","ping_status":"closed","sticky":false,"template":"","format":"standard","meta":{"amp_status":"","footnotes":""},"categories":[6],"tags":[164498,26918,164496,31752,127332,164497,26915,31753,35418],"class_list":["post-124350","post","type-post","status-publish","format-standard","has-post-thumbnail","hentry","category-br","tag-agencia-nacional-de-elergia-eletrica","tag-aneel","tag-aneel-mantem-bandeira-tarifaria-vermelha-em-dezembro","tag-bandeira-tarifaria","tag-bandeira-tarifaria-de-dezembro","tag-bandeira-vermelha-em-dezembro","tag-bandeiras-tarifarias","tag-conta-de-luz","tag-energia-eletrica"],"yoast_head":"<!-- This site is optimized with the Yoast SEO plugin v28.3 - https:\/\/yoast.com\/product\/yoast-seo-wordpress\/ -->\n<title>Aneel mant\u00e9m bandeira tarif\u00e1ria vermelha em dezembro - Aconteceu no Vale<\/title>\n<meta name=\"robots\" content=\"index, follow, max-snippet:-1, max-image-preview:large, max-video-preview:-1\" \/>\n<link rel=\"canonical\" href=\"https:\/\/aconteceunovale.com.br\/portal\/?p=124350\" \/>\n<meta property=\"og:locale\" content=\"pt_BR\" \/>\n<meta property=\"og:type\" content=\"article\" \/>\n<meta property=\"og:title\" content=\"Aneel mant\u00e9m bandeira tarif\u00e1ria vermelha em dezembro - Aconteceu no Vale\" \/>\n<meta property=\"og:description\" content=\"A Ag\u00eancia Nacional de Elergia El\u00e9trica (Aneel) divulgou hoje (27) que a bandeira tarif\u00e1ria para o m\u00eas de dezembro ser\u00e1 vermelha, mas no patamar 1, com custo um pouco menor, de R$ 3 a cada 100 kWh (quilowatts-hora) consumidos. Desde outubro, vigorava o patamar 2 na cobran\u00e7a nas contas de luz, tarifa mais cara prevista [&hellip;]\" \/>\n<meta property=\"og:url\" content=\"https:\/\/aconteceunovale.com.br\/portal\/?p=124350\" \/>\n<meta property=\"og:site_name\" content=\"Aconteceu no Vale\" \/>\n<meta property=\"article:publisher\" content=\"https:\/\/www.facebook.com\/aconteceunovale\/\" \/>\n<meta property=\"article:published_time\" content=\"2017-11-28T01:59:37+00:00\" \/>\n<meta property=\"article:modified_time\" content=\"2026-09-02T15:29:57+00:00\" \/>\n<meta property=\"og:image\" content=\"https:\/\/aconteceunovale.com.br\/portal\/wp-content\/uploads\/2017\/04\/lampada.jpg\" \/>\n\t<meta property=\"og:image:width\" content=\"652\" \/>\n\t<meta property=\"og:image:height\" content=\"408\" \/>\n\t<meta property=\"og:image:type\" content=\"image\/jpeg\" \/>\n<meta name=\"author\" content=\"Aconteceu no Vale\" \/>\n<meta name=\"twitter:card\" content=\"summary_large_image\" \/>\n<meta name=\"twitter:creator\" content=\"@noticiadosvales\" \/>\n<meta name=\"twitter:site\" content=\"@noticiadosvales\" \/>\n<meta name=\"twitter:label1\" content=\"Escrito por\" \/>\n\t<meta name=\"twitter:data1\" content=\"Aconteceu no Vale\" \/>\n\t<meta name=\"twitter:label2\" content=\"Est. tempo de leitura\" \/>\n\t<meta name=\"twitter:data2\" content=\"2 minutos\" \/>\n<script type=\"application\/ld+json\" class=\"yoast-schema-graph\">{\"@context\":\"https:\\\/\\\/schema.org\",\"@graph\":[{\"@type\":\"Article\",\"@id\":\"https:\\\/\\\/aconteceunovale.com.br\\\/portal\\\/?p=124350#article\",\"isPartOf\":{\"@id\":\"https:\\\/\\\/aconteceunovale.com.br\\\/portal\\\/?p=124350\"},\"author\":{\"name\":\"Aconteceu no Vale\",\"@id\":\"https:\\\/\\\/aconteceunovale.com.br\\\/portal\\\/#\\\/schema\\\/person\\\/633529146f2c94272bef50ac2953d589\"},\"headline\":\"Aneel mant\u00e9m bandeira tarif\u00e1ria vermelha em dezembro\",\"datePublished\":\"2017-11-28T01:59:37+00:00\",\"dateModified\":\"2026-09-02T15:29:57+00:00\",\"mainEntityOfPage\":{\"@id\":\"https:\\\/\\\/aconteceunovale.com.br\\\/portal\\\/?p=124350\"},\"wordCount\":419,\"commentCount\":0,\"image\":{\"@id\":\"https:\\\/\\\/aconteceunovale.com.br\\\/portal\\\/?p=124350#primaryimage\"},\"thumbnailUrl\":\"https:\\\/\\\/aconteceunovale.com.br\\\/portal\\\/wp-content\\\/uploads\\\/2017\\\/04\\\/lampada.jpg\",\"keywords\":[\"Ag\u00eancia Nacional de Elergia El\u00e9trica\",\"Aneel\",\"Aneel mant\u00e9m bandeira tarif\u00e1ria vermelha em dezembro\",\"bandeira tarif\u00e1ria\",\"Bandeira tarif\u00e1ria de dezembro\",\"Bandeira vermelha em dezembro\",\"bandeiras tarif\u00e1rias\",\"conta de luz\",\"energia el\u00e9trica\"],\"articleSection\":[\"Brasil\"],\"inLanguage\":\"pt-BR\",\"potentialAction\":[{\"@type\":\"CommentAction\",\"name\":\"Comment\",\"target\":[\"https:\\\/\\\/aconteceunovale.com.br\\\/portal\\\/?p=124350#respond\"]}]},{\"@type\":\"WebPage\",\"@id\":\"https:\\\/\\\/aconteceunovale.com.br\\\/portal\\\/?p=124350\",\"url\":\"https:\\\/\\\/aconteceunovale.com.br\\\/portal\\\/?p=124350\",\"name\":\"Aneel mant\u00e9m bandeira tarif\u00e1ria vermelha em dezembro - Aconteceu no Vale\",\"isPartOf\":{\"@id\":\"https:\\\/\\\/aconteceunovale.com.br\\\/portal\\\/#website\"},\"primaryImageOfPage\":{\"@id\":\"https:\\\/\\\/aconteceunovale.com.br\\\/portal\\\/?p=124350#primaryimage\"},\"image\":{\"@id\":\"https:\\\/\\\/aconteceunovale.com.br\\\/portal\\\/?p=124350#primaryimage\"},\"thumbnailUrl\":\"https:\\\/\\\/aconteceunovale.com.br\\\/portal\\\/wp-content\\\/uploads\\\/2017\\\/04\\\/lampada.jpg\",\"datePublished\":\"2017-11-28T01:59:37+00:00\",\"dateModified\":\"2026-09-02T15:29:57+00:00\",\"author\":{\"@id\":\"https:\\\/\\\/aconteceunovale.com.br\\\/portal\\\/#\\\/schema\\\/person\\\/633529146f2c94272bef50ac2953d589\"},\"breadcrumb\":{\"@id\":\"https:\\\/\\\/aconteceunovale.com.br\\\/portal\\\/?p=124350#breadcrumb\"},\"inLanguage\":\"pt-BR\",\"potentialAction\":[{\"@type\":\"ReadAction\",\"target\":[\"https:\\\/\\\/aconteceunovale.com.br\\\/portal\\\/?p=124350\"]}]},{\"@type\":\"ImageObject\",\"inLanguage\":\"pt-BR\",\"@id\":\"https:\\\/\\\/aconteceunovale.com.br\\\/portal\\\/?p=124350#primaryimage\",\"url\":\"https:\\\/\\\/aconteceunovale.com.br\\\/portal\\\/wp-content\\\/uploads\\\/2017\\\/04\\\/lampada.jpg\",\"contentUrl\":\"https:\\\/\\\/aconteceunovale.com.br\\\/portal\\\/wp-content\\\/uploads\\\/2017\\\/04\\\/lampada.jpg\",\"width\":652,\"height\":408},{\"@type\":\"BreadcrumbList\",\"@id\":\"https:\\\/\\\/aconteceunovale.com.br\\\/portal\\\/?p=124350#breadcrumb\",\"itemListElement\":[{\"@type\":\"ListItem\",\"position\":1,\"name\":\"In\u00edcio\",\"item\":\"https:\\\/\\\/aconteceunovale.com.br\\\/portal\\\/\"},{\"@type\":\"ListItem\",\"position\":2,\"name\":\"Aneel mant\u00e9m bandeira tarif\u00e1ria vermelha em dezembro\"}]},{\"@type\":\"WebSite\",\"@id\":\"https:\\\/\\\/aconteceunovale.com.br\\\/portal\\\/#website\",\"url\":\"https:\\\/\\\/aconteceunovale.com.br\\\/portal\\\/\",\"name\":\"Aconteceu no Vale\",\"description\":\"Portal de Not\u00edcias\",\"potentialAction\":[{\"@type\":\"SearchAction\",\"target\":{\"@type\":\"EntryPoint\",\"urlTemplate\":\"https:\\\/\\\/aconteceunovale.com.br\\\/portal\\\/?s={search_term_string}\"},\"query-input\":{\"@type\":\"PropertyValueSpecification\",\"valueRequired\":true,\"valueName\":\"search_term_string\"}}],\"inLanguage\":\"pt-BR\"},{\"@type\":\"Person\",\"@id\":\"https:\\\/\\\/aconteceunovale.com.br\\\/portal\\\/#\\\/schema\\\/person\\\/633529146f2c94272bef50ac2953d589\",\"name\":\"Aconteceu no Vale\",\"description\":\"Equipe de reportagem do Aconteceu no Vale, portal de not\u00edcias do Vale do Jequitinhonha, em Minas Gerais. Cobrimos as 51 cidades do Vale desde 2013. Sugest\u00f5es de pauta e pedidos de corre\u00e7\u00e3o: contato@aconteceunovale.com.br\",\"sameAs\":[\"http:\\\/\\\/www.aconteceunovale.com.br\"],\"url\":\"https:\\\/\\\/aconteceunovale.com.br\\\/portal\\\/?author=1\"}]}<\/script>\n<!-- \/ Yoast SEO plugin. -->","yoast_head_json":{"title":"Aneel mant\u00e9m bandeira tarif\u00e1ria vermelha em dezembro - Aconteceu no Vale","robots":{"index":"index","follow":"follow","max-snippet":"max-snippet:-1","max-image-preview":"max-image-preview:large","max-video-preview":"max-video-preview:-1"},"canonical":"https:\/\/aconteceunovale.com.br\/portal\/?p=124350","og_locale":"pt_BR","og_type":"article","og_title":"Aneel mant\u00e9m bandeira tarif\u00e1ria vermelha em dezembro - Aconteceu no Vale","og_description":"A Ag\u00eancia Nacional de Elergia El\u00e9trica (Aneel) divulgou hoje (27) que a bandeira tarif\u00e1ria para o m\u00eas de dezembro ser\u00e1 vermelha, mas no patamar 1, com custo um pouco menor, de R$ 3 a cada 100 kWh (quilowatts-hora) consumidos. Desde outubro, vigorava o patamar 2 na cobran\u00e7a nas contas de luz, tarifa mais cara prevista [&hellip;]","og_url":"https:\/\/aconteceunovale.com.br\/portal\/?p=124350","og_site_name":"Aconteceu no Vale","article_publisher":"https:\/\/www.facebook.com\/aconteceunovale\/","article_published_time":"2017-11-28T01:59:37+00:00","article_modified_time":"2026-09-02T15:29:57+00:00","og_image":[{"width":652,"height":408,"url":"https:\/\/aconteceunovale.com.br\/portal\/wp-content\/uploads\/2017\/04\/lampada.jpg","type":"image\/jpeg"}],"author":"Aconteceu no Vale","twitter_card":"summary_large_image","twitter_creator":"@noticiadosvales","twitter_site":"@noticiadosvales","twitter_misc":{"Escrito por":"Aconteceu no Vale","Est. tempo de leitura":"2 minutos"},"schema":{"@context":"https:\/\/schema.org","@graph":[{"@type":"Article","@id":"https:\/\/aconteceunovale.com.br\/portal\/?p=124350#article","isPartOf":{"@id":"https:\/\/aconteceunovale.com.br\/portal\/?p=124350"},"author":{"name":"Aconteceu no Vale","@id":"https:\/\/aconteceunovale.com.br\/portal\/#\/schema\/person\/633529146f2c94272bef50ac2953d589"},"headline":"Aneel mant\u00e9m bandeira tarif\u00e1ria vermelha em dezembro","datePublished":"2017-11-28T01:59:37+00:00","dateModified":"2026-09-02T15:29:57+00:00","mainEntityOfPage":{"@id":"https:\/\/aconteceunovale.com.br\/portal\/?p=124350"},"wordCount":419,"commentCount":0,"image":{"@id":"https:\/\/aconteceunovale.com.br\/portal\/?p=124350#primaryimage"},"thumbnailUrl":"https:\/\/aconteceunovale.com.br\/portal\/wp-content\/uploads\/2017\/04\/lampada.jpg","keywords":["Ag\u00eancia Nacional de Elergia El\u00e9trica","Aneel","Aneel mant\u00e9m bandeira tarif\u00e1ria vermelha em dezembro","bandeira tarif\u00e1ria","Bandeira tarif\u00e1ria de dezembro","Bandeira vermelha em dezembro","bandeiras tarif\u00e1rias","conta de luz","energia el\u00e9trica"],"articleSection":["Brasil"],"inLanguage":"pt-BR","potentialAction":[{"@type":"CommentAction","name":"Comment","target":["https:\/\/aconteceunovale.com.br\/portal\/?p=124350#respond"]}]},{"@type":"WebPage","@id":"https:\/\/aconteceunovale.com.br\/portal\/?p=124350","url":"https:\/\/aconteceunovale.com.br\/portal\/?p=124350","name":"Aneel mant\u00e9m bandeira tarif\u00e1ria vermelha em dezembro - Aconteceu no Vale","isPartOf":{"@id":"https:\/\/aconteceunovale.com.br\/portal\/#website"},"primaryImageOfPage":{"@id":"https:\/\/aconteceunovale.com.br\/portal\/?p=124350#primaryimage"},"image":{"@id":"https:\/\/aconteceunovale.com.br\/portal\/?p=124350#primaryimage"},"thumbnailUrl":"https:\/\/aconteceunovale.com.br\/portal\/wp-content\/uploads\/2017\/04\/lampada.jpg","datePublished":"2017-11-28T01:59:37+00:00","dateModified":"2026-09-02T15:29:57+00:00","author":{"@id":"https:\/\/aconteceunovale.com.br\/portal\/#\/schema\/person\/633529146f2c94272bef50ac2953d589"},"breadcrumb":{"@id":"https:\/\/aconteceunovale.com.br\/portal\/?p=124350#breadcrumb"},"inLanguage":"pt-BR","potentialAction":[{"@type":"ReadAction","target":["https:\/\/aconteceunovale.com.br\/portal\/?p=124350"]}]},{"@type":"ImageObject","inLanguage":"pt-BR","@id":"https:\/\/aconteceunovale.com.br\/portal\/?p=124350#primaryimage","url":"https:\/\/aconteceunovale.com.br\/portal\/wp-content\/uploads\/2017\/04\/lampada.jpg","contentUrl":"https:\/\/aconteceunovale.com.br\/portal\/wp-content\/uploads\/2017\/04\/lampada.jpg","width":652,"height":408},{"@type":"BreadcrumbList","@id":"https:\/\/aconteceunovale.com.br\/portal\/?p=124350#breadcrumb","itemListElement":[{"@type":"ListItem","position":1,"name":"In\u00edcio","item":"https:\/\/aconteceunovale.com.br\/portal\/"},{"@type":"ListItem","position":2,"name":"Aneel mant\u00e9m bandeira tarif\u00e1ria vermelha em dezembro"}]},{"@type":"WebSite","@id":"https:\/\/aconteceunovale.com.br\/portal\/#website","url":"https:\/\/aconteceunovale.com.br\/portal\/","name":"Aconteceu no Vale","description":"Portal de Not\u00edcias","potentialAction":[{"@type":"SearchAction","target":{"@type":"EntryPoint","urlTemplate":"https:\/\/aconteceunovale.com.br\/portal\/?s={search_term_string}"},"query-input":{"@type":"PropertyValueSpecification","valueRequired":true,"valueName":"search_term_string"}}],"inLanguage":"pt-BR"},{"@type":"Person","@id":"https:\/\/aconteceunovale.com.br\/portal\/#\/schema\/person\/633529146f2c94272bef50ac2953d589","name":"Aconteceu no Vale","description":"Equipe de reportagem do Aconteceu no Vale, portal de not\u00edcias do Vale do Jequitinhonha, em Minas Gerais. Cobrimos as 51 cidades do Vale desde 2013. Sugest\u00f5es de pauta e pedidos de corre\u00e7\u00e3o: contato@aconteceunovale.com.br","sameAs":["http:\/\/www.aconteceunovale.com.br"],"url":"https:\/\/aconteceunovale.com.br\/portal\/?author=1"}]}},"_links":{"self":[{"href":"https:\/\/aconteceunovale.com.br\/portal\/index.php?rest_route=\/wp\/v2\/posts\/124350","targetHints":{"allow":["GET"]}}],"collection":[{"href":"https:\/\/aconteceunovale.com.br\/portal\/index.php?rest_route=\/wp\/v2\/posts"}],"about":[{"href":"https:\/\/aconteceunovale.com.br\/portal\/index.php?rest_route=\/wp\/v2\/types\/post"}],"author":[{"embeddable":true,"href":"https:\/\/aconteceunovale.com.br\/portal\/index.php?rest_route=\/wp\/v2\/users\/1"}],"replies":[{"embeddable":true,"href":"https:\/\/aconteceunovale.com.br\/portal\/index.php?rest_route=%2Fwp%2Fv2%2Fcomments&post=124350"}],"version-history":[{"count":1,"href":"https:\/\/aconteceunovale.com.br\/portal\/index.php?rest_route=\/wp\/v2\/posts\/124350\/revisions"}],"predecessor-version":[{"id":199966,"href":"https:\/\/aconteceunovale.com.br\/portal\/index.php?rest_route=\/wp\/v2\/posts\/124350\/revisions\/199966"}],"wp:featuredmedia":[{"embeddable":true,"href":"https:\/\/aconteceunovale.com.br\/portal\/index.php?rest_route=\/wp\/v2\/media\/113349"}],"wp:attachment":[{"href":"https:\/\/aconteceunovale.com.br\/portal\/index.php?rest_route=%2Fwp%2Fv2%2Fmedia&parent=124350"}],"wp:term":[{"taxonomy":"category","embeddable":true,"href":"https:\/\/aconteceunovale.com.br\/portal\/index.php?rest_route=%2Fwp%2Fv2%2Fcategories&post=124350"},{"taxonomy":"post_tag","embeddable":true,"href":"https:\/\/aconteceunovale.com.br\/portal\/index.php?rest_route=%2Fwp%2Fv2%2Ftags&post=124350"}],"curies":[{"name":"wp","href":"https:\/\/api.w.org\/{rel}","templated":true}]}}