{"id":124348,"date":"2017-11-27T23:51:03","date_gmt":"2017-11-28T01:51:03","guid":{"rendered":"http:\/\/aconteceunovale.com.br\/portal\/?p=124348"},"modified":"2017-11-27T23:51:03","modified_gmt":"2017-11-28T01:51:03","slug":"trabalhador-que-receber-menos-que-o-minimo-fara-recolhimento-complementar","status":"publish","type":"post","link":"https:\/\/aconteceunovale.com.br\/portal\/?p=124348","title":{"rendered":"Trabalhador que receber menos que o m\u00ednimo far\u00e1 recolhimento complementar"},"content":{"rendered":"<p>O trabalhador que receber menos de R$ 937 ao m\u00eas (sal\u00e1rio m\u00ednimo), ao realizar trabalho intermitente, dever\u00e1 recolher al\u00edquota de 8% de contribui\u00e7\u00e3o previdenci\u00e1ria sobre a diferen\u00e7a entre o que recebeu e o m\u00ednimo. O esclarecimento foi feito pela Receita Federal no Ato Declarat\u00f3rio Interpretativo (ADI) RFB n\u00ba 6, publicado na edi\u00e7\u00e3o de hoje (27) do\u00a0<em><span style=\"text-decoration: underline;\"><span style=\"color: #ff0000;\"><a href=\"http:\/\/pesquisa.in.gov.br\/imprensa\/jsp\/visualiza\/index.jsp?jornal=515&amp;pagina=103&amp;data=27\/11\/2017\" target=\"_blank\"><span style=\"color: #ff0000; text-decoration: underline;\">Di\u00e1rio Oficial da Uni\u00e3o<\/span><\/a><\/span><\/span>.<\/em><\/p>\n<p>A Receita Federal lembra que a reforma trabalhista, efetuada pela Lei n\u00ba 13.467 de 2017, trouxe a possibilidade de o segurado empregado receber valor mensal inferior ao sal\u00e1rio m\u00ednimo, como no caso de trabalho intermitente, que permite o pagamento por per\u00edodo trabalhado, podendo o empregado receber por horas ou dia de trabalho.<\/p>\n<p>O recolhimento complementar ser\u00e1 necess\u00e1rio caso a soma de remunera\u00e7\u00f5es auferidas de um ou mais empregadores no per\u00edodo de um m\u00eas seja inferior ao sal\u00e1rio m\u00ednimo.<\/p>\n<p>Segundo a Receita, o recolhimento complementar da contribui\u00e7\u00e3o previdenci\u00e1ria dever\u00e1 ser feito pelo pr\u00f3prio segurado at\u00e9 o dia 20 do m\u00eas seguinte ao da presta\u00e7\u00e3o do servi\u00e7o. Caso n\u00e3o fa\u00e7a o recolhimento, n\u00e3o ser\u00e1 computado o tempo de contribui\u00e7\u00e3o para receber os benef\u00edcios previdenci\u00e1rios e para o cumprimento do prazo de car\u00eancia.<\/p>\n<p>Essa complementa\u00e7\u00e3o j\u00e1 era prevista para o caso do contribuinte individual. No caso de empregado n\u00e3o existia essa previs\u00e3o.<\/p>\n<p>A Receita Federal esclarece que a\u00a0Medida Provis\u00f3ria (MP) n\u00ba 808, de 2017,\u00a0estabeleceu essa previs\u00e3o e criou para o segurado empregado a possibilidade de complementa\u00e7\u00e3o da contribui\u00e7\u00e3o at\u00e9 o valor relativo ao sal\u00e1rio m\u00ednimo, especificando que a al\u00edquota aplicada ser\u00e1 a mesma da contribui\u00e7\u00e3o do trabalhador retida pela empresa.<\/p>\n<p>\u201cTodavia, a referida MP n\u00e3o fixou a data de vencimento dessa contribui\u00e7\u00e3o, nem deixou claro qual seria a al\u00edquota aplicada, sendo necess\u00e1ria a publica\u00e7\u00e3o do ADI [Ato Declarat\u00f3rio Interpretativo]\u201d, diz a Receita. A MP foi editada neste m\u00eas para ajustar pontos da Reforma Trabalhista.<\/p>\n<p><strong>VER PRIMEIRO<\/strong><\/p>\n<p>Receba as not\u00edcias do Aconteceu no Vale em primeira m\u00e3o. Clique em curtir no endere\u00e7o <a href=\"https:\/\/www.facebook.com\/aconteceunovale\" target=\"_blank\"><font color=\"red\">www.facebook.com\/aconteceunovale<\/font><\/a> ou no box abaixo:<\/p>\n<div class=\"fb-like\" data-href=\"https:\/\/www.facebook.com\/aconteceunovale\" data-width=\"120\" data-layout=\"standard\" data-action=\"like\" data-size=\"small\" data-show-faces=\"true\" data-share=\"true\"><\/div>\n<p><\/br><\/p>\n<p><em>(Fonte: Ag\u00eancia Brasil)<\/em><\/p>\n","protected":false},"excerpt":{"rendered":"<p>O trabalhador que receber menos de R$ 937 ao m\u00eas (sal\u00e1rio m\u00ednimo), ao realizar trabalho intermitente, dever\u00e1 recolher al\u00edquota de 8% de contribui\u00e7\u00e3o previdenci\u00e1ria sobre a diferen\u00e7a entre o que recebeu e o m\u00ednimo. O esclarecimento foi feito pela Receita Federal no Ato Declarat\u00f3rio Interpretativo (ADI) RFB n\u00ba 6, publicado na edi\u00e7\u00e3o de hoje (27) [&hellip;]<\/p>\n","protected":false},"author":1,"featured_media":107038,"comment_status":"open","ping_status":"closed","sticky":false,"template":"","format":"standard","meta":{"amp_status":"","footnotes":""},"categories":[6,40236],"tags":[26244,26243,1018,164493,1464,164494,164492,164495,164063],"class_list":["post-124348","post","type-post","status-publish","format-standard","has-post-thumbnail","hentry","category-br","category-empregos-2","tag-aliquota","tag-contribuicao-previdenciaria","tag-destaque","tag-lei-no-13-467-de-2017","tag-receita-federal","tag-trabalhador-intermitente","tag-trabalhador-que-receber-menos-de-r-937-ao-mes","tag-trabalhador-que-receber-menos-que-o-minimo-fara-recolhimento-complementar","tag-trabalho-intermitente"],"yoast_head":"<!-- This site is optimized with the Yoast SEO plugin v28.3 - https:\/\/yoast.com\/product\/yoast-seo-wordpress\/ -->\n<title>Trabalhador que receber menos que o m\u00ednimo far\u00e1 recolhimento complementar - Aconteceu no Vale<\/title>\n<meta name=\"robots\" content=\"index, follow, max-snippet:-1, max-image-preview:large, max-video-preview:-1\" \/>\n<link rel=\"canonical\" href=\"https:\/\/aconteceunovale.com.br\/portal\/?p=124348\" \/>\n<meta property=\"og:locale\" content=\"pt_BR\" \/>\n<meta property=\"og:type\" content=\"article\" \/>\n<meta property=\"og:title\" content=\"Trabalhador que receber menos que o m\u00ednimo far\u00e1 recolhimento complementar - Aconteceu no Vale\" \/>\n<meta property=\"og:description\" content=\"O trabalhador que receber menos de R$ 937 ao m\u00eas (sal\u00e1rio m\u00ednimo), ao realizar trabalho intermitente, dever\u00e1 recolher al\u00edquota de 8% de contribui\u00e7\u00e3o previdenci\u00e1ria sobre a diferen\u00e7a entre o que recebeu e o m\u00ednimo. O esclarecimento foi feito pela Receita Federal no Ato Declarat\u00f3rio Interpretativo (ADI) RFB n\u00ba 6, publicado na edi\u00e7\u00e3o de hoje (27) [&hellip;]\" \/>\n<meta property=\"og:url\" content=\"https:\/\/aconteceunovale.com.br\/portal\/?p=124348\" \/>\n<meta property=\"og:site_name\" content=\"Aconteceu no Vale\" \/>\n<meta property=\"article:publisher\" content=\"https:\/\/www.facebook.com\/aconteceunovale\/\" \/>\n<meta property=\"article:published_time\" content=\"2017-11-28T01:51:03+00:00\" \/>\n<meta property=\"og:image\" content=\"https:\/\/aconteceunovale.com.br\/portal\/wp-content\/uploads\/2017\/01\/ctps.jpg\" \/>\n\t<meta property=\"og:image:width\" content=\"678\" \/>\n\t<meta property=\"og:image:height\" content=\"430\" \/>\n\t<meta property=\"og:image:type\" content=\"image\/jpeg\" \/>\n<meta name=\"author\" content=\"Aconteceu no Vale\" \/>\n<meta name=\"twitter:card\" content=\"summary_large_image\" \/>\n<meta name=\"twitter:creator\" content=\"@noticiadosvales\" \/>\n<meta name=\"twitter:site\" content=\"@noticiadosvales\" \/>\n<meta name=\"twitter:label1\" content=\"Escrito por\" \/>\n\t<meta name=\"twitter:data1\" content=\"Aconteceu no Vale\" \/>\n\t<meta name=\"twitter:label2\" content=\"Est. tempo de leitura\" \/>\n\t<meta name=\"twitter:data2\" content=\"2 minutos\" \/>\n<script type=\"application\/ld+json\" class=\"yoast-schema-graph\">{\"@context\":\"https:\\\/\\\/schema.org\",\"@graph\":[{\"@type\":\"Article\",\"@id\":\"https:\\\/\\\/aconteceunovale.com.br\\\/portal\\\/?p=124348#article\",\"isPartOf\":{\"@id\":\"https:\\\/\\\/aconteceunovale.com.br\\\/portal\\\/?p=124348\"},\"author\":{\"name\":\"Aconteceu no Vale\",\"@id\":\"https:\\\/\\\/aconteceunovale.com.br\\\/portal\\\/#\\\/schema\\\/person\\\/633529146f2c94272bef50ac2953d589\"},\"headline\":\"Trabalhador que receber menos que o m\u00ednimo far\u00e1 recolhimento complementar\",\"datePublished\":\"2017-11-28T01:51:03+00:00\",\"mainEntityOfPage\":{\"@id\":\"https:\\\/\\\/aconteceunovale.com.br\\\/portal\\\/?p=124348\"},\"wordCount\":389,\"commentCount\":0,\"image\":{\"@id\":\"https:\\\/\\\/aconteceunovale.com.br\\\/portal\\\/?p=124348#primaryimage\"},\"thumbnailUrl\":\"https:\\\/\\\/aconteceunovale.com.br\\\/portal\\\/wp-content\\\/uploads\\\/2017\\\/01\\\/ctps.jpg\",\"keywords\":[\"al\u00edquota\",\"contribui\u00e7\u00e3o previdenci\u00e1ria\",\"destaque\",\"Lei n\u00ba 13.467 de 2017\",\"receita federal\",\"Trabalhador intermitente\",\"Trabalhador que receber menos de R$ 937 ao m\u00eas\",\"Trabalhador que receber menos que o m\u00ednimo far\u00e1 recolhimento complementar\",\"Trabalho intermitente\"],\"articleSection\":[\"Brasil\",\"Empregos\"],\"inLanguage\":\"pt-BR\",\"potentialAction\":[{\"@type\":\"CommentAction\",\"name\":\"Comment\",\"target\":[\"https:\\\/\\\/aconteceunovale.com.br\\\/portal\\\/?p=124348#respond\"]}]},{\"@type\":\"WebPage\",\"@id\":\"https:\\\/\\\/aconteceunovale.com.br\\\/portal\\\/?p=124348\",\"url\":\"https:\\\/\\\/aconteceunovale.com.br\\\/portal\\\/?p=124348\",\"name\":\"Trabalhador que receber menos que o m\u00ednimo far\u00e1 recolhimento complementar - Aconteceu no Vale\",\"isPartOf\":{\"@id\":\"https:\\\/\\\/aconteceunovale.com.br\\\/portal\\\/#website\"},\"primaryImageOfPage\":{\"@id\":\"https:\\\/\\\/aconteceunovale.com.br\\\/portal\\\/?p=124348#primaryimage\"},\"image\":{\"@id\":\"https:\\\/\\\/aconteceunovale.com.br\\\/portal\\\/?p=124348#primaryimage\"},\"thumbnailUrl\":\"https:\\\/\\\/aconteceunovale.com.br\\\/portal\\\/wp-content\\\/uploads\\\/2017\\\/01\\\/ctps.jpg\",\"datePublished\":\"2017-11-28T01:51:03+00:00\",\"author\":{\"@id\":\"https:\\\/\\\/aconteceunovale.com.br\\\/portal\\\/#\\\/schema\\\/person\\\/633529146f2c94272bef50ac2953d589\"},\"breadcrumb\":{\"@id\":\"https:\\\/\\\/aconteceunovale.com.br\\\/portal\\\/?p=124348#breadcrumb\"},\"inLanguage\":\"pt-BR\",\"potentialAction\":[{\"@type\":\"ReadAction\",\"target\":[\"https:\\\/\\\/aconteceunovale.com.br\\\/portal\\\/?p=124348\"]}]},{\"@type\":\"ImageObject\",\"inLanguage\":\"pt-BR\",\"@id\":\"https:\\\/\\\/aconteceunovale.com.br\\\/portal\\\/?p=124348#primaryimage\",\"url\":\"https:\\\/\\\/aconteceunovale.com.br\\\/portal\\\/wp-content\\\/uploads\\\/2017\\\/01\\\/ctps.jpg\",\"contentUrl\":\"https:\\\/\\\/aconteceunovale.com.br\\\/portal\\\/wp-content\\\/uploads\\\/2017\\\/01\\\/ctps.jpg\",\"width\":678,\"height\":430},{\"@type\":\"BreadcrumbList\",\"@id\":\"https:\\\/\\\/aconteceunovale.com.br\\\/portal\\\/?p=124348#breadcrumb\",\"itemListElement\":[{\"@type\":\"ListItem\",\"position\":1,\"name\":\"In\u00edcio\",\"item\":\"https:\\\/\\\/aconteceunovale.com.br\\\/portal\\\/\"},{\"@type\":\"ListItem\",\"position\":2,\"name\":\"Trabalhador que receber menos que o m\u00ednimo far\u00e1 recolhimento complementar\"}]},{\"@type\":\"WebSite\",\"@id\":\"https:\\\/\\\/aconteceunovale.com.br\\\/portal\\\/#website\",\"url\":\"https:\\\/\\\/aconteceunovale.com.br\\\/portal\\\/\",\"name\":\"Aconteceu no Vale\",\"description\":\"Portal de Not\u00edcias\",\"potentialAction\":[{\"@type\":\"SearchAction\",\"target\":{\"@type\":\"EntryPoint\",\"urlTemplate\":\"https:\\\/\\\/aconteceunovale.com.br\\\/portal\\\/?s={search_term_string}\"},\"query-input\":{\"@type\":\"PropertyValueSpecification\",\"valueRequired\":true,\"valueName\":\"search_term_string\"}}],\"inLanguage\":\"pt-BR\"},{\"@type\":\"Person\",\"@id\":\"https:\\\/\\\/aconteceunovale.com.br\\\/portal\\\/#\\\/schema\\\/person\\\/633529146f2c94272bef50ac2953d589\",\"name\":\"Aconteceu no Vale\",\"description\":\"Equipe de reportagem do Aconteceu no Vale, portal de not\u00edcias do Vale do Jequitinhonha, em Minas Gerais. Cobrimos as 51 cidades do Vale desde 2013. Sugest\u00f5es de pauta e pedidos de corre\u00e7\u00e3o: contato@aconteceunovale.com.br\",\"sameAs\":[\"http:\\\/\\\/www.aconteceunovale.com.br\"],\"url\":\"https:\\\/\\\/aconteceunovale.com.br\\\/portal\\\/?author=1\"}]}<\/script>\n<!-- \/ Yoast SEO plugin. -->","yoast_head_json":{"title":"Trabalhador que receber menos que o m\u00ednimo far\u00e1 recolhimento complementar - Aconteceu no Vale","robots":{"index":"index","follow":"follow","max-snippet":"max-snippet:-1","max-image-preview":"max-image-preview:large","max-video-preview":"max-video-preview:-1"},"canonical":"https:\/\/aconteceunovale.com.br\/portal\/?p=124348","og_locale":"pt_BR","og_type":"article","og_title":"Trabalhador que receber menos que o m\u00ednimo far\u00e1 recolhimento complementar - Aconteceu no Vale","og_description":"O trabalhador que receber menos de R$ 937 ao m\u00eas (sal\u00e1rio m\u00ednimo), ao realizar trabalho intermitente, dever\u00e1 recolher al\u00edquota de 8% de contribui\u00e7\u00e3o previdenci\u00e1ria sobre a diferen\u00e7a entre o que recebeu e o m\u00ednimo. O esclarecimento foi feito pela Receita Federal no Ato Declarat\u00f3rio Interpretativo (ADI) RFB n\u00ba 6, publicado na edi\u00e7\u00e3o de hoje (27) [&hellip;]","og_url":"https:\/\/aconteceunovale.com.br\/portal\/?p=124348","og_site_name":"Aconteceu no Vale","article_publisher":"https:\/\/www.facebook.com\/aconteceunovale\/","article_published_time":"2017-11-28T01:51:03+00:00","og_image":[{"width":678,"height":430,"url":"https:\/\/aconteceunovale.com.br\/portal\/wp-content\/uploads\/2017\/01\/ctps.jpg","type":"image\/jpeg"}],"author":"Aconteceu no Vale","twitter_card":"summary_large_image","twitter_creator":"@noticiadosvales","twitter_site":"@noticiadosvales","twitter_misc":{"Escrito por":"Aconteceu no Vale","Est. tempo de leitura":"2 minutos"},"schema":{"@context":"https:\/\/schema.org","@graph":[{"@type":"Article","@id":"https:\/\/aconteceunovale.com.br\/portal\/?p=124348#article","isPartOf":{"@id":"https:\/\/aconteceunovale.com.br\/portal\/?p=124348"},"author":{"name":"Aconteceu no Vale","@id":"https:\/\/aconteceunovale.com.br\/portal\/#\/schema\/person\/633529146f2c94272bef50ac2953d589"},"headline":"Trabalhador que receber menos que o m\u00ednimo far\u00e1 recolhimento complementar","datePublished":"2017-11-28T01:51:03+00:00","mainEntityOfPage":{"@id":"https:\/\/aconteceunovale.com.br\/portal\/?p=124348"},"wordCount":389,"commentCount":0,"image":{"@id":"https:\/\/aconteceunovale.com.br\/portal\/?p=124348#primaryimage"},"thumbnailUrl":"https:\/\/aconteceunovale.com.br\/portal\/wp-content\/uploads\/2017\/01\/ctps.jpg","keywords":["al\u00edquota","contribui\u00e7\u00e3o previdenci\u00e1ria","destaque","Lei n\u00ba 13.467 de 2017","receita federal","Trabalhador intermitente","Trabalhador que receber menos de R$ 937 ao m\u00eas","Trabalhador que receber menos que o m\u00ednimo far\u00e1 recolhimento complementar","Trabalho intermitente"],"articleSection":["Brasil","Empregos"],"inLanguage":"pt-BR","potentialAction":[{"@type":"CommentAction","name":"Comment","target":["https:\/\/aconteceunovale.com.br\/portal\/?p=124348#respond"]}]},{"@type":"WebPage","@id":"https:\/\/aconteceunovale.com.br\/portal\/?p=124348","url":"https:\/\/aconteceunovale.com.br\/portal\/?p=124348","name":"Trabalhador que receber menos que o m\u00ednimo far\u00e1 recolhimento complementar - Aconteceu no Vale","isPartOf":{"@id":"https:\/\/aconteceunovale.com.br\/portal\/#website"},"primaryImageOfPage":{"@id":"https:\/\/aconteceunovale.com.br\/portal\/?p=124348#primaryimage"},"image":{"@id":"https:\/\/aconteceunovale.com.br\/portal\/?p=124348#primaryimage"},"thumbnailUrl":"https:\/\/aconteceunovale.com.br\/portal\/wp-content\/uploads\/2017\/01\/ctps.jpg","datePublished":"2017-11-28T01:51:03+00:00","author":{"@id":"https:\/\/aconteceunovale.com.br\/portal\/#\/schema\/person\/633529146f2c94272bef50ac2953d589"},"breadcrumb":{"@id":"https:\/\/aconteceunovale.com.br\/portal\/?p=124348#breadcrumb"},"inLanguage":"pt-BR","potentialAction":[{"@type":"ReadAction","target":["https:\/\/aconteceunovale.com.br\/portal\/?p=124348"]}]},{"@type":"ImageObject","inLanguage":"pt-BR","@id":"https:\/\/aconteceunovale.com.br\/portal\/?p=124348#primaryimage","url":"https:\/\/aconteceunovale.com.br\/portal\/wp-content\/uploads\/2017\/01\/ctps.jpg","contentUrl":"https:\/\/aconteceunovale.com.br\/portal\/wp-content\/uploads\/2017\/01\/ctps.jpg","width":678,"height":430},{"@type":"BreadcrumbList","@id":"https:\/\/aconteceunovale.com.br\/portal\/?p=124348#breadcrumb","itemListElement":[{"@type":"ListItem","position":1,"name":"In\u00edcio","item":"https:\/\/aconteceunovale.com.br\/portal\/"},{"@type":"ListItem","position":2,"name":"Trabalhador que receber menos que o m\u00ednimo far\u00e1 recolhimento complementar"}]},{"@type":"WebSite","@id":"https:\/\/aconteceunovale.com.br\/portal\/#website","url":"https:\/\/aconteceunovale.com.br\/portal\/","name":"Aconteceu no Vale","description":"Portal de Not\u00edcias","potentialAction":[{"@type":"SearchAction","target":{"@type":"EntryPoint","urlTemplate":"https:\/\/aconteceunovale.com.br\/portal\/?s={search_term_string}"},"query-input":{"@type":"PropertyValueSpecification","valueRequired":true,"valueName":"search_term_string"}}],"inLanguage":"pt-BR"},{"@type":"Person","@id":"https:\/\/aconteceunovale.com.br\/portal\/#\/schema\/person\/633529146f2c94272bef50ac2953d589","name":"Aconteceu no Vale","description":"Equipe de reportagem do Aconteceu no Vale, portal de not\u00edcias do Vale do Jequitinhonha, em Minas Gerais. Cobrimos as 51 cidades do Vale desde 2013. Sugest\u00f5es de pauta e pedidos de corre\u00e7\u00e3o: contato@aconteceunovale.com.br","sameAs":["http:\/\/www.aconteceunovale.com.br"],"url":"https:\/\/aconteceunovale.com.br\/portal\/?author=1"}]}},"_links":{"self":[{"href":"https:\/\/aconteceunovale.com.br\/portal\/index.php?rest_route=\/wp\/v2\/posts\/124348","targetHints":{"allow":["GET"]}}],"collection":[{"href":"https:\/\/aconteceunovale.com.br\/portal\/index.php?rest_route=\/wp\/v2\/posts"}],"about":[{"href":"https:\/\/aconteceunovale.com.br\/portal\/index.php?rest_route=\/wp\/v2\/types\/post"}],"author":[{"embeddable":true,"href":"https:\/\/aconteceunovale.com.br\/portal\/index.php?rest_route=\/wp\/v2\/users\/1"}],"replies":[{"embeddable":true,"href":"https:\/\/aconteceunovale.com.br\/portal\/index.php?rest_route=%2Fwp%2Fv2%2Fcomments&post=124348"}],"version-history":[{"count":0,"href":"https:\/\/aconteceunovale.com.br\/portal\/index.php?rest_route=\/wp\/v2\/posts\/124348\/revisions"}],"wp:featuredmedia":[{"embeddable":true,"href":"https:\/\/aconteceunovale.com.br\/portal\/index.php?rest_route=\/wp\/v2\/media\/107038"}],"wp:attachment":[{"href":"https:\/\/aconteceunovale.com.br\/portal\/index.php?rest_route=%2Fwp%2Fv2%2Fmedia&parent=124348"}],"wp:term":[{"taxonomy":"category","embeddable":true,"href":"https:\/\/aconteceunovale.com.br\/portal\/index.php?rest_route=%2Fwp%2Fv2%2Fcategories&post=124348"},{"taxonomy":"post_tag","embeddable":true,"href":"https:\/\/aconteceunovale.com.br\/portal\/index.php?rest_route=%2Fwp%2Fv2%2Ftags&post=124348"}],"curies":[{"name":"wp","href":"https:\/\/api.w.org\/{rel}","templated":true}]}}