{"id":124339,"date":"2017-11-27T17:59:19","date_gmt":"2017-11-27T19:59:19","guid":{"rendered":"http:\/\/aconteceunovale.com.br\/portal\/?p=124339"},"modified":"2017-11-27T17:59:19","modified_gmt":"2017-11-27T19:59:19","slug":"um-caminhoneiro-e-quatro-motociclistas-morrem-em-acidentes-no-norte-de-minas","status":"publish","type":"post","link":"https:\/\/aconteceunovale.com.br\/portal\/?p=124339","title":{"rendered":"Um caminhoneiro e quatro motociclistas morrem em acidentes no Norte de Minas"},"content":{"rendered":"<p>Um caminhoneiro de 39 morreu em um acidente em uma curva da BR-251, em Salinas, nesse domingo (26\/11\/2017). De acordo com a Pol\u00edcia Rodovi\u00e1ria Federal (PRF), a carreta, com Placas de Santa Catarina, tombou fora da pista e o motorista morreu no local. Ap\u00f3s a trag\u00e9dia, a carga de mel\u00e3o e melancia foi saqueada.<\/p>\n<p>O motorista seguia sozinho no sentido Salinas\/Montes Claros quando o acidente aconteceu no km 329. Em fun\u00e7\u00e3o do destombamento da carreta, a pista ficou interditada das 18h \u00e0s 20h.<\/p>\n<p><img decoding=\"async\" src=\"http:\/\/aconteceunovale.com.br\/portal\/wp-content\/uploads\/2017\/11\/acidentes_caminhoneiro_motos_nm_1.jpg\" alt=\"\" \/><em>Acidente aconteceu no km 329 da BR-251, em Salinas (Foto: PRF\/Divulga\u00e7\u00e3o)<\/em><br \/>\n<\/br><\/p>\n<h4>Acidente com moto em Bocaiuva<\/h4>\n<p>Um homem de 56 anos morreu em um acidente, tamb\u00e9m no domingo, na BR-135, em Bocaiuva. De acordo com a Pol\u00edcia Militar, a v\u00edtima estava em uma motocicleta e bateu de frente em um caminh\u00e3o trator, no km 412. O caminhoneiro, de 60, n\u00e3o ficou ferido. A colis\u00e3o aconteceu por volta das 21h e a per\u00edcia compareceu ao local para os trabalhos de praxe.<\/p>\n<p><img decoding=\"async\" src=\"http:\/\/aconteceunovale.com.br\/portal\/wp-content\/uploads\/2017\/11\/acidentes_caminhoneiro_motos_nm_2.jpg\" alt=\"\" \/><em>Motociclista morreu em acidente na BR-135, em Bocaiuva (Foto: Pol\u00edcia Militar\/Divulga\u00e7\u00e3o)<\/em><br \/>\n<\/br><\/p>\n<h4>Acidente no munic\u00edpio de Montes Claros<\/h4>\n<p>No Povoado de Riachinho, zona rural de Montes Claros, um motociclista de 53 anos morreu em um acidente, nesse domingo. De acordo com a Pol\u00edcia Militar, as causas da morte ser\u00e3o investigadas. A per\u00edcia esteve no local e constatou ferimentos na cabe\u00e7a. O corpo foi liberado para a funer\u00e1ria.<\/p>\n<h4>Acidente com motos em S\u00e3o Francisco<\/h4>\n<p>Dois jovens, de 21 e 22 anos, morreram em um acidente no s\u00e1bado (25), na MG-402, em S\u00e3o Francisco. De acordo com a Pol\u00edcia Militar Rodovi\u00e1ria, as v\u00edtimas estavam em duas motocicletas e seguiam sentido Pint\u00f3polis quando uma delas bateu na traseira da outra.<\/p>\n<p>As causas do acidente, que aconteceu no km 74, ser\u00e3o investigadas. A Per\u00edcia e Samu compareceram ao local. Os corpos das v\u00edtimas foram encaminhados ao IML da regi\u00e3o.<\/p>\n<p><img decoding=\"async\" src=\"http:\/\/aconteceunovale.com.br\/portal\/wp-content\/uploads\/2017\/11\/acidentes_caminhoneiro_motos_nm_3.jpg\" alt=\"\" \/><em>Dois jovens morreram em acidente em S\u00e3o Francisco (Foto: Samu\/Divulga\u00e7\u00e3o)<\/em><br \/>\n<\/br><\/p>\n<p><strong>VER PRIMEIRO<\/strong><\/p>\n<p>Receba as not\u00edcias do Aconteceu no Vale em primeira m\u00e3o. Clique em curtir no endere\u00e7o <a href=\"https:\/\/www.facebook.com\/aconteceunovale\" target=\"_blank\"><font color=\"red\">www.facebook.com\/aconteceunovale<\/font><\/a> ou no box abaixo:<\/p>\n<div class=\"fb-like\" data-href=\"https:\/\/www.facebook.com\/aconteceunovale\" data-width=\"120\" data-layout=\"standard\" data-action=\"like\" data-size=\"small\" data-show-faces=\"true\" data-share=\"true\"><\/div>\n<p><\/br><\/p>\n<p><em>(Fonte: G1 Grande Minas)<\/em><\/p>\n","protected":false},"excerpt":{"rendered":"<p>Um caminhoneiro de 39 morreu em um acidente em uma curva da BR-251, em Salinas, nesse domingo (26\/11\/2017). De acordo com a Pol\u00edcia Rodovi\u00e1ria Federal (PRF), a carreta, com Placas de Santa Catarina, tombou fora da pista e o motorista morreu no local. Ap\u00f3s a trag\u00e9dia, a carga de mel\u00e3o e melancia foi saqueada. O [&hellip;]<\/p>\n","protected":false},"author":1,"featured_media":124340,"comment_status":"open","ping_status":"closed","sticky":false,"template":"","format":"standard","meta":{"amp_status":"","footnotes":""},"categories":[1236],"tags":[60516,164478,164479,164480,164483,18467,164481,13619,147651,61656,1396,60072,164482,164484,645,1018,210,190,1522,164485],"class_list":["post-124339","post","type-post","status-publish","format-standard","has-post-thumbnail","hentry","category-norte_de_minas","tag-acidente-bocaiuva","tag-acidente-com-carreta-de-melancia-em-salinas","tag-acidente-com-carreta-em-salinas","tag-acidente-com-moto-em-bocaiuva","tag-acidente-com-motos-em-sao-francisco","tag-acidente-em-bocaiuva","tag-acidente-em-riachinho","tag-acidente-em-salinas","tag-acidente-em-sao-francisco","tag-acidente-montes-claros","tag-acidente-na-br-251","tag-acidente-na-br-251-em-salinas","tag-acidente-na-zona-rural-de-montes-claros","tag-acidente-sao-francisco","tag-bocaiuva","tag-destaque","tag-montes-claros","tag-salinas","tag-sao-francisco","tag-um-caminhoneiro-e-quatro-motociclistas-morrem-em-acidentes-no-norte-de-minas"],"yoast_head":"<!-- This site is optimized with the Yoast SEO plugin v28.3 - https:\/\/yoast.com\/product\/yoast-seo-wordpress\/ -->\n<title>Um caminhoneiro e quatro motociclistas morrem em acidentes no Norte de Minas - Aconteceu no Vale<\/title>\n<meta name=\"robots\" content=\"index, follow, max-snippet:-1, max-image-preview:large, max-video-preview:-1\" \/>\n<link rel=\"canonical\" href=\"https:\/\/aconteceunovale.com.br\/portal\/?p=124339\" \/>\n<meta property=\"og:locale\" content=\"pt_BR\" \/>\n<meta property=\"og:type\" content=\"article\" \/>\n<meta property=\"og:title\" content=\"Um caminhoneiro e quatro motociclistas morrem em acidentes no Norte de Minas - Aconteceu no Vale\" \/>\n<meta property=\"og:description\" content=\"Um caminhoneiro de 39 morreu em um acidente em uma curva da BR-251, em Salinas, nesse domingo (26\/11\/2017). De acordo com a Pol\u00edcia Rodovi\u00e1ria Federal (PRF), a carreta, com Placas de Santa Catarina, tombou fora da pista e o motorista morreu no local. Ap\u00f3s a trag\u00e9dia, a carga de mel\u00e3o e melancia foi saqueada. O [&hellip;]\" \/>\n<meta property=\"og:url\" content=\"https:\/\/aconteceunovale.com.br\/portal\/?p=124339\" \/>\n<meta property=\"og:site_name\" content=\"Aconteceu no Vale\" \/>\n<meta property=\"article:publisher\" content=\"https:\/\/www.facebook.com\/aconteceunovale\/\" \/>\n<meta property=\"article:published_time\" content=\"2017-11-27T19:59:19+00:00\" \/>\n<meta property=\"og:image\" content=\"https:\/\/aconteceunovale.com.br\/portal\/wp-content\/uploads\/2017\/11\/acidentes_caminhoneiro_motos_nm_1.jpg\" \/>\n\t<meta property=\"og:image:width\" content=\"678\" \/>\n\t<meta property=\"og:image:height\" content=\"381\" \/>\n\t<meta property=\"og:image:type\" content=\"image\/jpeg\" \/>\n<meta name=\"author\" content=\"Aconteceu no Vale\" \/>\n<meta name=\"twitter:card\" content=\"summary_large_image\" \/>\n<meta name=\"twitter:creator\" content=\"@noticiadosvales\" \/>\n<meta name=\"twitter:site\" content=\"@noticiadosvales\" \/>\n<meta name=\"twitter:label1\" content=\"Escrito por\" \/>\n\t<meta name=\"twitter:data1\" content=\"Aconteceu no Vale\" \/>\n\t<meta name=\"twitter:label2\" content=\"Est. tempo de leitura\" \/>\n\t<meta name=\"twitter:data2\" content=\"2 minutos\" \/>\n<script type=\"application\/ld+json\" class=\"yoast-schema-graph\">{\"@context\":\"https:\\\/\\\/schema.org\",\"@graph\":[{\"@type\":\"Article\",\"@id\":\"https:\\\/\\\/aconteceunovale.com.br\\\/portal\\\/?p=124339#article\",\"isPartOf\":{\"@id\":\"https:\\\/\\\/aconteceunovale.com.br\\\/portal\\\/?p=124339\"},\"author\":{\"name\":\"Aconteceu no Vale\",\"@id\":\"https:\\\/\\\/aconteceunovale.com.br\\\/portal\\\/#\\\/schema\\\/person\\\/633529146f2c94272bef50ac2953d589\"},\"headline\":\"Um caminhoneiro e quatro motociclistas morrem em acidentes no Norte de Minas\",\"datePublished\":\"2017-11-27T19:59:19+00:00\",\"mainEntityOfPage\":{\"@id\":\"https:\\\/\\\/aconteceunovale.com.br\\\/portal\\\/?p=124339\"},\"wordCount\":388,\"commentCount\":0,\"image\":{\"@id\":\"https:\\\/\\\/aconteceunovale.com.br\\\/portal\\\/?p=124339#primaryimage\"},\"thumbnailUrl\":\"https:\\\/\\\/aconteceunovale.com.br\\\/portal\\\/wp-content\\\/uploads\\\/2017\\\/11\\\/acidentes_caminhoneiro_motos_nm_1.jpg\",\"keywords\":[\"acidente bocaiuva\",\"Acidente com carreta de melancia em Salinas\",\"Acidente com carreta em Salinas\",\"Acidente com moto em Bocaiuva\",\"Acidente com motos em S\u00e3o Francisco\",\"acidente em bocaiuva\",\"Acidente em Riachinho\",\"acidente em salinas\",\"Acidente em S\u00e3o Francisco\",\"acidente montes claros\",\"acidente na br 251\",\"acidente na br-251 em Salinas\",\"Acidente na zona rural de Montes Claros\",\"Acidente S\u00e3o Francisco\",\"Bocai\u00fava\",\"destaque\",\"Montes Claros\",\"Salinas\",\"S\u00e3o Francisco\",\"Um caminhoneiro e quatro motociclistas morrem em acidentes no Norte de Minas\"],\"articleSection\":[\"Norte de Minas\"],\"inLanguage\":\"pt-BR\",\"potentialAction\":[{\"@type\":\"CommentAction\",\"name\":\"Comment\",\"target\":[\"https:\\\/\\\/aconteceunovale.com.br\\\/portal\\\/?p=124339#respond\"]}]},{\"@type\":\"WebPage\",\"@id\":\"https:\\\/\\\/aconteceunovale.com.br\\\/portal\\\/?p=124339\",\"url\":\"https:\\\/\\\/aconteceunovale.com.br\\\/portal\\\/?p=124339\",\"name\":\"Um caminhoneiro e quatro motociclistas morrem em acidentes no Norte de Minas - Aconteceu no Vale\",\"isPartOf\":{\"@id\":\"https:\\\/\\\/aconteceunovale.com.br\\\/portal\\\/#website\"},\"primaryImageOfPage\":{\"@id\":\"https:\\\/\\\/aconteceunovale.com.br\\\/portal\\\/?p=124339#primaryimage\"},\"image\":{\"@id\":\"https:\\\/\\\/aconteceunovale.com.br\\\/portal\\\/?p=124339#primaryimage\"},\"thumbnailUrl\":\"https:\\\/\\\/aconteceunovale.com.br\\\/portal\\\/wp-content\\\/uploads\\\/2017\\\/11\\\/acidentes_caminhoneiro_motos_nm_1.jpg\",\"datePublished\":\"2017-11-27T19:59:19+00:00\",\"author\":{\"@id\":\"https:\\\/\\\/aconteceunovale.com.br\\\/portal\\\/#\\\/schema\\\/person\\\/633529146f2c94272bef50ac2953d589\"},\"breadcrumb\":{\"@id\":\"https:\\\/\\\/aconteceunovale.com.br\\\/portal\\\/?p=124339#breadcrumb\"},\"inLanguage\":\"pt-BR\",\"potentialAction\":[{\"@type\":\"ReadAction\",\"target\":[\"https:\\\/\\\/aconteceunovale.com.br\\\/portal\\\/?p=124339\"]}]},{\"@type\":\"ImageObject\",\"inLanguage\":\"pt-BR\",\"@id\":\"https:\\\/\\\/aconteceunovale.com.br\\\/portal\\\/?p=124339#primaryimage\",\"url\":\"https:\\\/\\\/aconteceunovale.com.br\\\/portal\\\/wp-content\\\/uploads\\\/2017\\\/11\\\/acidentes_caminhoneiro_motos_nm_1.jpg\",\"contentUrl\":\"https:\\\/\\\/aconteceunovale.com.br\\\/portal\\\/wp-content\\\/uploads\\\/2017\\\/11\\\/acidentes_caminhoneiro_motos_nm_1.jpg\",\"width\":678,\"height\":381},{\"@type\":\"BreadcrumbList\",\"@id\":\"https:\\\/\\\/aconteceunovale.com.br\\\/portal\\\/?p=124339#breadcrumb\",\"itemListElement\":[{\"@type\":\"ListItem\",\"position\":1,\"name\":\"In\u00edcio\",\"item\":\"https:\\\/\\\/aconteceunovale.com.br\\\/portal\\\/\"},{\"@type\":\"ListItem\",\"position\":2,\"name\":\"Um caminhoneiro e quatro motociclistas morrem em acidentes no Norte de Minas\"}]},{\"@type\":\"WebSite\",\"@id\":\"https:\\\/\\\/aconteceunovale.com.br\\\/portal\\\/#website\",\"url\":\"https:\\\/\\\/aconteceunovale.com.br\\\/portal\\\/\",\"name\":\"Aconteceu no Vale\",\"description\":\"Portal de Not\u00edcias\",\"potentialAction\":[{\"@type\":\"SearchAction\",\"target\":{\"@type\":\"EntryPoint\",\"urlTemplate\":\"https:\\\/\\\/aconteceunovale.com.br\\\/portal\\\/?s={search_term_string}\"},\"query-input\":{\"@type\":\"PropertyValueSpecification\",\"valueRequired\":true,\"valueName\":\"search_term_string\"}}],\"inLanguage\":\"pt-BR\"},{\"@type\":\"Person\",\"@id\":\"https:\\\/\\\/aconteceunovale.com.br\\\/portal\\\/#\\\/schema\\\/person\\\/633529146f2c94272bef50ac2953d589\",\"name\":\"Aconteceu no Vale\",\"description\":\"Equipe de reportagem do Aconteceu no Vale, portal de not\u00edcias do Vale do Jequitinhonha, em Minas Gerais. Cobrimos as 51 cidades do Vale desde 2013. Sugest\u00f5es de pauta e pedidos de corre\u00e7\u00e3o: contato@aconteceunovale.com.br\",\"sameAs\":[\"http:\\\/\\\/www.aconteceunovale.com.br\"],\"url\":\"https:\\\/\\\/aconteceunovale.com.br\\\/portal\\\/?author=1\"}]}<\/script>\n<!-- \/ Yoast SEO plugin. -->","yoast_head_json":{"title":"Um caminhoneiro e quatro motociclistas morrem em acidentes no Norte de Minas - Aconteceu no Vale","robots":{"index":"index","follow":"follow","max-snippet":"max-snippet:-1","max-image-preview":"max-image-preview:large","max-video-preview":"max-video-preview:-1"},"canonical":"https:\/\/aconteceunovale.com.br\/portal\/?p=124339","og_locale":"pt_BR","og_type":"article","og_title":"Um caminhoneiro e quatro motociclistas morrem em acidentes no Norte de Minas - Aconteceu no Vale","og_description":"Um caminhoneiro de 39 morreu em um acidente em uma curva da BR-251, em Salinas, nesse domingo (26\/11\/2017). De acordo com a Pol\u00edcia Rodovi\u00e1ria Federal (PRF), a carreta, com Placas de Santa Catarina, tombou fora da pista e o motorista morreu no local. Ap\u00f3s a trag\u00e9dia, a carga de mel\u00e3o e melancia foi saqueada. O [&hellip;]","og_url":"https:\/\/aconteceunovale.com.br\/portal\/?p=124339","og_site_name":"Aconteceu no Vale","article_publisher":"https:\/\/www.facebook.com\/aconteceunovale\/","article_published_time":"2017-11-27T19:59:19+00:00","og_image":[{"width":678,"height":381,"url":"https:\/\/aconteceunovale.com.br\/portal\/wp-content\/uploads\/2017\/11\/acidentes_caminhoneiro_motos_nm_1.jpg","type":"image\/jpeg"}],"author":"Aconteceu no Vale","twitter_card":"summary_large_image","twitter_creator":"@noticiadosvales","twitter_site":"@noticiadosvales","twitter_misc":{"Escrito por":"Aconteceu no Vale","Est. tempo de leitura":"2 minutos"},"schema":{"@context":"https:\/\/schema.org","@graph":[{"@type":"Article","@id":"https:\/\/aconteceunovale.com.br\/portal\/?p=124339#article","isPartOf":{"@id":"https:\/\/aconteceunovale.com.br\/portal\/?p=124339"},"author":{"name":"Aconteceu no Vale","@id":"https:\/\/aconteceunovale.com.br\/portal\/#\/schema\/person\/633529146f2c94272bef50ac2953d589"},"headline":"Um caminhoneiro e quatro motociclistas morrem em acidentes no Norte de Minas","datePublished":"2017-11-27T19:59:19+00:00","mainEntityOfPage":{"@id":"https:\/\/aconteceunovale.com.br\/portal\/?p=124339"},"wordCount":388,"commentCount":0,"image":{"@id":"https:\/\/aconteceunovale.com.br\/portal\/?p=124339#primaryimage"},"thumbnailUrl":"https:\/\/aconteceunovale.com.br\/portal\/wp-content\/uploads\/2017\/11\/acidentes_caminhoneiro_motos_nm_1.jpg","keywords":["acidente bocaiuva","Acidente com carreta de melancia em Salinas","Acidente com carreta em Salinas","Acidente com moto em Bocaiuva","Acidente com motos em S\u00e3o Francisco","acidente em bocaiuva","Acidente em Riachinho","acidente em salinas","Acidente em S\u00e3o Francisco","acidente montes claros","acidente na br 251","acidente na br-251 em Salinas","Acidente na zona rural de Montes Claros","Acidente S\u00e3o Francisco","Bocai\u00fava","destaque","Montes Claros","Salinas","S\u00e3o Francisco","Um caminhoneiro e quatro motociclistas morrem em acidentes no Norte de Minas"],"articleSection":["Norte de Minas"],"inLanguage":"pt-BR","potentialAction":[{"@type":"CommentAction","name":"Comment","target":["https:\/\/aconteceunovale.com.br\/portal\/?p=124339#respond"]}]},{"@type":"WebPage","@id":"https:\/\/aconteceunovale.com.br\/portal\/?p=124339","url":"https:\/\/aconteceunovale.com.br\/portal\/?p=124339","name":"Um caminhoneiro e quatro motociclistas morrem em acidentes no Norte de Minas - Aconteceu no Vale","isPartOf":{"@id":"https:\/\/aconteceunovale.com.br\/portal\/#website"},"primaryImageOfPage":{"@id":"https:\/\/aconteceunovale.com.br\/portal\/?p=124339#primaryimage"},"image":{"@id":"https:\/\/aconteceunovale.com.br\/portal\/?p=124339#primaryimage"},"thumbnailUrl":"https:\/\/aconteceunovale.com.br\/portal\/wp-content\/uploads\/2017\/11\/acidentes_caminhoneiro_motos_nm_1.jpg","datePublished":"2017-11-27T19:59:19+00:00","author":{"@id":"https:\/\/aconteceunovale.com.br\/portal\/#\/schema\/person\/633529146f2c94272bef50ac2953d589"},"breadcrumb":{"@id":"https:\/\/aconteceunovale.com.br\/portal\/?p=124339#breadcrumb"},"inLanguage":"pt-BR","potentialAction":[{"@type":"ReadAction","target":["https:\/\/aconteceunovale.com.br\/portal\/?p=124339"]}]},{"@type":"ImageObject","inLanguage":"pt-BR","@id":"https:\/\/aconteceunovale.com.br\/portal\/?p=124339#primaryimage","url":"https:\/\/aconteceunovale.com.br\/portal\/wp-content\/uploads\/2017\/11\/acidentes_caminhoneiro_motos_nm_1.jpg","contentUrl":"https:\/\/aconteceunovale.com.br\/portal\/wp-content\/uploads\/2017\/11\/acidentes_caminhoneiro_motos_nm_1.jpg","width":678,"height":381},{"@type":"BreadcrumbList","@id":"https:\/\/aconteceunovale.com.br\/portal\/?p=124339#breadcrumb","itemListElement":[{"@type":"ListItem","position":1,"name":"In\u00edcio","item":"https:\/\/aconteceunovale.com.br\/portal\/"},{"@type":"ListItem","position":2,"name":"Um caminhoneiro e quatro motociclistas morrem em acidentes no Norte de Minas"}]},{"@type":"WebSite","@id":"https:\/\/aconteceunovale.com.br\/portal\/#website","url":"https:\/\/aconteceunovale.com.br\/portal\/","name":"Aconteceu no Vale","description":"Portal de Not\u00edcias","potentialAction":[{"@type":"SearchAction","target":{"@type":"EntryPoint","urlTemplate":"https:\/\/aconteceunovale.com.br\/portal\/?s={search_term_string}"},"query-input":{"@type":"PropertyValueSpecification","valueRequired":true,"valueName":"search_term_string"}}],"inLanguage":"pt-BR"},{"@type":"Person","@id":"https:\/\/aconteceunovale.com.br\/portal\/#\/schema\/person\/633529146f2c94272bef50ac2953d589","name":"Aconteceu no Vale","description":"Equipe de reportagem do Aconteceu no Vale, portal de not\u00edcias do Vale do Jequitinhonha, em Minas Gerais. Cobrimos as 51 cidades do Vale desde 2013. Sugest\u00f5es de pauta e pedidos de corre\u00e7\u00e3o: contato@aconteceunovale.com.br","sameAs":["http:\/\/www.aconteceunovale.com.br"],"url":"https:\/\/aconteceunovale.com.br\/portal\/?author=1"}]}},"_links":{"self":[{"href":"https:\/\/aconteceunovale.com.br\/portal\/index.php?rest_route=\/wp\/v2\/posts\/124339","targetHints":{"allow":["GET"]}}],"collection":[{"href":"https:\/\/aconteceunovale.com.br\/portal\/index.php?rest_route=\/wp\/v2\/posts"}],"about":[{"href":"https:\/\/aconteceunovale.com.br\/portal\/index.php?rest_route=\/wp\/v2\/types\/post"}],"author":[{"embeddable":true,"href":"https:\/\/aconteceunovale.com.br\/portal\/index.php?rest_route=\/wp\/v2\/users\/1"}],"replies":[{"embeddable":true,"href":"https:\/\/aconteceunovale.com.br\/portal\/index.php?rest_route=%2Fwp%2Fv2%2Fcomments&post=124339"}],"version-history":[{"count":0,"href":"https:\/\/aconteceunovale.com.br\/portal\/index.php?rest_route=\/wp\/v2\/posts\/124339\/revisions"}],"wp:featuredmedia":[{"embeddable":true,"href":"https:\/\/aconteceunovale.com.br\/portal\/index.php?rest_route=\/wp\/v2\/media\/124340"}],"wp:attachment":[{"href":"https:\/\/aconteceunovale.com.br\/portal\/index.php?rest_route=%2Fwp%2Fv2%2Fmedia&parent=124339"}],"wp:term":[{"taxonomy":"category","embeddable":true,"href":"https:\/\/aconteceunovale.com.br\/portal\/index.php?rest_route=%2Fwp%2Fv2%2Fcategories&post=124339"},{"taxonomy":"post_tag","embeddable":true,"href":"https:\/\/aconteceunovale.com.br\/portal\/index.php?rest_route=%2Fwp%2Fv2%2Ftags&post=124339"}],"curies":[{"name":"wp","href":"https:\/\/api.w.org\/{rel}","templated":true}]}}