{"id":124330,"date":"2017-11-27T00:35:52","date_gmt":"2017-11-27T02:35:52","guid":{"rendered":"http:\/\/aconteceunovale.com.br\/portal\/?p=124330"},"modified":"2017-11-27T00:35:52","modified_gmt":"2017-11-27T02:35:52","slug":"filha-de-bruno-gagliasso-e-giovanna-ewbank-sofre-ataque-racista-na-internet","status":"publish","type":"post","link":"https:\/\/aconteceunovale.com.br\/portal\/?p=124330","title":{"rendered":"Filha de Bruno Gagliasso e Giovanna Ewbank sofre ataque racista na internet"},"content":{"rendered":"<p>Giovanna Ewbank usou o Instagram neste domingo, 26 de novembro de 2017, para se pronunciar a respeito de um v\u00eddeo em que Titi, sua filha e do ator Bruno Gagliasso, sofre ataques racistas.  &#8220;Domingo com amor e a pureza de uma crian\u00e7a. A todos que t\u00eam nos mandado mensagens sobre o acontecido, racismo \u00e9 crime, e j\u00e1 estamos tomando as devidas provid\u00eancias perante a lei. Obrigada&#8221;, escreveu a atriz sem mencionar especificamente um v\u00eddeo com ofensas que come\u00e7ou a circular nas redes sociais no s\u00e1bado, 25, \u00e0 noite.<\/p>\n<p>Canais como YouTube e WhatsApp reproduzem um Story &#8211; publica\u00e7\u00e3o que \u00e9 apagada automaticamente ap\u00f3s 24 horas &#8211; em que uma mulher diz que Titi \u00e9 uma &#8220;macaca horr\u00edvel&#8221;. O v\u00eddeo teria sido publicado na conta da socialite Day McCarthy, no entanto o perfil n\u00e3o est\u00e1 mais dispon\u00edvel na rede social. &#8220;A menina \u00e9 preta, tem um cabelo horr\u00edvel de pico de palha e tem um nariz de preto, horr\u00edvel, e o povo fala que a menina \u00e9 linda?&#8221;, ataca Day McCarthy.<\/p>\n<p>&#8220;Essas mesmas pessoas vem no meu Instagram criticar a minha apar\u00eancia&#8221;, completa ela, que disse n\u00e3o ter &#8220;olhos azuis, cabelo lisos e nariz fino como a sociedade imp\u00f5e&#8221;. Por fim, a socialite ainda diz que a menina n\u00e3o \u00e9 adotada, mas n\u00e3o \u00e9 filha do casal. &#8220;Filha n\u00e3o \u00e9. Como duas pessoas brancas dos olhos claros v\u00e3o ter uma filha preta com cabelo de pico e nariz de preto?&#8221;. <\/p>\n<p>O pai de Titi, Bruno Gagliasso, tamb\u00e9m fez uma publica\u00e7\u00e3o no Instagram para falar sobre racismo.<\/p>\n<p>Em agosto, a socialite j\u00e1 tinha humilhado a pequena Rafaella Justus, filha de Roberto Justus e Ticiane Pinheiro. Na \u00e9poca, ela disse que e menina se parecia com o boneco assassino Chucky e revoltou os internautas. <\/p>\n<p><strong>Veja o v\u00eddeo: <\/strong><\/p>\n<p><iframe loading=\"lazy\" width=\"600\" height=\"345\" src=\"https:\/\/www.youtube.com\/embed\/Q_DxmQqE6pI\" frameborder=\"0\" allowfullscreen><\/iframe><br \/>\n<\/br><\/p>\n<p><strong>VER PRIMEIRO<\/strong><\/p>\n<p>Receba as not\u00edcias do Aconteceu no Vale em primeira m\u00e3o. Clique em curtir no endere\u00e7o <a href=\"https:\/\/www.facebook.com\/aconteceunovale\" target=\"_blank\"><font color=\"red\">www.facebook.com\/aconteceunovale<\/font><\/a> ou no box abaixo:<\/p>\n<div class=\"fb-like\" data-href=\"https:\/\/www.facebook.com\/aconteceunovale\" data-width=\"120\" data-layout=\"standard\" data-action=\"like\" data-size=\"small\" data-show-faces=\"true\" data-share=\"true\"><\/div>\n<p><\/br><\/p>\n<p><em>(Fonte: Ag\u00eancia Estado)<\/em><\/p>\n","protected":false},"excerpt":{"rendered":"<p>Giovanna Ewbank usou o Instagram neste domingo, 26 de novembro de 2017, para se pronunciar a respeito de um v\u00eddeo em que Titi, sua filha e do ator Bruno Gagliasso, sofre ataques racistas. &#8220;Domingo com amor e a pureza de uma crian\u00e7a. A todos que t\u00eam nos mandado mensagens sobre o acontecido, racismo \u00e9 crime, [&hellip;]<\/p>\n","protected":false},"author":1,"featured_media":124331,"comment_status":"open","ping_status":"closed","sticky":false,"template":"","format":"standard","meta":{"amp_status":"","footnotes":""},"categories":[6,28848],"tags":[164463,164464,164465,164466,164467,164460,164462,164461],"class_list":["post-124330","post","type-post","status-publish","format-standard","has-post-thumbnail","hentry","category-br","category-mundo","tag-agressao-titi","tag-ataque-racista-titi","tag-bruno-gagliasso","tag-day-mccarthy","tag-filha-de-bruno-gagliasso-e-giovanna-ewbank-sofre-ataque-racista-na-internet","tag-giovanna-ewbank","tag-racismo-titi","tag-titi"],"yoast_head":"<!-- This site is optimized with the Yoast SEO plugin v28.3 - https:\/\/yoast.com\/product\/yoast-seo-wordpress\/ -->\n<title>Filha de Bruno Gagliasso e Giovanna Ewbank sofre ataque racista na internet - Aconteceu no Vale<\/title>\n<meta name=\"robots\" content=\"index, follow, max-snippet:-1, max-image-preview:large, max-video-preview:-1\" \/>\n<link rel=\"canonical\" href=\"https:\/\/aconteceunovale.com.br\/portal\/?p=124330\" \/>\n<meta property=\"og:locale\" content=\"pt_BR\" \/>\n<meta property=\"og:type\" content=\"article\" \/>\n<meta property=\"og:title\" content=\"Filha de Bruno Gagliasso e Giovanna Ewbank sofre ataque racista na internet - Aconteceu no Vale\" \/>\n<meta property=\"og:description\" content=\"Giovanna Ewbank usou o Instagram neste domingo, 26 de novembro de 2017, para se pronunciar a respeito de um v\u00eddeo em que Titi, sua filha e do ator Bruno Gagliasso, sofre ataques racistas. &#8220;Domingo com amor e a pureza de uma crian\u00e7a. A todos que t\u00eam nos mandado mensagens sobre o acontecido, racismo \u00e9 crime, [&hellip;]\" \/>\n<meta property=\"og:url\" content=\"https:\/\/aconteceunovale.com.br\/portal\/?p=124330\" \/>\n<meta property=\"og:site_name\" content=\"Aconteceu no Vale\" \/>\n<meta property=\"article:publisher\" content=\"https:\/\/www.facebook.com\/aconteceunovale\/\" \/>\n<meta property=\"article:published_time\" content=\"2017-11-27T02:35:52+00:00\" \/>\n<meta property=\"og:image\" content=\"https:\/\/aconteceunovale.com.br\/portal\/wp-content\/uploads\/2017\/11\/titi.jpg\" \/>\n\t<meta property=\"og:image:width\" content=\"627\" \/>\n\t<meta property=\"og:image:height\" content=\"359\" \/>\n\t<meta property=\"og:image:type\" content=\"image\/jpeg\" \/>\n<meta name=\"author\" content=\"Aconteceu no Vale\" \/>\n<meta name=\"twitter:card\" content=\"summary_large_image\" \/>\n<meta name=\"twitter:creator\" content=\"@noticiadosvales\" \/>\n<meta name=\"twitter:site\" content=\"@noticiadosvales\" \/>\n<meta name=\"twitter:label1\" content=\"Escrito por\" \/>\n\t<meta name=\"twitter:data1\" content=\"Aconteceu no Vale\" \/>\n\t<meta name=\"twitter:label2\" content=\"Est. tempo de leitura\" \/>\n\t<meta name=\"twitter:data2\" content=\"2 minutos\" \/>\n<script type=\"application\/ld+json\" class=\"yoast-schema-graph\">{\"@context\":\"https:\\\/\\\/schema.org\",\"@graph\":[{\"@type\":\"Article\",\"@id\":\"https:\\\/\\\/aconteceunovale.com.br\\\/portal\\\/?p=124330#article\",\"isPartOf\":{\"@id\":\"https:\\\/\\\/aconteceunovale.com.br\\\/portal\\\/?p=124330\"},\"author\":{\"name\":\"Aconteceu no Vale\",\"@id\":\"https:\\\/\\\/aconteceunovale.com.br\\\/portal\\\/#\\\/schema\\\/person\\\/633529146f2c94272bef50ac2953d589\"},\"headline\":\"Filha de Bruno Gagliasso e Giovanna Ewbank sofre ataque racista na internet\",\"datePublished\":\"2017-11-27T02:35:52+00:00\",\"mainEntityOfPage\":{\"@id\":\"https:\\\/\\\/aconteceunovale.com.br\\\/portal\\\/?p=124330\"},\"wordCount\":350,\"commentCount\":0,\"image\":{\"@id\":\"https:\\\/\\\/aconteceunovale.com.br\\\/portal\\\/?p=124330#primaryimage\"},\"thumbnailUrl\":\"https:\\\/\\\/aconteceunovale.com.br\\\/portal\\\/wp-content\\\/uploads\\\/2017\\\/11\\\/titi.jpg\",\"keywords\":[\"Agress\u00e3o Titi\",\"Ataque racista Titi\",\"Bruno Gagliasso\",\"Day McCarthy\",\"Filha de Bruno Gagliasso e Giovanna Ewbank sofre ataque racista na internet\",\"Giovanna Ewbank\",\"Racismo Titi\",\"Titi\"],\"articleSection\":[\"Brasil\",\"Mundo\"],\"inLanguage\":\"pt-BR\",\"potentialAction\":[{\"@type\":\"CommentAction\",\"name\":\"Comment\",\"target\":[\"https:\\\/\\\/aconteceunovale.com.br\\\/portal\\\/?p=124330#respond\"]}]},{\"@type\":\"WebPage\",\"@id\":\"https:\\\/\\\/aconteceunovale.com.br\\\/portal\\\/?p=124330\",\"url\":\"https:\\\/\\\/aconteceunovale.com.br\\\/portal\\\/?p=124330\",\"name\":\"Filha de Bruno Gagliasso e Giovanna Ewbank sofre ataque racista na internet - Aconteceu no Vale\",\"isPartOf\":{\"@id\":\"https:\\\/\\\/aconteceunovale.com.br\\\/portal\\\/#website\"},\"primaryImageOfPage\":{\"@id\":\"https:\\\/\\\/aconteceunovale.com.br\\\/portal\\\/?p=124330#primaryimage\"},\"image\":{\"@id\":\"https:\\\/\\\/aconteceunovale.com.br\\\/portal\\\/?p=124330#primaryimage\"},\"thumbnailUrl\":\"https:\\\/\\\/aconteceunovale.com.br\\\/portal\\\/wp-content\\\/uploads\\\/2017\\\/11\\\/titi.jpg\",\"datePublished\":\"2017-11-27T02:35:52+00:00\",\"author\":{\"@id\":\"https:\\\/\\\/aconteceunovale.com.br\\\/portal\\\/#\\\/schema\\\/person\\\/633529146f2c94272bef50ac2953d589\"},\"breadcrumb\":{\"@id\":\"https:\\\/\\\/aconteceunovale.com.br\\\/portal\\\/?p=124330#breadcrumb\"},\"inLanguage\":\"pt-BR\",\"potentialAction\":[{\"@type\":\"ReadAction\",\"target\":[\"https:\\\/\\\/aconteceunovale.com.br\\\/portal\\\/?p=124330\"]}]},{\"@type\":\"ImageObject\",\"inLanguage\":\"pt-BR\",\"@id\":\"https:\\\/\\\/aconteceunovale.com.br\\\/portal\\\/?p=124330#primaryimage\",\"url\":\"https:\\\/\\\/aconteceunovale.com.br\\\/portal\\\/wp-content\\\/uploads\\\/2017\\\/11\\\/titi.jpg\",\"contentUrl\":\"https:\\\/\\\/aconteceunovale.com.br\\\/portal\\\/wp-content\\\/uploads\\\/2017\\\/11\\\/titi.jpg\",\"width\":627,\"height\":359},{\"@type\":\"BreadcrumbList\",\"@id\":\"https:\\\/\\\/aconteceunovale.com.br\\\/portal\\\/?p=124330#breadcrumb\",\"itemListElement\":[{\"@type\":\"ListItem\",\"position\":1,\"name\":\"In\u00edcio\",\"item\":\"https:\\\/\\\/aconteceunovale.com.br\\\/portal\\\/\"},{\"@type\":\"ListItem\",\"position\":2,\"name\":\"Filha de Bruno Gagliasso e Giovanna Ewbank sofre ataque racista na internet\"}]},{\"@type\":\"WebSite\",\"@id\":\"https:\\\/\\\/aconteceunovale.com.br\\\/portal\\\/#website\",\"url\":\"https:\\\/\\\/aconteceunovale.com.br\\\/portal\\\/\",\"name\":\"Aconteceu no Vale\",\"description\":\"Portal de Not\u00edcias\",\"potentialAction\":[{\"@type\":\"SearchAction\",\"target\":{\"@type\":\"EntryPoint\",\"urlTemplate\":\"https:\\\/\\\/aconteceunovale.com.br\\\/portal\\\/?s={search_term_string}\"},\"query-input\":{\"@type\":\"PropertyValueSpecification\",\"valueRequired\":true,\"valueName\":\"search_term_string\"}}],\"inLanguage\":\"pt-BR\"},{\"@type\":\"Person\",\"@id\":\"https:\\\/\\\/aconteceunovale.com.br\\\/portal\\\/#\\\/schema\\\/person\\\/633529146f2c94272bef50ac2953d589\",\"name\":\"Aconteceu no Vale\",\"description\":\"Equipe de reportagem do Aconteceu no Vale, portal de not\u00edcias do Vale do Jequitinhonha, em Minas Gerais. Cobrimos as 51 cidades do Vale desde 2013. Sugest\u00f5es de pauta e pedidos de corre\u00e7\u00e3o: contato@aconteceunovale.com.br\",\"sameAs\":[\"http:\\\/\\\/www.aconteceunovale.com.br\"],\"url\":\"https:\\\/\\\/aconteceunovale.com.br\\\/portal\\\/?author=1\"}]}<\/script>\n<!-- \/ Yoast SEO plugin. -->","yoast_head_json":{"title":"Filha de Bruno Gagliasso e Giovanna Ewbank sofre ataque racista na internet - Aconteceu no Vale","robots":{"index":"index","follow":"follow","max-snippet":"max-snippet:-1","max-image-preview":"max-image-preview:large","max-video-preview":"max-video-preview:-1"},"canonical":"https:\/\/aconteceunovale.com.br\/portal\/?p=124330","og_locale":"pt_BR","og_type":"article","og_title":"Filha de Bruno Gagliasso e Giovanna Ewbank sofre ataque racista na internet - Aconteceu no Vale","og_description":"Giovanna Ewbank usou o Instagram neste domingo, 26 de novembro de 2017, para se pronunciar a respeito de um v\u00eddeo em que Titi, sua filha e do ator Bruno Gagliasso, sofre ataques racistas. &#8220;Domingo com amor e a pureza de uma crian\u00e7a. A todos que t\u00eam nos mandado mensagens sobre o acontecido, racismo \u00e9 crime, [&hellip;]","og_url":"https:\/\/aconteceunovale.com.br\/portal\/?p=124330","og_site_name":"Aconteceu no Vale","article_publisher":"https:\/\/www.facebook.com\/aconteceunovale\/","article_published_time":"2017-11-27T02:35:52+00:00","og_image":[{"width":627,"height":359,"url":"https:\/\/aconteceunovale.com.br\/portal\/wp-content\/uploads\/2017\/11\/titi.jpg","type":"image\/jpeg"}],"author":"Aconteceu no Vale","twitter_card":"summary_large_image","twitter_creator":"@noticiadosvales","twitter_site":"@noticiadosvales","twitter_misc":{"Escrito por":"Aconteceu no Vale","Est. tempo de leitura":"2 minutos"},"schema":{"@context":"https:\/\/schema.org","@graph":[{"@type":"Article","@id":"https:\/\/aconteceunovale.com.br\/portal\/?p=124330#article","isPartOf":{"@id":"https:\/\/aconteceunovale.com.br\/portal\/?p=124330"},"author":{"name":"Aconteceu no Vale","@id":"https:\/\/aconteceunovale.com.br\/portal\/#\/schema\/person\/633529146f2c94272bef50ac2953d589"},"headline":"Filha de Bruno Gagliasso e Giovanna Ewbank sofre ataque racista na internet","datePublished":"2017-11-27T02:35:52+00:00","mainEntityOfPage":{"@id":"https:\/\/aconteceunovale.com.br\/portal\/?p=124330"},"wordCount":350,"commentCount":0,"image":{"@id":"https:\/\/aconteceunovale.com.br\/portal\/?p=124330#primaryimage"},"thumbnailUrl":"https:\/\/aconteceunovale.com.br\/portal\/wp-content\/uploads\/2017\/11\/titi.jpg","keywords":["Agress\u00e3o Titi","Ataque racista Titi","Bruno Gagliasso","Day McCarthy","Filha de Bruno Gagliasso e Giovanna Ewbank sofre ataque racista na internet","Giovanna Ewbank","Racismo Titi","Titi"],"articleSection":["Brasil","Mundo"],"inLanguage":"pt-BR","potentialAction":[{"@type":"CommentAction","name":"Comment","target":["https:\/\/aconteceunovale.com.br\/portal\/?p=124330#respond"]}]},{"@type":"WebPage","@id":"https:\/\/aconteceunovale.com.br\/portal\/?p=124330","url":"https:\/\/aconteceunovale.com.br\/portal\/?p=124330","name":"Filha de Bruno Gagliasso e Giovanna Ewbank sofre ataque racista na internet - Aconteceu no Vale","isPartOf":{"@id":"https:\/\/aconteceunovale.com.br\/portal\/#website"},"primaryImageOfPage":{"@id":"https:\/\/aconteceunovale.com.br\/portal\/?p=124330#primaryimage"},"image":{"@id":"https:\/\/aconteceunovale.com.br\/portal\/?p=124330#primaryimage"},"thumbnailUrl":"https:\/\/aconteceunovale.com.br\/portal\/wp-content\/uploads\/2017\/11\/titi.jpg","datePublished":"2017-11-27T02:35:52+00:00","author":{"@id":"https:\/\/aconteceunovale.com.br\/portal\/#\/schema\/person\/633529146f2c94272bef50ac2953d589"},"breadcrumb":{"@id":"https:\/\/aconteceunovale.com.br\/portal\/?p=124330#breadcrumb"},"inLanguage":"pt-BR","potentialAction":[{"@type":"ReadAction","target":["https:\/\/aconteceunovale.com.br\/portal\/?p=124330"]}]},{"@type":"ImageObject","inLanguage":"pt-BR","@id":"https:\/\/aconteceunovale.com.br\/portal\/?p=124330#primaryimage","url":"https:\/\/aconteceunovale.com.br\/portal\/wp-content\/uploads\/2017\/11\/titi.jpg","contentUrl":"https:\/\/aconteceunovale.com.br\/portal\/wp-content\/uploads\/2017\/11\/titi.jpg","width":627,"height":359},{"@type":"BreadcrumbList","@id":"https:\/\/aconteceunovale.com.br\/portal\/?p=124330#breadcrumb","itemListElement":[{"@type":"ListItem","position":1,"name":"In\u00edcio","item":"https:\/\/aconteceunovale.com.br\/portal\/"},{"@type":"ListItem","position":2,"name":"Filha de Bruno Gagliasso e Giovanna Ewbank sofre ataque racista na internet"}]},{"@type":"WebSite","@id":"https:\/\/aconteceunovale.com.br\/portal\/#website","url":"https:\/\/aconteceunovale.com.br\/portal\/","name":"Aconteceu no Vale","description":"Portal de Not\u00edcias","potentialAction":[{"@type":"SearchAction","target":{"@type":"EntryPoint","urlTemplate":"https:\/\/aconteceunovale.com.br\/portal\/?s={search_term_string}"},"query-input":{"@type":"PropertyValueSpecification","valueRequired":true,"valueName":"search_term_string"}}],"inLanguage":"pt-BR"},{"@type":"Person","@id":"https:\/\/aconteceunovale.com.br\/portal\/#\/schema\/person\/633529146f2c94272bef50ac2953d589","name":"Aconteceu no Vale","description":"Equipe de reportagem do Aconteceu no Vale, portal de not\u00edcias do Vale do Jequitinhonha, em Minas Gerais. Cobrimos as 51 cidades do Vale desde 2013. Sugest\u00f5es de pauta e pedidos de corre\u00e7\u00e3o: contato@aconteceunovale.com.br","sameAs":["http:\/\/www.aconteceunovale.com.br"],"url":"https:\/\/aconteceunovale.com.br\/portal\/?author=1"}]}},"_links":{"self":[{"href":"https:\/\/aconteceunovale.com.br\/portal\/index.php?rest_route=\/wp\/v2\/posts\/124330","targetHints":{"allow":["GET"]}}],"collection":[{"href":"https:\/\/aconteceunovale.com.br\/portal\/index.php?rest_route=\/wp\/v2\/posts"}],"about":[{"href":"https:\/\/aconteceunovale.com.br\/portal\/index.php?rest_route=\/wp\/v2\/types\/post"}],"author":[{"embeddable":true,"href":"https:\/\/aconteceunovale.com.br\/portal\/index.php?rest_route=\/wp\/v2\/users\/1"}],"replies":[{"embeddable":true,"href":"https:\/\/aconteceunovale.com.br\/portal\/index.php?rest_route=%2Fwp%2Fv2%2Fcomments&post=124330"}],"version-history":[{"count":0,"href":"https:\/\/aconteceunovale.com.br\/portal\/index.php?rest_route=\/wp\/v2\/posts\/124330\/revisions"}],"wp:featuredmedia":[{"embeddable":true,"href":"https:\/\/aconteceunovale.com.br\/portal\/index.php?rest_route=\/wp\/v2\/media\/124331"}],"wp:attachment":[{"href":"https:\/\/aconteceunovale.com.br\/portal\/index.php?rest_route=%2Fwp%2Fv2%2Fmedia&parent=124330"}],"wp:term":[{"taxonomy":"category","embeddable":true,"href":"https:\/\/aconteceunovale.com.br\/portal\/index.php?rest_route=%2Fwp%2Fv2%2Fcategories&post=124330"},{"taxonomy":"post_tag","embeddable":true,"href":"https:\/\/aconteceunovale.com.br\/portal\/index.php?rest_route=%2Fwp%2Fv2%2Ftags&post=124330"}],"curies":[{"name":"wp","href":"https:\/\/api.w.org\/{rel}","templated":true}]}}