{"id":124306,"date":"2017-11-25T18:47:17","date_gmt":"2017-11-25T20:47:17","guid":{"rendered":"http:\/\/aconteceunovale.com.br\/portal\/?p=124306"},"modified":"2017-11-25T19:25:20","modified_gmt":"2017-11-25T21:25:20","slug":"crianca-morre-em-acidente-entre-carro-e-carreta-na-br-116-proximo-a-campanario","status":"publish","type":"post","link":"https:\/\/aconteceunovale.com.br\/portal\/?p=124306","title":{"rendered":"Crian\u00e7a morre em acidente entre carro e carreta na BR-116, pr\u00f3ximo a Campan\u00e1rio"},"content":{"rendered":"<p>Quatro pessoas ficaram feridas em um grave acidente na manh\u00e3 deste s\u00e1bado (25\/11\/2017), na BR-116, pr\u00f3ximo a Campan\u00e1rio (MG). A colis\u00e3o traseira entre um Ford Fiesta, licenciado no Estado de S\u00e3o Paulo, e uma carreta, que estava parada na pista de rolamento, no sentido Te\u00f3filo Otoni\/Governador Valadares, aconteceu por volta das 6h. <\/p>\n<p>Com o impacto, o condutor do autom\u00f3vel ficou preso \u00e0s ferragens. Uma equipe do Corpo de Bombeiros de Te\u00f3filo Otoni foi acionada para desencarcerar a v\u00edtima, que tem 49 anos e \u00e9 natural de Ponto dos Volantes. <\/p>\n<p>A esposa do motorista do Fiesta, de 44 anos, que estava no banco de passageiro, e outras duas pessoas que estavam no assento traseiro tamb\u00e9m ficaram feridas. <\/p>\n<p>Uma das v\u00edtimas, uma crian\u00e7a, foi encaminhada em estado grave para o Hospital Santa Ros\u00e1lia e acabou falecendo. O corpo foi encaminhado para o Instituto M\u00e9dico Legal (IML) para exame necrosc\u00f3pico. <\/p>\n<p><img decoding=\"async\" src=\"http:\/\/aconteceunovale.com.br\/portal\/wp-content\/uploads\/2017\/11\/acidente_campanario_1.jpg\" alt=\"\" \/><em>Carro colidiu contra traseira de carreta (Foto: Reprodu\u00e7\u00e3o\/WhatsApp)<\/em><br \/>\n<\/br><\/p>\n<h4>Carreta parada no meio da pista<\/h4>\n<p>Uma testemunha relatou ao Aconteceu no Vale que a carreta estava parada no meio da pista de rolamento. <em>\u201cEle estava dormindo e n\u00e3o viu o acidente\u201d<\/em>, disse um usu\u00e1rio da via que preferiu n\u00e3o se identificar.<\/p>\n<p>As causas do acidente ser\u00e3o investigadas.<\/p>\n<p><strong>VER PRIMEIRO<\/strong><\/p>\n<p>Receba as not\u00edcias do Aconteceu no Vale em primeira m\u00e3o. Clique em curtir no endere\u00e7o <a href=\"https:\/\/www.facebook.com\/aconteceunovale\" target=\"_blank\"><font color=\"red\">www.facebook.com\/aconteceunovale<\/font><\/a> ou no box abaixo:<\/p>\n<div class=\"fb-like\" data-href=\"https:\/\/www.facebook.com\/aconteceunovale\" data-width=\"120\" data-layout=\"standard\" data-action=\"like\" data-size=\"small\" data-show-faces=\"true\" data-share=\"true\"><\/div>\n<p><\/br><\/p>\n","protected":false},"excerpt":{"rendered":"<p>Quatro pessoas ficaram feridas em um grave acidente na manh\u00e3 deste s\u00e1bado (25\/11\/2017), na BR-116, pr\u00f3ximo a Campan\u00e1rio (MG). A colis\u00e3o traseira entre um Ford Fiesta, licenciado no Estado de S\u00e3o Paulo, e uma carreta, que estava parada na pista de rolamento, no sentido Te\u00f3filo Otoni\/Governador Valadares, aconteceu por volta das 6h. Com o impacto, [&hellip;]<\/p>\n","protected":false},"author":1,"featured_media":124307,"comment_status":"open","ping_status":"closed","sticky":false,"template":"","format":"standard","meta":{"amp_status":"","footnotes":""},"categories":[121],"tags":[28067,157001,277,164427,164428,164429,164430,164431,164432,1018,164433,189,444,76822],"class_list":["post-124306","post","type-post","status-publish","format-standard","has-post-thumbnail","hentry","category-leste","tag-acidente-em-campanario","tag-acidente-na-br-116-em-campanario","tag-campanario","tag-colisao-entre-carro-e-caminhao-deixa-quatro-pessoas-feridas-na-br-116","tag-colisao-entre-carro-e-caminhao-deixa-quatro-pessoas-feridas-na-br-116-proximo-a-campanario","tag-crianca-morre-em-acidente-entre-carro-e-caminhao-na-br-116","tag-crianca-morre-em-acidente-entre-carro-e-caminhao-na-br-116-proximo-a-campanario","tag-crianca-morre-em-acidente-entre-carro-e-carreta-na-br-116","tag-crianca-morre-em-acidente-entre-carro-e-carreta-na-br-116-proximo-a-campanario","tag-destaque","tag-gabriel-pacheco-leal","tag-itinga","tag-ponto-dos-volantes","tag-proximo-a-campanario"],"yoast_head":"<!-- This site is optimized with the Yoast SEO plugin v28.3 - https:\/\/yoast.com\/product\/yoast-seo-wordpress\/ -->\n<title>Crian\u00e7a morre em acidente entre carro e carreta na BR-116, pr\u00f3ximo a Campan\u00e1rio - Aconteceu no Vale<\/title>\n<meta name=\"robots\" content=\"index, follow, max-snippet:-1, max-image-preview:large, max-video-preview:-1\" \/>\n<link rel=\"canonical\" href=\"https:\/\/aconteceunovale.com.br\/portal\/?p=124306\" \/>\n<meta property=\"og:locale\" content=\"pt_BR\" \/>\n<meta property=\"og:type\" content=\"article\" \/>\n<meta property=\"og:title\" content=\"Crian\u00e7a morre em acidente entre carro e carreta na BR-116, pr\u00f3ximo a Campan\u00e1rio - Aconteceu no Vale\" \/>\n<meta property=\"og:description\" content=\"Quatro pessoas ficaram feridas em um grave acidente na manh\u00e3 deste s\u00e1bado (25\/11\/2017), na BR-116, pr\u00f3ximo a Campan\u00e1rio (MG). A colis\u00e3o traseira entre um Ford Fiesta, licenciado no Estado de S\u00e3o Paulo, e uma carreta, que estava parada na pista de rolamento, no sentido Te\u00f3filo Otoni\/Governador Valadares, aconteceu por volta das 6h. Com o impacto, [&hellip;]\" \/>\n<meta property=\"og:url\" content=\"https:\/\/aconteceunovale.com.br\/portal\/?p=124306\" \/>\n<meta property=\"og:site_name\" content=\"Aconteceu no Vale\" \/>\n<meta property=\"article:publisher\" content=\"https:\/\/www.facebook.com\/aconteceunovale\/\" \/>\n<meta property=\"article:published_time\" content=\"2017-11-25T20:47:17+00:00\" \/>\n<meta property=\"article:modified_time\" content=\"2017-11-25T21:25:20+00:00\" \/>\n<meta property=\"og:image\" content=\"https:\/\/aconteceunovale.com.br\/portal\/wp-content\/uploads\/2017\/11\/acidente_campanario_1.jpg\" \/>\n\t<meta property=\"og:image:width\" content=\"611\" \/>\n\t<meta property=\"og:image:height\" content=\"450\" \/>\n\t<meta property=\"og:image:type\" content=\"image\/jpeg\" \/>\n<meta name=\"author\" content=\"Aconteceu no Vale\" \/>\n<meta name=\"twitter:card\" content=\"summary_large_image\" \/>\n<meta name=\"twitter:creator\" content=\"@noticiadosvales\" \/>\n<meta name=\"twitter:site\" content=\"@noticiadosvales\" \/>\n<meta name=\"twitter:label1\" content=\"Escrito por\" \/>\n\t<meta name=\"twitter:data1\" content=\"Aconteceu no Vale\" \/>\n\t<meta name=\"twitter:label2\" content=\"Est. tempo de leitura\" \/>\n\t<meta name=\"twitter:data2\" content=\"1 minuto\" \/>\n<script type=\"application\/ld+json\" class=\"yoast-schema-graph\">{\"@context\":\"https:\\\/\\\/schema.org\",\"@graph\":[{\"@type\":\"Article\",\"@id\":\"https:\\\/\\\/aconteceunovale.com.br\\\/portal\\\/?p=124306#article\",\"isPartOf\":{\"@id\":\"https:\\\/\\\/aconteceunovale.com.br\\\/portal\\\/?p=124306\"},\"author\":{\"name\":\"Aconteceu no Vale\",\"@id\":\"https:\\\/\\\/aconteceunovale.com.br\\\/portal\\\/#\\\/schema\\\/person\\\/633529146f2c94272bef50ac2953d589\"},\"headline\":\"Crian\u00e7a morre em acidente entre carro e carreta na BR-116, pr\u00f3ximo a Campan\u00e1rio\",\"datePublished\":\"2017-11-25T20:47:17+00:00\",\"dateModified\":\"2017-11-25T21:25:20+00:00\",\"mainEntityOfPage\":{\"@id\":\"https:\\\/\\\/aconteceunovale.com.br\\\/portal\\\/?p=124306\"},\"wordCount\":265,\"commentCount\":0,\"image\":{\"@id\":\"https:\\\/\\\/aconteceunovale.com.br\\\/portal\\\/?p=124306#primaryimage\"},\"thumbnailUrl\":\"https:\\\/\\\/aconteceunovale.com.br\\\/portal\\\/wp-content\\\/uploads\\\/2017\\\/11\\\/acidente_campanario_1.jpg\",\"keywords\":[\"acidente em campan\u00e1rio\",\"Acidente na BR 116 em Campan\u00e1rio\",\"Campan\u00e1rio\",\"Colis\u00e3o entre carro e caminh\u00e3o deixa quatro pessoas feridas na BR-116\",\"Colis\u00e3o entre carro e caminh\u00e3o deixa quatro pessoas feridas na BR-116 pr\u00f3ximo a Campan\u00e1rio\",\"Crian\u00e7a morre em acidente entre carro e caminh\u00e3o na BR-116\",\"Crian\u00e7a morre em acidente entre carro e caminh\u00e3o na BR-116 pr\u00f3ximo a Campan\u00e1rio\",\"Crian\u00e7a morre em acidente entre carro e carreta na BR-116\",\"Crian\u00e7a morre em acidente entre carro e carreta na BR-116 pr\u00f3ximo a Campan\u00e1rio\",\"destaque\",\"Gabriel Pacheco Leal\",\"Itinga\",\"Ponto dos Volantes\",\"pr\u00f3ximo a Campan\u00e1rio\"],\"articleSection\":[\"Leste de Minas\"],\"inLanguage\":\"pt-BR\",\"potentialAction\":[{\"@type\":\"CommentAction\",\"name\":\"Comment\",\"target\":[\"https:\\\/\\\/aconteceunovale.com.br\\\/portal\\\/?p=124306#respond\"]}]},{\"@type\":\"WebPage\",\"@id\":\"https:\\\/\\\/aconteceunovale.com.br\\\/portal\\\/?p=124306\",\"url\":\"https:\\\/\\\/aconteceunovale.com.br\\\/portal\\\/?p=124306\",\"name\":\"Crian\u00e7a morre em acidente entre carro e carreta na BR-116, pr\u00f3ximo a Campan\u00e1rio - Aconteceu no Vale\",\"isPartOf\":{\"@id\":\"https:\\\/\\\/aconteceunovale.com.br\\\/portal\\\/#website\"},\"primaryImageOfPage\":{\"@id\":\"https:\\\/\\\/aconteceunovale.com.br\\\/portal\\\/?p=124306#primaryimage\"},\"image\":{\"@id\":\"https:\\\/\\\/aconteceunovale.com.br\\\/portal\\\/?p=124306#primaryimage\"},\"thumbnailUrl\":\"https:\\\/\\\/aconteceunovale.com.br\\\/portal\\\/wp-content\\\/uploads\\\/2017\\\/11\\\/acidente_campanario_1.jpg\",\"datePublished\":\"2017-11-25T20:47:17+00:00\",\"dateModified\":\"2017-11-25T21:25:20+00:00\",\"author\":{\"@id\":\"https:\\\/\\\/aconteceunovale.com.br\\\/portal\\\/#\\\/schema\\\/person\\\/633529146f2c94272bef50ac2953d589\"},\"breadcrumb\":{\"@id\":\"https:\\\/\\\/aconteceunovale.com.br\\\/portal\\\/?p=124306#breadcrumb\"},\"inLanguage\":\"pt-BR\",\"potentialAction\":[{\"@type\":\"ReadAction\",\"target\":[\"https:\\\/\\\/aconteceunovale.com.br\\\/portal\\\/?p=124306\"]}]},{\"@type\":\"ImageObject\",\"inLanguage\":\"pt-BR\",\"@id\":\"https:\\\/\\\/aconteceunovale.com.br\\\/portal\\\/?p=124306#primaryimage\",\"url\":\"https:\\\/\\\/aconteceunovale.com.br\\\/portal\\\/wp-content\\\/uploads\\\/2017\\\/11\\\/acidente_campanario_1.jpg\",\"contentUrl\":\"https:\\\/\\\/aconteceunovale.com.br\\\/portal\\\/wp-content\\\/uploads\\\/2017\\\/11\\\/acidente_campanario_1.jpg\",\"width\":611,\"height\":450},{\"@type\":\"BreadcrumbList\",\"@id\":\"https:\\\/\\\/aconteceunovale.com.br\\\/portal\\\/?p=124306#breadcrumb\",\"itemListElement\":[{\"@type\":\"ListItem\",\"position\":1,\"name\":\"In\u00edcio\",\"item\":\"https:\\\/\\\/aconteceunovale.com.br\\\/portal\\\/\"},{\"@type\":\"ListItem\",\"position\":2,\"name\":\"Crian\u00e7a morre em acidente entre carro e carreta na BR-116, pr\u00f3ximo a Campan\u00e1rio\"}]},{\"@type\":\"WebSite\",\"@id\":\"https:\\\/\\\/aconteceunovale.com.br\\\/portal\\\/#website\",\"url\":\"https:\\\/\\\/aconteceunovale.com.br\\\/portal\\\/\",\"name\":\"Aconteceu no Vale\",\"description\":\"Portal de Not\u00edcias\",\"potentialAction\":[{\"@type\":\"SearchAction\",\"target\":{\"@type\":\"EntryPoint\",\"urlTemplate\":\"https:\\\/\\\/aconteceunovale.com.br\\\/portal\\\/?s={search_term_string}\"},\"query-input\":{\"@type\":\"PropertyValueSpecification\",\"valueRequired\":true,\"valueName\":\"search_term_string\"}}],\"inLanguage\":\"pt-BR\"},{\"@type\":\"Person\",\"@id\":\"https:\\\/\\\/aconteceunovale.com.br\\\/portal\\\/#\\\/schema\\\/person\\\/633529146f2c94272bef50ac2953d589\",\"name\":\"Aconteceu no Vale\",\"description\":\"Equipe de reportagem do Aconteceu no Vale, portal de not\u00edcias do Vale do Jequitinhonha, em Minas Gerais. Cobrimos as 51 cidades do Vale desde 2013. Sugest\u00f5es de pauta e pedidos de corre\u00e7\u00e3o: contato@aconteceunovale.com.br\",\"sameAs\":[\"http:\\\/\\\/www.aconteceunovale.com.br\"],\"url\":\"https:\\\/\\\/aconteceunovale.com.br\\\/portal\\\/?author=1\"}]}<\/script>\n<!-- \/ Yoast SEO plugin. -->","yoast_head_json":{"title":"Crian\u00e7a morre em acidente entre carro e carreta na BR-116, pr\u00f3ximo a Campan\u00e1rio - Aconteceu no Vale","robots":{"index":"index","follow":"follow","max-snippet":"max-snippet:-1","max-image-preview":"max-image-preview:large","max-video-preview":"max-video-preview:-1"},"canonical":"https:\/\/aconteceunovale.com.br\/portal\/?p=124306","og_locale":"pt_BR","og_type":"article","og_title":"Crian\u00e7a morre em acidente entre carro e carreta na BR-116, pr\u00f3ximo a Campan\u00e1rio - Aconteceu no Vale","og_description":"Quatro pessoas ficaram feridas em um grave acidente na manh\u00e3 deste s\u00e1bado (25\/11\/2017), na BR-116, pr\u00f3ximo a Campan\u00e1rio (MG). A colis\u00e3o traseira entre um Ford Fiesta, licenciado no Estado de S\u00e3o Paulo, e uma carreta, que estava parada na pista de rolamento, no sentido Te\u00f3filo Otoni\/Governador Valadares, aconteceu por volta das 6h. Com o impacto, [&hellip;]","og_url":"https:\/\/aconteceunovale.com.br\/portal\/?p=124306","og_site_name":"Aconteceu no Vale","article_publisher":"https:\/\/www.facebook.com\/aconteceunovale\/","article_published_time":"2017-11-25T20:47:17+00:00","article_modified_time":"2017-11-25T21:25:20+00:00","og_image":[{"width":611,"height":450,"url":"https:\/\/aconteceunovale.com.br\/portal\/wp-content\/uploads\/2017\/11\/acidente_campanario_1.jpg","type":"image\/jpeg"}],"author":"Aconteceu no Vale","twitter_card":"summary_large_image","twitter_creator":"@noticiadosvales","twitter_site":"@noticiadosvales","twitter_misc":{"Escrito por":"Aconteceu no Vale","Est. tempo de leitura":"1 minuto"},"schema":{"@context":"https:\/\/schema.org","@graph":[{"@type":"Article","@id":"https:\/\/aconteceunovale.com.br\/portal\/?p=124306#article","isPartOf":{"@id":"https:\/\/aconteceunovale.com.br\/portal\/?p=124306"},"author":{"name":"Aconteceu no Vale","@id":"https:\/\/aconteceunovale.com.br\/portal\/#\/schema\/person\/633529146f2c94272bef50ac2953d589"},"headline":"Crian\u00e7a morre em acidente entre carro e carreta na BR-116, pr\u00f3ximo a Campan\u00e1rio","datePublished":"2017-11-25T20:47:17+00:00","dateModified":"2017-11-25T21:25:20+00:00","mainEntityOfPage":{"@id":"https:\/\/aconteceunovale.com.br\/portal\/?p=124306"},"wordCount":265,"commentCount":0,"image":{"@id":"https:\/\/aconteceunovale.com.br\/portal\/?p=124306#primaryimage"},"thumbnailUrl":"https:\/\/aconteceunovale.com.br\/portal\/wp-content\/uploads\/2017\/11\/acidente_campanario_1.jpg","keywords":["acidente em campan\u00e1rio","Acidente na BR 116 em Campan\u00e1rio","Campan\u00e1rio","Colis\u00e3o entre carro e caminh\u00e3o deixa quatro pessoas feridas na BR-116","Colis\u00e3o entre carro e caminh\u00e3o deixa quatro pessoas feridas na BR-116 pr\u00f3ximo a Campan\u00e1rio","Crian\u00e7a morre em acidente entre carro e caminh\u00e3o na BR-116","Crian\u00e7a morre em acidente entre carro e caminh\u00e3o na BR-116 pr\u00f3ximo a Campan\u00e1rio","Crian\u00e7a morre em acidente entre carro e carreta na BR-116","Crian\u00e7a morre em acidente entre carro e carreta na BR-116 pr\u00f3ximo a Campan\u00e1rio","destaque","Gabriel Pacheco Leal","Itinga","Ponto dos Volantes","pr\u00f3ximo a Campan\u00e1rio"],"articleSection":["Leste de Minas"],"inLanguage":"pt-BR","potentialAction":[{"@type":"CommentAction","name":"Comment","target":["https:\/\/aconteceunovale.com.br\/portal\/?p=124306#respond"]}]},{"@type":"WebPage","@id":"https:\/\/aconteceunovale.com.br\/portal\/?p=124306","url":"https:\/\/aconteceunovale.com.br\/portal\/?p=124306","name":"Crian\u00e7a morre em acidente entre carro e carreta na BR-116, pr\u00f3ximo a Campan\u00e1rio - Aconteceu no Vale","isPartOf":{"@id":"https:\/\/aconteceunovale.com.br\/portal\/#website"},"primaryImageOfPage":{"@id":"https:\/\/aconteceunovale.com.br\/portal\/?p=124306#primaryimage"},"image":{"@id":"https:\/\/aconteceunovale.com.br\/portal\/?p=124306#primaryimage"},"thumbnailUrl":"https:\/\/aconteceunovale.com.br\/portal\/wp-content\/uploads\/2017\/11\/acidente_campanario_1.jpg","datePublished":"2017-11-25T20:47:17+00:00","dateModified":"2017-11-25T21:25:20+00:00","author":{"@id":"https:\/\/aconteceunovale.com.br\/portal\/#\/schema\/person\/633529146f2c94272bef50ac2953d589"},"breadcrumb":{"@id":"https:\/\/aconteceunovale.com.br\/portal\/?p=124306#breadcrumb"},"inLanguage":"pt-BR","potentialAction":[{"@type":"ReadAction","target":["https:\/\/aconteceunovale.com.br\/portal\/?p=124306"]}]},{"@type":"ImageObject","inLanguage":"pt-BR","@id":"https:\/\/aconteceunovale.com.br\/portal\/?p=124306#primaryimage","url":"https:\/\/aconteceunovale.com.br\/portal\/wp-content\/uploads\/2017\/11\/acidente_campanario_1.jpg","contentUrl":"https:\/\/aconteceunovale.com.br\/portal\/wp-content\/uploads\/2017\/11\/acidente_campanario_1.jpg","width":611,"height":450},{"@type":"BreadcrumbList","@id":"https:\/\/aconteceunovale.com.br\/portal\/?p=124306#breadcrumb","itemListElement":[{"@type":"ListItem","position":1,"name":"In\u00edcio","item":"https:\/\/aconteceunovale.com.br\/portal\/"},{"@type":"ListItem","position":2,"name":"Crian\u00e7a morre em acidente entre carro e carreta na BR-116, pr\u00f3ximo a Campan\u00e1rio"}]},{"@type":"WebSite","@id":"https:\/\/aconteceunovale.com.br\/portal\/#website","url":"https:\/\/aconteceunovale.com.br\/portal\/","name":"Aconteceu no Vale","description":"Portal de Not\u00edcias","potentialAction":[{"@type":"SearchAction","target":{"@type":"EntryPoint","urlTemplate":"https:\/\/aconteceunovale.com.br\/portal\/?s={search_term_string}"},"query-input":{"@type":"PropertyValueSpecification","valueRequired":true,"valueName":"search_term_string"}}],"inLanguage":"pt-BR"},{"@type":"Person","@id":"https:\/\/aconteceunovale.com.br\/portal\/#\/schema\/person\/633529146f2c94272bef50ac2953d589","name":"Aconteceu no Vale","description":"Equipe de reportagem do Aconteceu no Vale, portal de not\u00edcias do Vale do Jequitinhonha, em Minas Gerais. Cobrimos as 51 cidades do Vale desde 2013. Sugest\u00f5es de pauta e pedidos de corre\u00e7\u00e3o: contato@aconteceunovale.com.br","sameAs":["http:\/\/www.aconteceunovale.com.br"],"url":"https:\/\/aconteceunovale.com.br\/portal\/?author=1"}]}},"_links":{"self":[{"href":"https:\/\/aconteceunovale.com.br\/portal\/index.php?rest_route=\/wp\/v2\/posts\/124306","targetHints":{"allow":["GET"]}}],"collection":[{"href":"https:\/\/aconteceunovale.com.br\/portal\/index.php?rest_route=\/wp\/v2\/posts"}],"about":[{"href":"https:\/\/aconteceunovale.com.br\/portal\/index.php?rest_route=\/wp\/v2\/types\/post"}],"author":[{"embeddable":true,"href":"https:\/\/aconteceunovale.com.br\/portal\/index.php?rest_route=\/wp\/v2\/users\/1"}],"replies":[{"embeddable":true,"href":"https:\/\/aconteceunovale.com.br\/portal\/index.php?rest_route=%2Fwp%2Fv2%2Fcomments&post=124306"}],"version-history":[{"count":0,"href":"https:\/\/aconteceunovale.com.br\/portal\/index.php?rest_route=\/wp\/v2\/posts\/124306\/revisions"}],"wp:featuredmedia":[{"embeddable":true,"href":"https:\/\/aconteceunovale.com.br\/portal\/index.php?rest_route=\/wp\/v2\/media\/124307"}],"wp:attachment":[{"href":"https:\/\/aconteceunovale.com.br\/portal\/index.php?rest_route=%2Fwp%2Fv2%2Fmedia&parent=124306"}],"wp:term":[{"taxonomy":"category","embeddable":true,"href":"https:\/\/aconteceunovale.com.br\/portal\/index.php?rest_route=%2Fwp%2Fv2%2Fcategories&post=124306"},{"taxonomy":"post_tag","embeddable":true,"href":"https:\/\/aconteceunovale.com.br\/portal\/index.php?rest_route=%2Fwp%2Fv2%2Ftags&post=124306"}],"curies":[{"name":"wp","href":"https:\/\/api.w.org\/{rel}","templated":true}]}}