{"id":124298,"date":"2017-11-25T11:13:05","date_gmt":"2017-11-25T13:13:05","guid":{"rendered":"http:\/\/aconteceunovale.com.br\/portal\/?p=124298"},"modified":"2026-09-02T17:02:24","modified_gmt":"2026-09-02T20:02:24","slug":"suspeitos-de-varios-assaltos-morrem-em-confronto-com-a-policia-militar-em-medina-no-vale-do-jequitinhonha","status":"publish","type":"post","link":"https:\/\/aconteceunovale.com.br\/portal\/?p=124298","title":{"rendered":"Suspeitos de v\u00e1rios assaltos morrem em confronto com a Pol\u00edcia Militar em Medina, no Vale do Jequitinhonha"},"content":{"rendered":"<p>Dois criminosos, de 17 e 20 anos, foram mortos por policiais militares ap\u00f3s cometerem v\u00e1rios crimes em Medina, na noite dessa sexta-feira (24\/11\/2017). De acordo com a pol\u00edcia, os dois indiv\u00edduos e um comparsa roubaram celulares e dinheiro de cinco pessoas. Os crimes aconteceram em bairros diferentes e segundo as v\u00edtimas, os dois bandidos estavam armados.<\/p>\n<p>Ap\u00f3s os roubos, a PM recebeu den\u00fancias de que os dois autores estavam no Bairro V\u00e1rzea Grande ostentando armas e comemorando o resultado dos crimes.<\/p>\n<p>\u201cSeis policiais se deslocaram para o local. Assim que a primeira dupla de PM deparou com os bandidos e se identificou, eles atiraram. Os policiais reviram e cada um dos criminosos foi atingido por um tiro, segundo o hospital. Dois disparos acertaram o colete bal\u00edstico de um cabo e nenhum militar ficou ferido\u201d, explicou o tenente Luciano Rodrigues da Silva, que acompanhou a ocorr\u00eancia.<\/p>\n<p>O outro homem, que participou dos crimes, conseguiu fugir ao perceber a chegada dos militares e ainda n\u00e3o foi preso.<\/p>\n<p>Segundo o tenente, os dois bandidos chegaram a ser socorridos e morreram depois de dar entrada no hospital. Eles tinham passagens por porte ilegal de arma, furto e roubo. Os militares apreenderam as duas armas e muni\u00e7\u00f5es.<\/p>\n<p>De acordo com a pol\u00edcia, um morador foi preso no local por amea\u00e7a. A PM informou que ele tentou pegar a arma dos criminosos e amea\u00e7ou vingar a morte deles. Os corpos foram encaminhados para o Instituto M\u00e9dico Legal de Almenara e o caso deve ser investigado pela Pol\u00edcia Civil.<\/p>\n<p><img decoding=\"async\" src=\"http:\/\/aconteceunovale.com.br\/portal\/wp-content\/uploads\/2017\/11\/armas_medina.jpg\" alt=\"\" \/><em>Pol\u00edcia apreendeu as armas dos criminosos e muni\u00e7\u00f5es (Foto: Pol\u00edcia Militar\/Divulga\u00e7\u00e3o)<\/em><br \/>\n<\/br><\/p>\n<p><strong>VER PRIMEIRO<\/strong><\/p>\n<p>Receba as not\u00edcias do Aconteceu no Vale em primeira m\u00e3o. Clique em curtir no endere\u00e7o <a href=\"https:\/\/www.facebook.com\/aconteceunovale\" target=\"_blank\"><font color=\"red\">www.facebook.com\/aconteceunovale<\/font><\/a> ou no box abaixo:<\/p>\n<div class=\"fb-like\" data-href=\"https:\/\/www.facebook.com\/aconteceunovale\" data-width=\"120\" data-layout=\"standard\" data-action=\"like\" data-size=\"small\" data-show-faces=\"true\" data-share=\"true\"><\/div>\n<p><\/br><\/p>\n<p><em>(Fonte: G1 Vales de Minas)<\/em><\/p>\n","protected":false},"excerpt":{"rendered":"<p>Dois criminosos, de 17 e 20 anos, foram mortos por policiais militares ap\u00f3s cometerem v\u00e1rios crimes em Medina, na noite dessa sexta-feira (24\/11\/2017). De acordo com a pol\u00edcia, os dois indiv\u00edduos e um comparsa roubaram celulares e dinheiro de cinco pessoas. Os crimes aconteceram em bairros diferentes e segundo as v\u00edtimas, os dois bandidos estavam [&hellip;]<\/p>\n","protected":false},"author":1,"featured_media":124299,"comment_status":"open","ping_status":"closed","sticky":false,"template":"","format":"standard","meta":{"amp_status":"","footnotes":""},"categories":[272560,120],"tags":[164423,74939,1018,389,164420,164424,164421,541,74940,164419,164422],"class_list":["post-124298","post","type-post","status-publish","format-standard","has-post-thumbnail","hentry","category-medina","category-jequi","tag-assaltantes-mortos-em-medina","tag-assalto-medina","tag-destaque","tag-medina","tag-mortos-pela-pm-em-medina","tag-mortos-pela-policia-em-medina","tag-mortos-pela-policia-militar-em-medina","tag-no-vale-do-jequitinhonha","tag-roubo-medina","tag-suspeitos-de-varios-assaltos-morrem-em-confronto-com-a-policia-militar-em-medina","tag-troca-de-tiros-em-medina"],"yoast_head":"<!-- This site is optimized with the Yoast SEO plugin v28.3 - https:\/\/yoast.com\/product\/yoast-seo-wordpress\/ -->\n<title>Suspeitos de v\u00e1rios assaltos morrem em confronto com a Pol\u00edcia Militar em Medina, no Vale do Jequitinhonha - Aconteceu no Vale<\/title>\n<meta name=\"robots\" content=\"index, follow, max-snippet:-1, max-image-preview:large, max-video-preview:-1\" \/>\n<link rel=\"canonical\" href=\"https:\/\/aconteceunovale.com.br\/portal\/?p=124298\" \/>\n<meta property=\"og:locale\" content=\"pt_BR\" \/>\n<meta property=\"og:type\" content=\"article\" \/>\n<meta property=\"og:title\" content=\"Suspeitos de v\u00e1rios assaltos morrem em confronto com a Pol\u00edcia Militar em Medina, no Vale do Jequitinhonha - Aconteceu no Vale\" \/>\n<meta property=\"og:description\" content=\"Dois criminosos, de 17 e 20 anos, foram mortos por policiais militares ap\u00f3s cometerem v\u00e1rios crimes em Medina, na noite dessa sexta-feira (24\/11\/2017). De acordo com a pol\u00edcia, os dois indiv\u00edduos e um comparsa roubaram celulares e dinheiro de cinco pessoas. Os crimes aconteceram em bairros diferentes e segundo as v\u00edtimas, os dois bandidos estavam [&hellip;]\" \/>\n<meta property=\"og:url\" content=\"https:\/\/aconteceunovale.com.br\/portal\/?p=124298\" \/>\n<meta property=\"og:site_name\" content=\"Aconteceu no Vale\" \/>\n<meta property=\"article:publisher\" content=\"https:\/\/www.facebook.com\/aconteceunovale\/\" \/>\n<meta property=\"article:published_time\" content=\"2017-11-25T13:13:05+00:00\" \/>\n<meta property=\"article:modified_time\" content=\"2026-09-02T20:02:24+00:00\" \/>\n<meta property=\"og:image\" content=\"https:\/\/aconteceunovale.com.br\/portal\/wp-content\/uploads\/2017\/11\/armas_medina.jpg\" \/>\n\t<meta property=\"og:image:width\" content=\"678\" \/>\n\t<meta property=\"og:image:height\" content=\"381\" \/>\n\t<meta property=\"og:image:type\" content=\"image\/jpeg\" \/>\n<meta name=\"author\" content=\"Aconteceu no Vale\" \/>\n<meta name=\"twitter:card\" content=\"summary_large_image\" \/>\n<meta name=\"twitter:creator\" content=\"@noticiadosvales\" \/>\n<meta name=\"twitter:site\" content=\"@noticiadosvales\" \/>\n<meta name=\"twitter:label1\" content=\"Escrito por\" \/>\n\t<meta name=\"twitter:data1\" content=\"Aconteceu no Vale\" \/>\n\t<meta name=\"twitter:label2\" content=\"Est. tempo de leitura\" \/>\n\t<meta name=\"twitter:data2\" content=\"2 minutos\" \/>\n<script type=\"application\/ld+json\" class=\"yoast-schema-graph\">{\"@context\":\"https:\\\/\\\/schema.org\",\"@graph\":[{\"@type\":\"Article\",\"@id\":\"https:\\\/\\\/aconteceunovale.com.br\\\/portal\\\/?p=124298#article\",\"isPartOf\":{\"@id\":\"https:\\\/\\\/aconteceunovale.com.br\\\/portal\\\/?p=124298\"},\"author\":{\"name\":\"Aconteceu no Vale\",\"@id\":\"https:\\\/\\\/aconteceunovale.com.br\\\/portal\\\/#\\\/schema\\\/person\\\/633529146f2c94272bef50ac2953d589\"},\"headline\":\"Suspeitos de v\u00e1rios assaltos morrem em confronto com a Pol\u00edcia Militar em Medina, no Vale do Jequitinhonha\",\"datePublished\":\"2017-11-25T13:13:05+00:00\",\"dateModified\":\"2026-09-02T20:02:24+00:00\",\"mainEntityOfPage\":{\"@id\":\"https:\\\/\\\/aconteceunovale.com.br\\\/portal\\\/?p=124298\"},\"wordCount\":334,\"commentCount\":1,\"image\":{\"@id\":\"https:\\\/\\\/aconteceunovale.com.br\\\/portal\\\/?p=124298#primaryimage\"},\"thumbnailUrl\":\"https:\\\/\\\/aconteceunovale.com.br\\\/portal\\\/wp-content\\\/uploads\\\/2017\\\/11\\\/armas_medina.jpg\",\"keywords\":[\"Assaltantes mortos em Medina\",\"assalto medina\",\"destaque\",\"Medina\",\"Mortos pela PM em Medina\",\"Mortos pela pol\u00edcia em Medina\",\"Mortos pela Pol\u00edcia Militar em Medina\",\"no Vale do Jequitinhonha\",\"roubo Medina\",\"Suspeitos de v\u00e1rios assaltos morrem em confronto com a Pol\u00edcia Militar em Medina\",\"Troca de tiros em Medina\"],\"articleSection\":[\"Medina\",\"Vale do Jequitinhonha\"],\"inLanguage\":\"pt-BR\",\"potentialAction\":[{\"@type\":\"CommentAction\",\"name\":\"Comment\",\"target\":[\"https:\\\/\\\/aconteceunovale.com.br\\\/portal\\\/?p=124298#respond\"]}]},{\"@type\":\"WebPage\",\"@id\":\"https:\\\/\\\/aconteceunovale.com.br\\\/portal\\\/?p=124298\",\"url\":\"https:\\\/\\\/aconteceunovale.com.br\\\/portal\\\/?p=124298\",\"name\":\"Suspeitos de v\u00e1rios assaltos morrem em confronto com a Pol\u00edcia Militar em Medina, no Vale do Jequitinhonha - Aconteceu no Vale\",\"isPartOf\":{\"@id\":\"https:\\\/\\\/aconteceunovale.com.br\\\/portal\\\/#website\"},\"primaryImageOfPage\":{\"@id\":\"https:\\\/\\\/aconteceunovale.com.br\\\/portal\\\/?p=124298#primaryimage\"},\"image\":{\"@id\":\"https:\\\/\\\/aconteceunovale.com.br\\\/portal\\\/?p=124298#primaryimage\"},\"thumbnailUrl\":\"https:\\\/\\\/aconteceunovale.com.br\\\/portal\\\/wp-content\\\/uploads\\\/2017\\\/11\\\/armas_medina.jpg\",\"datePublished\":\"2017-11-25T13:13:05+00:00\",\"dateModified\":\"2026-09-02T20:02:24+00:00\",\"author\":{\"@id\":\"https:\\\/\\\/aconteceunovale.com.br\\\/portal\\\/#\\\/schema\\\/person\\\/633529146f2c94272bef50ac2953d589\"},\"breadcrumb\":{\"@id\":\"https:\\\/\\\/aconteceunovale.com.br\\\/portal\\\/?p=124298#breadcrumb\"},\"inLanguage\":\"pt-BR\",\"potentialAction\":[{\"@type\":\"ReadAction\",\"target\":[\"https:\\\/\\\/aconteceunovale.com.br\\\/portal\\\/?p=124298\"]}]},{\"@type\":\"ImageObject\",\"inLanguage\":\"pt-BR\",\"@id\":\"https:\\\/\\\/aconteceunovale.com.br\\\/portal\\\/?p=124298#primaryimage\",\"url\":\"https:\\\/\\\/aconteceunovale.com.br\\\/portal\\\/wp-content\\\/uploads\\\/2017\\\/11\\\/armas_medina.jpg\",\"contentUrl\":\"https:\\\/\\\/aconteceunovale.com.br\\\/portal\\\/wp-content\\\/uploads\\\/2017\\\/11\\\/armas_medina.jpg\",\"width\":678,\"height\":381},{\"@type\":\"BreadcrumbList\",\"@id\":\"https:\\\/\\\/aconteceunovale.com.br\\\/portal\\\/?p=124298#breadcrumb\",\"itemListElement\":[{\"@type\":\"ListItem\",\"position\":1,\"name\":\"In\u00edcio\",\"item\":\"https:\\\/\\\/aconteceunovale.com.br\\\/portal\\\/\"},{\"@type\":\"ListItem\",\"position\":2,\"name\":\"Suspeitos de v\u00e1rios assaltos morrem em confronto com a Pol\u00edcia Militar em Medina, no Vale do Jequitinhonha\"}]},{\"@type\":\"WebSite\",\"@id\":\"https:\\\/\\\/aconteceunovale.com.br\\\/portal\\\/#website\",\"url\":\"https:\\\/\\\/aconteceunovale.com.br\\\/portal\\\/\",\"name\":\"Aconteceu no Vale\",\"description\":\"Portal de Not\u00edcias\",\"potentialAction\":[{\"@type\":\"SearchAction\",\"target\":{\"@type\":\"EntryPoint\",\"urlTemplate\":\"https:\\\/\\\/aconteceunovale.com.br\\\/portal\\\/?s={search_term_string}\"},\"query-input\":{\"@type\":\"PropertyValueSpecification\",\"valueRequired\":true,\"valueName\":\"search_term_string\"}}],\"inLanguage\":\"pt-BR\"},{\"@type\":\"Person\",\"@id\":\"https:\\\/\\\/aconteceunovale.com.br\\\/portal\\\/#\\\/schema\\\/person\\\/633529146f2c94272bef50ac2953d589\",\"name\":\"Aconteceu no Vale\",\"description\":\"Equipe de reportagem do Aconteceu no Vale, portal de not\u00edcias do Vale do Jequitinhonha, em Minas Gerais. Cobrimos as 51 cidades do Vale desde 2013. Sugest\u00f5es de pauta e pedidos de corre\u00e7\u00e3o: contato@aconteceunovale.com.br\",\"sameAs\":[\"http:\\\/\\\/www.aconteceunovale.com.br\"],\"url\":\"https:\\\/\\\/aconteceunovale.com.br\\\/portal\\\/?author=1\"}]}<\/script>\n<!-- \/ Yoast SEO plugin. -->","yoast_head_json":{"title":"Suspeitos de v\u00e1rios assaltos morrem em confronto com a Pol\u00edcia Militar em Medina, no Vale do Jequitinhonha - Aconteceu no Vale","robots":{"index":"index","follow":"follow","max-snippet":"max-snippet:-1","max-image-preview":"max-image-preview:large","max-video-preview":"max-video-preview:-1"},"canonical":"https:\/\/aconteceunovale.com.br\/portal\/?p=124298","og_locale":"pt_BR","og_type":"article","og_title":"Suspeitos de v\u00e1rios assaltos morrem em confronto com a Pol\u00edcia Militar em Medina, no Vale do Jequitinhonha - Aconteceu no Vale","og_description":"Dois criminosos, de 17 e 20 anos, foram mortos por policiais militares ap\u00f3s cometerem v\u00e1rios crimes em Medina, na noite dessa sexta-feira (24\/11\/2017). De acordo com a pol\u00edcia, os dois indiv\u00edduos e um comparsa roubaram celulares e dinheiro de cinco pessoas. Os crimes aconteceram em bairros diferentes e segundo as v\u00edtimas, os dois bandidos estavam [&hellip;]","og_url":"https:\/\/aconteceunovale.com.br\/portal\/?p=124298","og_site_name":"Aconteceu no Vale","article_publisher":"https:\/\/www.facebook.com\/aconteceunovale\/","article_published_time":"2017-11-25T13:13:05+00:00","article_modified_time":"2026-09-02T20:02:24+00:00","og_image":[{"width":678,"height":381,"url":"https:\/\/aconteceunovale.com.br\/portal\/wp-content\/uploads\/2017\/11\/armas_medina.jpg","type":"image\/jpeg"}],"author":"Aconteceu no Vale","twitter_card":"summary_large_image","twitter_creator":"@noticiadosvales","twitter_site":"@noticiadosvales","twitter_misc":{"Escrito por":"Aconteceu no Vale","Est. tempo de leitura":"2 minutos"},"schema":{"@context":"https:\/\/schema.org","@graph":[{"@type":"Article","@id":"https:\/\/aconteceunovale.com.br\/portal\/?p=124298#article","isPartOf":{"@id":"https:\/\/aconteceunovale.com.br\/portal\/?p=124298"},"author":{"name":"Aconteceu no Vale","@id":"https:\/\/aconteceunovale.com.br\/portal\/#\/schema\/person\/633529146f2c94272bef50ac2953d589"},"headline":"Suspeitos de v\u00e1rios assaltos morrem em confronto com a Pol\u00edcia Militar em Medina, no Vale do Jequitinhonha","datePublished":"2017-11-25T13:13:05+00:00","dateModified":"2026-09-02T20:02:24+00:00","mainEntityOfPage":{"@id":"https:\/\/aconteceunovale.com.br\/portal\/?p=124298"},"wordCount":334,"commentCount":1,"image":{"@id":"https:\/\/aconteceunovale.com.br\/portal\/?p=124298#primaryimage"},"thumbnailUrl":"https:\/\/aconteceunovale.com.br\/portal\/wp-content\/uploads\/2017\/11\/armas_medina.jpg","keywords":["Assaltantes mortos em Medina","assalto medina","destaque","Medina","Mortos pela PM em Medina","Mortos pela pol\u00edcia em Medina","Mortos pela Pol\u00edcia Militar em Medina","no Vale do Jequitinhonha","roubo Medina","Suspeitos de v\u00e1rios assaltos morrem em confronto com a Pol\u00edcia Militar em Medina","Troca de tiros em Medina"],"articleSection":["Medina","Vale do Jequitinhonha"],"inLanguage":"pt-BR","potentialAction":[{"@type":"CommentAction","name":"Comment","target":["https:\/\/aconteceunovale.com.br\/portal\/?p=124298#respond"]}]},{"@type":"WebPage","@id":"https:\/\/aconteceunovale.com.br\/portal\/?p=124298","url":"https:\/\/aconteceunovale.com.br\/portal\/?p=124298","name":"Suspeitos de v\u00e1rios assaltos morrem em confronto com a Pol\u00edcia Militar em Medina, no Vale do Jequitinhonha - Aconteceu no Vale","isPartOf":{"@id":"https:\/\/aconteceunovale.com.br\/portal\/#website"},"primaryImageOfPage":{"@id":"https:\/\/aconteceunovale.com.br\/portal\/?p=124298#primaryimage"},"image":{"@id":"https:\/\/aconteceunovale.com.br\/portal\/?p=124298#primaryimage"},"thumbnailUrl":"https:\/\/aconteceunovale.com.br\/portal\/wp-content\/uploads\/2017\/11\/armas_medina.jpg","datePublished":"2017-11-25T13:13:05+00:00","dateModified":"2026-09-02T20:02:24+00:00","author":{"@id":"https:\/\/aconteceunovale.com.br\/portal\/#\/schema\/person\/633529146f2c94272bef50ac2953d589"},"breadcrumb":{"@id":"https:\/\/aconteceunovale.com.br\/portal\/?p=124298#breadcrumb"},"inLanguage":"pt-BR","potentialAction":[{"@type":"ReadAction","target":["https:\/\/aconteceunovale.com.br\/portal\/?p=124298"]}]},{"@type":"ImageObject","inLanguage":"pt-BR","@id":"https:\/\/aconteceunovale.com.br\/portal\/?p=124298#primaryimage","url":"https:\/\/aconteceunovale.com.br\/portal\/wp-content\/uploads\/2017\/11\/armas_medina.jpg","contentUrl":"https:\/\/aconteceunovale.com.br\/portal\/wp-content\/uploads\/2017\/11\/armas_medina.jpg","width":678,"height":381},{"@type":"BreadcrumbList","@id":"https:\/\/aconteceunovale.com.br\/portal\/?p=124298#breadcrumb","itemListElement":[{"@type":"ListItem","position":1,"name":"In\u00edcio","item":"https:\/\/aconteceunovale.com.br\/portal\/"},{"@type":"ListItem","position":2,"name":"Suspeitos de v\u00e1rios assaltos morrem em confronto com a Pol\u00edcia Militar em Medina, no Vale do Jequitinhonha"}]},{"@type":"WebSite","@id":"https:\/\/aconteceunovale.com.br\/portal\/#website","url":"https:\/\/aconteceunovale.com.br\/portal\/","name":"Aconteceu no Vale","description":"Portal de Not\u00edcias","potentialAction":[{"@type":"SearchAction","target":{"@type":"EntryPoint","urlTemplate":"https:\/\/aconteceunovale.com.br\/portal\/?s={search_term_string}"},"query-input":{"@type":"PropertyValueSpecification","valueRequired":true,"valueName":"search_term_string"}}],"inLanguage":"pt-BR"},{"@type":"Person","@id":"https:\/\/aconteceunovale.com.br\/portal\/#\/schema\/person\/633529146f2c94272bef50ac2953d589","name":"Aconteceu no Vale","description":"Equipe de reportagem do Aconteceu no Vale, portal de not\u00edcias do Vale do Jequitinhonha, em Minas Gerais. Cobrimos as 51 cidades do Vale desde 2013. Sugest\u00f5es de pauta e pedidos de corre\u00e7\u00e3o: contato@aconteceunovale.com.br","sameAs":["http:\/\/www.aconteceunovale.com.br"],"url":"https:\/\/aconteceunovale.com.br\/portal\/?author=1"}]}},"_links":{"self":[{"href":"https:\/\/aconteceunovale.com.br\/portal\/index.php?rest_route=\/wp\/v2\/posts\/124298","targetHints":{"allow":["GET"]}}],"collection":[{"href":"https:\/\/aconteceunovale.com.br\/portal\/index.php?rest_route=\/wp\/v2\/posts"}],"about":[{"href":"https:\/\/aconteceunovale.com.br\/portal\/index.php?rest_route=\/wp\/v2\/types\/post"}],"author":[{"embeddable":true,"href":"https:\/\/aconteceunovale.com.br\/portal\/index.php?rest_route=\/wp\/v2\/users\/1"}],"replies":[{"embeddable":true,"href":"https:\/\/aconteceunovale.com.br\/portal\/index.php?rest_route=%2Fwp%2Fv2%2Fcomments&post=124298"}],"version-history":[{"count":1,"href":"https:\/\/aconteceunovale.com.br\/portal\/index.php?rest_route=\/wp\/v2\/posts\/124298\/revisions"}],"predecessor-version":[{"id":202089,"href":"https:\/\/aconteceunovale.com.br\/portal\/index.php?rest_route=\/wp\/v2\/posts\/124298\/revisions\/202089"}],"wp:featuredmedia":[{"embeddable":true,"href":"https:\/\/aconteceunovale.com.br\/portal\/index.php?rest_route=\/wp\/v2\/media\/124299"}],"wp:attachment":[{"href":"https:\/\/aconteceunovale.com.br\/portal\/index.php?rest_route=%2Fwp%2Fv2%2Fmedia&parent=124298"}],"wp:term":[{"taxonomy":"category","embeddable":true,"href":"https:\/\/aconteceunovale.com.br\/portal\/index.php?rest_route=%2Fwp%2Fv2%2Fcategories&post=124298"},{"taxonomy":"post_tag","embeddable":true,"href":"https:\/\/aconteceunovale.com.br\/portal\/index.php?rest_route=%2Fwp%2Fv2%2Ftags&post=124298"}],"curies":[{"name":"wp","href":"https:\/\/api.w.org\/{rel}","templated":true}]}}