{"id":124293,"date":"2017-11-25T10:43:06","date_gmt":"2017-11-25T12:43:06","guid":{"rendered":"http:\/\/aconteceunovale.com.br\/portal\/?p=124293"},"modified":"2017-11-25T10:43:06","modified_gmt":"2017-11-25T12:43:06","slug":"finalistas-do-concurso-de-qualidade-dos-cafes-de-minas-gerais-sao-escolhidos-em-competicao-recorde","status":"publish","type":"post","link":"https:\/\/aconteceunovale.com.br\/portal\/?p=124293","title":{"rendered":"Finalistas do Concurso de Qualidade dos Caf\u00e9s de Minas Gerais s\u00e3o escolhidos em competi\u00e7\u00e3o recorde"},"content":{"rendered":"<p>O Concurso de Qualidade dos Caf\u00e9s de Minas Gerais, edi\u00e7\u00e3o 2017, j\u00e1 tem os seus finalistas. A rela\u00e7\u00e3o foi divulgada nessa ter\u00e7a-feira (22\/11) pela\u00a0Empresa de Assist\u00eancia T\u00e9cnica e Extens\u00e3o Rural (Emater-MG)\u00a0e a premia\u00e7\u00e3o dos vencedores ser\u00e1 realizada no pr\u00f3ximo dia 4 de dezembro, na Cidade Administrativa, em Belo Horizonte.<\/p>\n<p>Este ano, o concurso que \u00e9 o maior evento do pa\u00eds, teve inscri\u00e7\u00e3o recorde: 2.060 amostras. Desse total foram escolhidos 33 finalistas, nas categorias Caf\u00e9 Natural e Caf\u00e9 Cereja Descascado, Despolpado ou Desmucilado, que atingiram o m\u00ednimo de 84 pontos, de acordo com as normas da Associa\u00e7\u00e3o Americana de Caf\u00e9s Especiais (SCAA).<\/p>\n<p>Segundo o gerente regional da Emater-MG em Guaxup\u00e9, Willem de Ara\u00fajo, o concurso tornou-se uma refer\u00eancia para o mercado comprador de caf\u00e9s especiais. &#8221; Os produtores passaram a entender que o investimento em qualidade agrega valor ao caf\u00e9&#8221;, avalia.<\/p>\n<p>O concurso \u00e9 promovido pelo Governo de Minas Gerais, por meio da Emater-MG e da\u00a0Secretaria de Estado de Agricultura, Pecu\u00e1ria e Abastecimento (Seapa), em parceria com a Universidade Federal de Lavras (Ufla), Instituto Federal de Educa\u00e7\u00e3o, Ci\u00eancia e Tecnologia do Sul de Minas e a Funda\u00e7\u00e3o de Apoio ao Ensino, Pesquisa e Extens\u00e3o (Faepe).<\/p>\n<p>Os caf\u00e9s vencedores em cada categoria ser\u00e3o vendidos por mil d\u00f3lares a saca de 60 Kg. Cada lote conta com cinco sacas. A compra est\u00e1 garantida pela Atlantica Coffee, patrocinadora do concurso que tamb\u00e9m premiar\u00e1 os cafeicultores que conquistarem a maior nota em cada regi\u00e3o produtora com uma viagem t\u00e9cnica guiada a um tradicional pa\u00eds produtor de caf\u00e9, onde visitar\u00e3o propriedades locais.<\/p>\n<p>Os tr\u00eas primeiros colocados em cada categoria das regi\u00f5es produtoras v\u00e3o receber pr\u00eamios em dinheiro e todos os finalistas receber\u00e3o um certificado. Minas Gerais conta com quatro regi\u00f5es produtores de caf\u00e9, todas representadas no concurso: Sul de Minas, Chapadas de Minas, Cerrado Mineiro e Matas de Minas.<\/p>\n<p><strong>Finalistas do 14\u00ba Concurso de Qualidade dos Caf\u00e9s de Minas Gerais 2017 (Rela\u00e7\u00e3o Alfab\u00e9tica)<\/strong><\/p>\n<p><strong>Categoria Natural<\/strong><\/p>\n<p><strong>Cerrado Mineiro<\/strong><\/p>\n<p>C\u00e9lia Fukuda &#8211; Patos de Minas<\/p>\n<p>D\u00e9cio Bruxel &#8211; Patos de Minas<\/p>\n<p>Edson Hiroaki Tamekuni &#8211; Campos Altos<\/p>\n<p>Joao Batista Montanari &#8211; Patroc\u00ednio<\/p>\n<p>Wagner Crivelenti Ferrero &#8211; Patos de Minas<\/p>\n<p><strong>Chapada de Minas<\/strong><\/p>\n<p>Dailton Ant\u00f4nio Ribeiro &#8211; Diamantina<\/p>\n<p>Ecoagricola Caf\u00e9 Ltda &#8211; Francisco Dumont<\/p>\n<p>Primavera Agroneg\u00f3cios Ltda &#8211; Angel\u00e2ndia<\/p>\n<p><strong>Matas de Minas<\/strong><\/p>\n<p>Edmar Lopes &#8211; Araponga<\/p>\n<p>Josias Gomes &#8211; Espera Feliz<\/p>\n<p>Le\u00f4nio Carlos Filho &#8211; Araponga<\/p>\n<p>Onofre Alves de Lacerda &#8211; Espera Feliz<\/p>\n<p>Paulo Henrique Miranda &#8211; Araponga<\/p>\n<p><strong>Sul de Minas<\/strong><\/p>\n<p>Ant\u00f4nio Rogerio de Paula &#8211; Oliveira<\/p>\n<p>C\u00e1ssio Gon\u00e7alves Correa &#8211; Cassia<\/p>\n<p>Flavio Roberto Carvalho Ferraz &#8211; Dom Vi\u00e7oso<\/p>\n<p>Juliano Silveira Carvalho &#8211; Pimenta<\/p>\n<p>Samanta Maria Faleiros Correa &#8211; Cassia<\/p>\n<p><strong>Categoria Cereja Descascado\/Desmucilado ou Despolpado<\/strong><\/p>\n<p><strong>Cerrado Mineiro<\/strong><\/p>\n<p>D\u00e9cio Bruxel &#8211; Patos de Minas<\/p>\n<p>DIMAP S\/A Prod. Sider\u00fargicos &#8211; Pratinha<\/p>\n<p>Francisco Pinheiro Campos &#8211; Patos de Minas<\/p>\n<p>Jorge Fernando Naimeg &#8211; Patos de Minas<\/p>\n<p><strong>Chapada de Minas<\/strong><\/p>\n<p>Ecoagricola Caf\u00e9 Ltda. Francisco Dumont<\/p>\n<p><strong>Matas de Minas<\/strong><\/p>\n<p>Afonso Donizete Abreu de Lacerda &#8211; Espera Feliz<\/p>\n<p>Jos\u00e9 Alexandre Abreu de Lacerda- Espera Feliz<\/p>\n<p>Paulo Henrique Miranda &#8211; Araponga<\/p>\n<p>Sandra Leles da Silva &#8211; Araponga<\/p>\n<p>Sebastiana de Oliveira Faria- Espera Feliz<\/p>\n<p><strong>Sul de Minas<\/strong><\/p>\n<p>Efraim Botrel Alves &#8211; Ilic\u00ednea<\/p>\n<p>Fazenda Sert\u00e3ozinho- Botelhos<\/p>\n<p>Gl\u00e1ucio Carneiro Pinto &#8211; Carmo de Minas<\/p>\n<p>Jo\u00e3o Onofre da Silva &#8211; S\u00e3o Pedro da Uni\u00e3o<\/p>\n<p>Leticia Maria Ribeiro de Carvalho &#8211; Dom Vi\u00e7oso<\/p>\n<p><strong>VER PRIMEIRO<\/strong><\/p>\n<p>Receba as not\u00edcias do Aconteceu no Vale em primeira m\u00e3o. Clique em curtir no endere\u00e7o <a href=\"https:\/\/www.facebook.com\/aconteceunovale\" target=\"_blank\"><font color=\"red\">www.facebook.com\/aconteceunovale<\/font><\/a> ou no box abaixo:<\/p>\n<div class=\"fb-like\" data-href=\"https:\/\/www.facebook.com\/aconteceunovale\" data-width=\"120\" data-layout=\"standard\" data-action=\"like\" data-size=\"small\" data-show-faces=\"true\" data-share=\"true\"><\/div>\n<p><\/br><\/p>\n<p><em>(Fonte: Ag\u00eancia Minas)<\/em><\/p>\n","protected":false},"excerpt":{"rendered":"<p>O Concurso de Qualidade dos Caf\u00e9s de Minas Gerais, edi\u00e7\u00e3o 2017, j\u00e1 tem os seus finalistas. A rela\u00e7\u00e3o foi divulgada nessa ter\u00e7a-feira (22\/11) pela\u00a0Empresa de Assist\u00eancia T\u00e9cnica e Extens\u00e3o Rural (Emater-MG)\u00a0e a premia\u00e7\u00e3o dos vencedores ser\u00e1 realizada no pr\u00f3ximo dia 4 de dezembro, na Cidade Administrativa, em Belo Horizonte. Este ano, o concurso que \u00e9 [&hellip;]<\/p>\n","protected":false},"author":1,"featured_media":124294,"comment_status":"open","ping_status":"closed","sticky":false,"template":"","format":"standard","meta":{"amp_status":"","footnotes":""},"categories":[125,123],"tags":[164410,657,164401,1558,102543,164387,1506,12266,3688,164402,164406,164390,133562,164394,111579,131282,24749,198,164407,68315,164395,164397,164391,164413,25775,164389,1782,164414,164386,164403,1692,164408,164415,1627,164392,164416,164409,54342,164398,164404,164399,164417,164396,10060,54341,214,1489,164400,1650,19967,24750,164388,164405,164411,52369,164412,36989,164393],"class_list":["post-124293","post","type-post","status-publish","format-standard","has-post-thumbnail","hentry","category-noticias","category-gerais","tag-afonso-donizete-abreu-de-lacerda","tag-angelandia","tag-antonio-rogerio-de-paula","tag-araponga","tag-botelhos","tag-cafes-de-minas-gerais","tag-campos-altos","tag-carmo-de-minas","tag-cassia","tag-cassio-goncalves-correa","tag-categoria-cereja-descascadodesmucilado-ou-despolpado","tag-celia-fukuda","tag-cerrado-mineiro","tag-chapada-de-minas","tag-concurso-de-qualidade-dos-cafes-de-minas-gerais","tag-dailton-antonio-ribeiro","tag-decio-bruxel","tag-diamantina","tag-dimap-sa-prod-siderurgicos","tag-dom-vicoso","tag-ecoagricola-cafe-ltda","tag-edmar-lopes","tag-edson-hiroaki-tamekuni","tag-efraim-botrel-alves","tag-emater-mg","tag-empresa-de-assistencia-tecnica-e-extensao-rural","tag-espera-feliz","tag-fazenda-sertaozinho","tag-finalistas-do-concurso-de-qualidade-dos-cafes-de-minas-gerais-sao-escolhidos-em-competicao-recorde","tag-flavio-roberto-carvalho-ferraz","tag-francisco-dumont","tag-francisco-pinheiro-campos","tag-glaucio-carneiro-pinto","tag-ilicinea","tag-joao-batista-montanari","tag-joao-onofre-da-silva","tag-jorge-fernando-naimeg","tag-jose-alexandre-abreu-de-lacerda","tag-josias-gomes","tag-juliano-silveira-carvalho","tag-leonio-carlos-filho","tag-leticia-maria-ribeiro-de-carvalho","tag-matas-de-minas","tag-oliveira","tag-onofre-alves-de-lacerda","tag-patos-de-minas","tag-patrocinio","tag-paulo-henrique-miranda","tag-pimenta","tag-pratinha","tag-primavera-agronegocios-ltda","tag-qualidade-dos-cafes-de-minas-gerais","tag-samanta-maria-faleiros-correa","tag-sandra-leles-da-silva","tag-sao-pedro-da-uniao","tag-sebastiana-de-oliveira-faria","tag-sul-de-minas","tag-wagner-crivelenti-ferrero"],"yoast_head":"<!-- This site is optimized with the Yoast SEO plugin v28.3 - https:\/\/yoast.com\/product\/yoast-seo-wordpress\/ -->\n<title>Finalistas do Concurso de Qualidade dos Caf\u00e9s de Minas Gerais s\u00e3o escolhidos em competi\u00e7\u00e3o recorde - Aconteceu no Vale<\/title>\n<meta name=\"robots\" content=\"index, follow, max-snippet:-1, max-image-preview:large, max-video-preview:-1\" \/>\n<link rel=\"canonical\" href=\"https:\/\/aconteceunovale.com.br\/portal\/?p=124293\" \/>\n<meta property=\"og:locale\" content=\"pt_BR\" \/>\n<meta property=\"og:type\" content=\"article\" \/>\n<meta property=\"og:title\" content=\"Finalistas do Concurso de Qualidade dos Caf\u00e9s de Minas Gerais s\u00e3o escolhidos em competi\u00e7\u00e3o recorde - Aconteceu no Vale\" \/>\n<meta property=\"og:description\" content=\"O Concurso de Qualidade dos Caf\u00e9s de Minas Gerais, edi\u00e7\u00e3o 2017, j\u00e1 tem os seus finalistas. A rela\u00e7\u00e3o foi divulgada nessa ter\u00e7a-feira (22\/11) pela\u00a0Empresa de Assist\u00eancia T\u00e9cnica e Extens\u00e3o Rural (Emater-MG)\u00a0e a premia\u00e7\u00e3o dos vencedores ser\u00e1 realizada no pr\u00f3ximo dia 4 de dezembro, na Cidade Administrativa, em Belo Horizonte. Este ano, o concurso que \u00e9 [&hellip;]\" \/>\n<meta property=\"og:url\" content=\"https:\/\/aconteceunovale.com.br\/portal\/?p=124293\" \/>\n<meta property=\"og:site_name\" content=\"Aconteceu no Vale\" \/>\n<meta property=\"article:publisher\" content=\"https:\/\/www.facebook.com\/aconteceunovale\/\" \/>\n<meta property=\"article:published_time\" content=\"2017-11-25T12:43:06+00:00\" \/>\n<meta property=\"og:image\" content=\"https:\/\/aconteceunovale.com.br\/portal\/wp-content\/uploads\/2017\/11\/cafe_mg.jpg\" \/>\n\t<meta property=\"og:image:width\" content=\"678\" \/>\n\t<meta property=\"og:image:height\" content=\"450\" \/>\n\t<meta property=\"og:image:type\" content=\"image\/jpeg\" \/>\n<meta name=\"author\" content=\"Aconteceu no Vale\" \/>\n<meta name=\"twitter:card\" content=\"summary_large_image\" \/>\n<meta name=\"twitter:creator\" content=\"@noticiadosvales\" \/>\n<meta name=\"twitter:site\" content=\"@noticiadosvales\" \/>\n<meta name=\"twitter:label1\" content=\"Escrito por\" \/>\n\t<meta name=\"twitter:data1\" content=\"Aconteceu no Vale\" \/>\n\t<meta name=\"twitter:label2\" content=\"Est. tempo de leitura\" \/>\n\t<meta name=\"twitter:data2\" content=\"3 minutos\" \/>\n<script type=\"application\/ld+json\" class=\"yoast-schema-graph\">{\"@context\":\"https:\\\/\\\/schema.org\",\"@graph\":[{\"@type\":\"Article\",\"@id\":\"https:\\\/\\\/aconteceunovale.com.br\\\/portal\\\/?p=124293#article\",\"isPartOf\":{\"@id\":\"https:\\\/\\\/aconteceunovale.com.br\\\/portal\\\/?p=124293\"},\"author\":{\"name\":\"Aconteceu no Vale\",\"@id\":\"https:\\\/\\\/aconteceunovale.com.br\\\/portal\\\/#\\\/schema\\\/person\\\/633529146f2c94272bef50ac2953d589\"},\"headline\":\"Finalistas do Concurso de Qualidade dos Caf\u00e9s de Minas Gerais s\u00e3o escolhidos em competi\u00e7\u00e3o recorde\",\"datePublished\":\"2017-11-25T12:43:06+00:00\",\"mainEntityOfPage\":{\"@id\":\"https:\\\/\\\/aconteceunovale.com.br\\\/portal\\\/?p=124293\"},\"wordCount\":644,\"commentCount\":0,\"image\":{\"@id\":\"https:\\\/\\\/aconteceunovale.com.br\\\/portal\\\/?p=124293#primaryimage\"},\"thumbnailUrl\":\"https:\\\/\\\/aconteceunovale.com.br\\\/portal\\\/wp-content\\\/uploads\\\/2017\\\/11\\\/cafe_mg.jpg\",\"keywords\":[\"Afonso Donizete Abreu de Lacerda\",\"Angel\u00e2ndia\",\"Ant\u00f4nio Rogerio de Paula\",\"Araponga\",\"Botelhos\",\"Caf\u00e9s de Minas Gerais\",\"Campos Altos\",\"Carmo de Minas\",\"C\u00e1ssia\",\"C\u00e1ssio Gon\u00e7alves Correa\",\"Categoria Cereja Descascado\\\/Desmucilado ou Despolpado\",\"C\u00e9lia Fukuda\",\"Cerrado Mineiro\",\"Chapada de Minas\",\"Concurso de Qualidade dos Caf\u00e9s de Minas Gerais\",\"Dailton Antonio Ribeiro\",\"D\u00e9cio Bruxel\",\"Diamantina\",\"DIMAP S\\\/A Prod. Sider\u00fargicos\",\"Dom Vi\u00e7oso\",\"Ecoagricola Caf\u00e9 Ltda\",\"Edmar Lopes\",\"Edson Hiroaki Tamekuni\",\"Efraim Botrel Alves\",\"Emater-MG\",\"Empresa de Assist\u00eancia T\u00e9cnica e Extens\u00e3o Rural\",\"Espera Feliz\",\"Fazenda Sert\u00e3ozinho\",\"Finalistas do Concurso de Qualidade dos Caf\u00e9s de Minas Gerais s\u00e3o escolhidos em competi\u00e7\u00e3o recorde\",\"Flavio Roberto Carvalho Ferraz\",\"Francisco Dumont\",\"Francisco Pinheiro Campos\",\"Gl\u00e1ucio Carneiro Pinto\",\"Ilic\u00ednea\",\"Joao Batista Montanari\",\"Jo\u00e3o Onofre da Silva\",\"Jorge Fernando Naimeg\",\"Jos\u00e9 Alexandre Abreu de Lacerda\",\"Josias Gomes\",\"Juliano Silveira Carvalho\",\"Le\u00f4nio Carlos Filho\",\"Leticia Maria Ribeiro de Carvalho\",\"Matas de Minas\",\"Oliveira\",\"Onofre Alves de Lacerda\",\"Patos de Minas\",\"Patroc\u00ednio\",\"Paulo Henrique Miranda\",\"Pimenta\",\"Pratinha\",\"Primavera Agroneg\u00f3cios LTDA\",\"Qualidade dos Caf\u00e9s de Minas Gerais\",\"Samanta Maria Faleiros Correa\",\"Sandra Leles da Silva\",\"S\u00e3o Pedro da Uni\u00e3o\",\"Sebastiana de Oliveira Faria\",\"Sul de Minas\",\"Wagner Crivelenti Ferrero\"],\"articleSection\":[\"Eventos\",\"Minas Gerais\"],\"inLanguage\":\"pt-BR\",\"potentialAction\":[{\"@type\":\"CommentAction\",\"name\":\"Comment\",\"target\":[\"https:\\\/\\\/aconteceunovale.com.br\\\/portal\\\/?p=124293#respond\"]}]},{\"@type\":\"WebPage\",\"@id\":\"https:\\\/\\\/aconteceunovale.com.br\\\/portal\\\/?p=124293\",\"url\":\"https:\\\/\\\/aconteceunovale.com.br\\\/portal\\\/?p=124293\",\"name\":\"Finalistas do Concurso de Qualidade dos Caf\u00e9s de Minas Gerais s\u00e3o escolhidos em competi\u00e7\u00e3o recorde - Aconteceu no Vale\",\"isPartOf\":{\"@id\":\"https:\\\/\\\/aconteceunovale.com.br\\\/portal\\\/#website\"},\"primaryImageOfPage\":{\"@id\":\"https:\\\/\\\/aconteceunovale.com.br\\\/portal\\\/?p=124293#primaryimage\"},\"image\":{\"@id\":\"https:\\\/\\\/aconteceunovale.com.br\\\/portal\\\/?p=124293#primaryimage\"},\"thumbnailUrl\":\"https:\\\/\\\/aconteceunovale.com.br\\\/portal\\\/wp-content\\\/uploads\\\/2017\\\/11\\\/cafe_mg.jpg\",\"datePublished\":\"2017-11-25T12:43:06+00:00\",\"author\":{\"@id\":\"https:\\\/\\\/aconteceunovale.com.br\\\/portal\\\/#\\\/schema\\\/person\\\/633529146f2c94272bef50ac2953d589\"},\"breadcrumb\":{\"@id\":\"https:\\\/\\\/aconteceunovale.com.br\\\/portal\\\/?p=124293#breadcrumb\"},\"inLanguage\":\"pt-BR\",\"potentialAction\":[{\"@type\":\"ReadAction\",\"target\":[\"https:\\\/\\\/aconteceunovale.com.br\\\/portal\\\/?p=124293\"]}]},{\"@type\":\"ImageObject\",\"inLanguage\":\"pt-BR\",\"@id\":\"https:\\\/\\\/aconteceunovale.com.br\\\/portal\\\/?p=124293#primaryimage\",\"url\":\"https:\\\/\\\/aconteceunovale.com.br\\\/portal\\\/wp-content\\\/uploads\\\/2017\\\/11\\\/cafe_mg.jpg\",\"contentUrl\":\"https:\\\/\\\/aconteceunovale.com.br\\\/portal\\\/wp-content\\\/uploads\\\/2017\\\/11\\\/cafe_mg.jpg\",\"width\":678,\"height\":450},{\"@type\":\"BreadcrumbList\",\"@id\":\"https:\\\/\\\/aconteceunovale.com.br\\\/portal\\\/?p=124293#breadcrumb\",\"itemListElement\":[{\"@type\":\"ListItem\",\"position\":1,\"name\":\"In\u00edcio\",\"item\":\"https:\\\/\\\/aconteceunovale.com.br\\\/portal\\\/\"},{\"@type\":\"ListItem\",\"position\":2,\"name\":\"Finalistas do Concurso de Qualidade dos Caf\u00e9s de Minas Gerais s\u00e3o escolhidos em competi\u00e7\u00e3o recorde\"}]},{\"@type\":\"WebSite\",\"@id\":\"https:\\\/\\\/aconteceunovale.com.br\\\/portal\\\/#website\",\"url\":\"https:\\\/\\\/aconteceunovale.com.br\\\/portal\\\/\",\"name\":\"Aconteceu no Vale\",\"description\":\"Portal de Not\u00edcias\",\"potentialAction\":[{\"@type\":\"SearchAction\",\"target\":{\"@type\":\"EntryPoint\",\"urlTemplate\":\"https:\\\/\\\/aconteceunovale.com.br\\\/portal\\\/?s={search_term_string}\"},\"query-input\":{\"@type\":\"PropertyValueSpecification\",\"valueRequired\":true,\"valueName\":\"search_term_string\"}}],\"inLanguage\":\"pt-BR\"},{\"@type\":\"Person\",\"@id\":\"https:\\\/\\\/aconteceunovale.com.br\\\/portal\\\/#\\\/schema\\\/person\\\/633529146f2c94272bef50ac2953d589\",\"name\":\"Aconteceu no Vale\",\"description\":\"Equipe de reportagem do Aconteceu no Vale, portal de not\u00edcias do Vale do Jequitinhonha, em Minas Gerais. Cobrimos as 51 cidades do Vale desde 2013. Sugest\u00f5es de pauta e pedidos de corre\u00e7\u00e3o: contato@aconteceunovale.com.br\",\"sameAs\":[\"http:\\\/\\\/www.aconteceunovale.com.br\"],\"url\":\"https:\\\/\\\/aconteceunovale.com.br\\\/portal\\\/?author=1\"}]}<\/script>\n<!-- \/ Yoast SEO plugin. -->","yoast_head_json":{"title":"Finalistas do Concurso de Qualidade dos Caf\u00e9s de Minas Gerais s\u00e3o escolhidos em competi\u00e7\u00e3o recorde - Aconteceu no Vale","robots":{"index":"index","follow":"follow","max-snippet":"max-snippet:-1","max-image-preview":"max-image-preview:large","max-video-preview":"max-video-preview:-1"},"canonical":"https:\/\/aconteceunovale.com.br\/portal\/?p=124293","og_locale":"pt_BR","og_type":"article","og_title":"Finalistas do Concurso de Qualidade dos Caf\u00e9s de Minas Gerais s\u00e3o escolhidos em competi\u00e7\u00e3o recorde - Aconteceu no Vale","og_description":"O Concurso de Qualidade dos Caf\u00e9s de Minas Gerais, edi\u00e7\u00e3o 2017, j\u00e1 tem os seus finalistas. A rela\u00e7\u00e3o foi divulgada nessa ter\u00e7a-feira (22\/11) pela\u00a0Empresa de Assist\u00eancia T\u00e9cnica e Extens\u00e3o Rural (Emater-MG)\u00a0e a premia\u00e7\u00e3o dos vencedores ser\u00e1 realizada no pr\u00f3ximo dia 4 de dezembro, na Cidade Administrativa, em Belo Horizonte. Este ano, o concurso que \u00e9 [&hellip;]","og_url":"https:\/\/aconteceunovale.com.br\/portal\/?p=124293","og_site_name":"Aconteceu no Vale","article_publisher":"https:\/\/www.facebook.com\/aconteceunovale\/","article_published_time":"2017-11-25T12:43:06+00:00","og_image":[{"width":678,"height":450,"url":"https:\/\/aconteceunovale.com.br\/portal\/wp-content\/uploads\/2017\/11\/cafe_mg.jpg","type":"image\/jpeg"}],"author":"Aconteceu no Vale","twitter_card":"summary_large_image","twitter_creator":"@noticiadosvales","twitter_site":"@noticiadosvales","twitter_misc":{"Escrito por":"Aconteceu no Vale","Est. tempo de leitura":"3 minutos"},"schema":{"@context":"https:\/\/schema.org","@graph":[{"@type":"Article","@id":"https:\/\/aconteceunovale.com.br\/portal\/?p=124293#article","isPartOf":{"@id":"https:\/\/aconteceunovale.com.br\/portal\/?p=124293"},"author":{"name":"Aconteceu no Vale","@id":"https:\/\/aconteceunovale.com.br\/portal\/#\/schema\/person\/633529146f2c94272bef50ac2953d589"},"headline":"Finalistas do Concurso de Qualidade dos Caf\u00e9s de Minas Gerais s\u00e3o escolhidos em competi\u00e7\u00e3o recorde","datePublished":"2017-11-25T12:43:06+00:00","mainEntityOfPage":{"@id":"https:\/\/aconteceunovale.com.br\/portal\/?p=124293"},"wordCount":644,"commentCount":0,"image":{"@id":"https:\/\/aconteceunovale.com.br\/portal\/?p=124293#primaryimage"},"thumbnailUrl":"https:\/\/aconteceunovale.com.br\/portal\/wp-content\/uploads\/2017\/11\/cafe_mg.jpg","keywords":["Afonso Donizete Abreu de Lacerda","Angel\u00e2ndia","Ant\u00f4nio Rogerio de Paula","Araponga","Botelhos","Caf\u00e9s de Minas Gerais","Campos Altos","Carmo de Minas","C\u00e1ssia","C\u00e1ssio Gon\u00e7alves Correa","Categoria Cereja Descascado\/Desmucilado ou Despolpado","C\u00e9lia Fukuda","Cerrado Mineiro","Chapada de Minas","Concurso de Qualidade dos Caf\u00e9s de Minas Gerais","Dailton Antonio Ribeiro","D\u00e9cio Bruxel","Diamantina","DIMAP S\/A Prod. Sider\u00fargicos","Dom Vi\u00e7oso","Ecoagricola Caf\u00e9 Ltda","Edmar Lopes","Edson Hiroaki Tamekuni","Efraim Botrel Alves","Emater-MG","Empresa de Assist\u00eancia T\u00e9cnica e Extens\u00e3o Rural","Espera Feliz","Fazenda Sert\u00e3ozinho","Finalistas do Concurso de Qualidade dos Caf\u00e9s de Minas Gerais s\u00e3o escolhidos em competi\u00e7\u00e3o recorde","Flavio Roberto Carvalho Ferraz","Francisco Dumont","Francisco Pinheiro Campos","Gl\u00e1ucio Carneiro Pinto","Ilic\u00ednea","Joao Batista Montanari","Jo\u00e3o Onofre da Silva","Jorge Fernando Naimeg","Jos\u00e9 Alexandre Abreu de Lacerda","Josias Gomes","Juliano Silveira Carvalho","Le\u00f4nio Carlos Filho","Leticia Maria Ribeiro de Carvalho","Matas de Minas","Oliveira","Onofre Alves de Lacerda","Patos de Minas","Patroc\u00ednio","Paulo Henrique Miranda","Pimenta","Pratinha","Primavera Agroneg\u00f3cios LTDA","Qualidade dos Caf\u00e9s de Minas Gerais","Samanta Maria Faleiros Correa","Sandra Leles da Silva","S\u00e3o Pedro da Uni\u00e3o","Sebastiana de Oliveira Faria","Sul de Minas","Wagner Crivelenti Ferrero"],"articleSection":["Eventos","Minas Gerais"],"inLanguage":"pt-BR","potentialAction":[{"@type":"CommentAction","name":"Comment","target":["https:\/\/aconteceunovale.com.br\/portal\/?p=124293#respond"]}]},{"@type":"WebPage","@id":"https:\/\/aconteceunovale.com.br\/portal\/?p=124293","url":"https:\/\/aconteceunovale.com.br\/portal\/?p=124293","name":"Finalistas do Concurso de Qualidade dos Caf\u00e9s de Minas Gerais s\u00e3o escolhidos em competi\u00e7\u00e3o recorde - Aconteceu no Vale","isPartOf":{"@id":"https:\/\/aconteceunovale.com.br\/portal\/#website"},"primaryImageOfPage":{"@id":"https:\/\/aconteceunovale.com.br\/portal\/?p=124293#primaryimage"},"image":{"@id":"https:\/\/aconteceunovale.com.br\/portal\/?p=124293#primaryimage"},"thumbnailUrl":"https:\/\/aconteceunovale.com.br\/portal\/wp-content\/uploads\/2017\/11\/cafe_mg.jpg","datePublished":"2017-11-25T12:43:06+00:00","author":{"@id":"https:\/\/aconteceunovale.com.br\/portal\/#\/schema\/person\/633529146f2c94272bef50ac2953d589"},"breadcrumb":{"@id":"https:\/\/aconteceunovale.com.br\/portal\/?p=124293#breadcrumb"},"inLanguage":"pt-BR","potentialAction":[{"@type":"ReadAction","target":["https:\/\/aconteceunovale.com.br\/portal\/?p=124293"]}]},{"@type":"ImageObject","inLanguage":"pt-BR","@id":"https:\/\/aconteceunovale.com.br\/portal\/?p=124293#primaryimage","url":"https:\/\/aconteceunovale.com.br\/portal\/wp-content\/uploads\/2017\/11\/cafe_mg.jpg","contentUrl":"https:\/\/aconteceunovale.com.br\/portal\/wp-content\/uploads\/2017\/11\/cafe_mg.jpg","width":678,"height":450},{"@type":"BreadcrumbList","@id":"https:\/\/aconteceunovale.com.br\/portal\/?p=124293#breadcrumb","itemListElement":[{"@type":"ListItem","position":1,"name":"In\u00edcio","item":"https:\/\/aconteceunovale.com.br\/portal\/"},{"@type":"ListItem","position":2,"name":"Finalistas do Concurso de Qualidade dos Caf\u00e9s de Minas Gerais s\u00e3o escolhidos em competi\u00e7\u00e3o recorde"}]},{"@type":"WebSite","@id":"https:\/\/aconteceunovale.com.br\/portal\/#website","url":"https:\/\/aconteceunovale.com.br\/portal\/","name":"Aconteceu no Vale","description":"Portal de Not\u00edcias","potentialAction":[{"@type":"SearchAction","target":{"@type":"EntryPoint","urlTemplate":"https:\/\/aconteceunovale.com.br\/portal\/?s={search_term_string}"},"query-input":{"@type":"PropertyValueSpecification","valueRequired":true,"valueName":"search_term_string"}}],"inLanguage":"pt-BR"},{"@type":"Person","@id":"https:\/\/aconteceunovale.com.br\/portal\/#\/schema\/person\/633529146f2c94272bef50ac2953d589","name":"Aconteceu no Vale","description":"Equipe de reportagem do Aconteceu no Vale, portal de not\u00edcias do Vale do Jequitinhonha, em Minas Gerais. Cobrimos as 51 cidades do Vale desde 2013. Sugest\u00f5es de pauta e pedidos de corre\u00e7\u00e3o: contato@aconteceunovale.com.br","sameAs":["http:\/\/www.aconteceunovale.com.br"],"url":"https:\/\/aconteceunovale.com.br\/portal\/?author=1"}]}},"_links":{"self":[{"href":"https:\/\/aconteceunovale.com.br\/portal\/index.php?rest_route=\/wp\/v2\/posts\/124293","targetHints":{"allow":["GET"]}}],"collection":[{"href":"https:\/\/aconteceunovale.com.br\/portal\/index.php?rest_route=\/wp\/v2\/posts"}],"about":[{"href":"https:\/\/aconteceunovale.com.br\/portal\/index.php?rest_route=\/wp\/v2\/types\/post"}],"author":[{"embeddable":true,"href":"https:\/\/aconteceunovale.com.br\/portal\/index.php?rest_route=\/wp\/v2\/users\/1"}],"replies":[{"embeddable":true,"href":"https:\/\/aconteceunovale.com.br\/portal\/index.php?rest_route=%2Fwp%2Fv2%2Fcomments&post=124293"}],"version-history":[{"count":0,"href":"https:\/\/aconteceunovale.com.br\/portal\/index.php?rest_route=\/wp\/v2\/posts\/124293\/revisions"}],"wp:featuredmedia":[{"embeddable":true,"href":"https:\/\/aconteceunovale.com.br\/portal\/index.php?rest_route=\/wp\/v2\/media\/124294"}],"wp:attachment":[{"href":"https:\/\/aconteceunovale.com.br\/portal\/index.php?rest_route=%2Fwp%2Fv2%2Fmedia&parent=124293"}],"wp:term":[{"taxonomy":"category","embeddable":true,"href":"https:\/\/aconteceunovale.com.br\/portal\/index.php?rest_route=%2Fwp%2Fv2%2Fcategories&post=124293"},{"taxonomy":"post_tag","embeddable":true,"href":"https:\/\/aconteceunovale.com.br\/portal\/index.php?rest_route=%2Fwp%2Fv2%2Ftags&post=124293"}],"curies":[{"name":"wp","href":"https:\/\/api.w.org\/{rel}","templated":true}]}}