{"id":124290,"date":"2017-11-25T10:37:08","date_gmt":"2017-11-25T12:37:08","guid":{"rendered":"http:\/\/aconteceunovale.com.br\/portal\/?p=124290"},"modified":"2017-11-25T10:37:08","modified_gmt":"2017-11-25T12:37:08","slug":"queijo-minas-artesanal-e-destaque-em-concurso-nacional","status":"publish","type":"post","link":"https:\/\/aconteceunovale.com.br\/portal\/?p=124290","title":{"rendered":"Queijo Minas Artesanal \u00e9 destaque em concurso nacional"},"content":{"rendered":"<p>O resultado do 3\u00ba Pr\u00eamio Queijo Brasil, realizado recentemente, no Memorial da Am\u00e9rica Latina, em S\u00e3o Paulo, mais uma vez provou a excel\u00eancia do queijo produzido em Minas Gerais e o quanto est\u00e1 sendo valorizado tamb\u00e9m fora do estado. <\/p>\n<p>Dos 317 queijos premiados pelo concurso em todo o pa\u00eds, quase 50%, ou 156 deles, foram fabricados em Minas Gerais. Desses, vale destacar a premia\u00e7\u00e3o do t\u00edpico Queijo Minas Artesanal, produzido com leite cru, em sete regi\u00f5es caracterizadas no estado e assim nomeadas: Arax\u00e1, Canastra, Campo das Vertentes, Cerrado, Serra do Salitre, Serro e Tri\u00e2ngulo Mineiro.<\/p>\n<p>A maioria dos produtores premiados \u00e9 atendida pela Empresa de Assist\u00eancia T\u00e9cnica e Extens\u00e3o Rural do Estado de Minas Gerais (Emater-MG) e pelo Instituto Mineiro de Agropecu\u00e1ria (IMA), \u00f3rg\u00e3os vinculados \u00e0 Secretaria de Estado de Agricultura, Pecu\u00e1ria e Abastecimento (Seapa).<\/p>\n<p>\u00c9 o caso, por exemplo, do produtor Reinaldo Lima, de Arax\u00e1. Como outros mineiros participantes do concurso nacional, Lima teve o seu produto agraciado, conquistando na categoria que concorreu, o Ouro e o Super Ouro da premia\u00e7\u00e3o nacional.<\/p>\n<p>Para produzir um dos queijos favoritos na competi\u00e7\u00e3o, ele contou com a ajuda da esposa e de dois funcion\u00e1rios. Segundo ele, tudo come\u00e7ou com a produ\u00e7\u00e3o de iogurte. Aos poucos resolveu investir no queijo com a produ\u00e7\u00e3o de dez pe\u00e7as por dia. Hoje, a produ\u00e7\u00e3o di\u00e1ria \u00e9 de 50 queijos. <\/p>\n<p>Al\u00e9m de concursos regionais, ele tamb\u00e9m venceu o concurso popular do Festival do Queijo Minas Artesanal, realizado no in\u00edcio de agosto, em Belo Horizonte, e o Concurso Estadual de Queijo Minas Artesanal, promovido pelo Governo do Estado durante o Festival Gastron\u00f4mico de Tiradentes, no final do mesmo m\u00eas.  <\/p>\n<p>\u201cA gente faz um trabalho \u00e1rduo durante o ano inteiro. Quando ganha um concurso, \u00e9 um reconhecimento do nosso trabalho. O segredo do nosso queijo \u00e9 muita dedica\u00e7\u00e3o e higiene no processo de produ\u00e7\u00e3o\u201d, costuma resumir o produtor de Arax\u00e1. <\/p>\n<p><img decoding=\"async\" src=\"http:\/\/aconteceunovale.com.br\/portal\/wp-content\/uploads\/2017\/11\/queijo_minas.jpg\" alt=\"\" \/><em>Queijo do produtor Reinaldo Lima, de Arax\u00e1 (Foto: Divulga\u00e7\u00e3o\/Emater)<\/em><br \/>\n<\/br><\/p>\n<p><strong>Qualidade e novos mercados<\/strong><\/p>\n<p>A qualidade na produ\u00e7\u00e3o do Queijo Minas Artesanal vem progredindo e abrindo mais mercados em Minas Gerais e em outros estados, como afirma a coordenadora t\u00e9cnica estadual da Emater-MG, Maria Edinice Rodrigues. <\/p>\n<p>\u201cOs produtores hoje v\u00eam se adequando, buscando melhorar a sua produ\u00e7\u00e3o, com maior valor agregado, em grandes redes de supermercados. Um caso espec\u00edfico \u00e9 a parceria feita com o Verdemar e hoje temos 14 produtores comercializando nas lojas dessa rede de Belo Horizonte. Tamb\u00e9m no munic\u00edpio de Medeiros, produtores com o Sisbi-Poa (Sistema Brasileiro de Inspe\u00e7\u00e3o de Produ\u00e7\u00e3o de Origem Animal), selo do Minist\u00e9rio da Agricultura, j\u00e1 comercializam em S\u00e3o Paulo e no Paran\u00e1. E temos outros produtores comercializando fora. Temos uma produ\u00e7\u00e3o de Queijo Minas Artesanal que poderia abastecer outros mercados, al\u00e9m de Minas Gerais\u201d, conclui.<\/p>\n<p><strong>VER PRIMEIRO<\/strong><\/p>\n<p>Receba as not\u00edcias do Aconteceu no Vale em primeira m\u00e3o. Clique em curtir no endere\u00e7o <a href=\"https:\/\/www.facebook.com\/aconteceunovale\" target=\"_blank\"><font color=\"red\">www.facebook.com\/aconteceunovale<\/font><\/a> ou no box abaixo:<\/p>\n<div class=\"fb-like\" data-href=\"https:\/\/www.facebook.com\/aconteceunovale\" data-width=\"120\" data-layout=\"standard\" data-action=\"like\" data-size=\"small\" data-show-faces=\"true\" data-share=\"true\"><\/div>\n<p><\/br><\/p>\n<p><em>(Fonte: Ag\u00eancia Minas)<\/em><\/p>\n","protected":false},"excerpt":{"rendered":"<p>O resultado do 3\u00ba Pr\u00eamio Queijo Brasil, realizado recentemente, no Memorial da Am\u00e9rica Latina, em S\u00e3o Paulo, mais uma vez provou a excel\u00eancia do queijo produzido em Minas Gerais e o quanto est\u00e1 sendo valorizado tamb\u00e9m fora do estado. Dos 317 queijos premiados pelo concurso em todo o pa\u00eds, quase 50%, ou 156 deles, foram [&hellip;]<\/p>\n","protected":false},"author":1,"featured_media":124291,"comment_status":"open","ping_status":"closed","sticky":false,"template":"","format":"standard","meta":{"amp_status":"","footnotes":""},"categories":[6,123],"tags":[164378,164384,164379,164380,50433,164385,164381,164382,164383],"class_list":["post-124290","post","type-post","status-publish","format-standard","has-post-thumbnail","hentry","category-br","category-gerais","tag-3o-premio-queijo-brasil","tag-festival-do-queijo-minas-artesanal","tag-premio-queijo-brasil","tag-queijo-de-minas-gerais","tag-queijo-minas-artesanal","tag-queijo-minas-artesanal-e-destaque-em-concurso-nacional","tag-queijo-mineiro","tag-queijo-produzido-em-minas-gerais","tag-reinaldo-lima"],"yoast_head":"<!-- This site is optimized with the Yoast SEO plugin v28.3 - https:\/\/yoast.com\/product\/yoast-seo-wordpress\/ -->\n<title>Queijo Minas Artesanal \u00e9 destaque em concurso nacional - Aconteceu no Vale<\/title>\n<meta name=\"robots\" content=\"index, follow, max-snippet:-1, max-image-preview:large, max-video-preview:-1\" \/>\n<link rel=\"canonical\" href=\"https:\/\/aconteceunovale.com.br\/portal\/?p=124290\" \/>\n<meta property=\"og:locale\" content=\"pt_BR\" \/>\n<meta property=\"og:type\" content=\"article\" \/>\n<meta property=\"og:title\" content=\"Queijo Minas Artesanal \u00e9 destaque em concurso nacional - Aconteceu no Vale\" \/>\n<meta property=\"og:description\" content=\"O resultado do 3\u00ba Pr\u00eamio Queijo Brasil, realizado recentemente, no Memorial da Am\u00e9rica Latina, em S\u00e3o Paulo, mais uma vez provou a excel\u00eancia do queijo produzido em Minas Gerais e o quanto est\u00e1 sendo valorizado tamb\u00e9m fora do estado. Dos 317 queijos premiados pelo concurso em todo o pa\u00eds, quase 50%, ou 156 deles, foram [&hellip;]\" \/>\n<meta property=\"og:url\" content=\"https:\/\/aconteceunovale.com.br\/portal\/?p=124290\" \/>\n<meta property=\"og:site_name\" content=\"Aconteceu no Vale\" \/>\n<meta property=\"article:publisher\" content=\"https:\/\/www.facebook.com\/aconteceunovale\/\" \/>\n<meta property=\"article:published_time\" content=\"2017-11-25T12:37:08+00:00\" \/>\n<meta property=\"og:image\" content=\"https:\/\/aconteceunovale.com.br\/portal\/wp-content\/uploads\/2017\/11\/queijo_minas.jpg\" \/>\n\t<meta property=\"og:image:width\" content=\"678\" \/>\n\t<meta property=\"og:image:height\" content=\"386\" \/>\n\t<meta property=\"og:image:type\" content=\"image\/jpeg\" \/>\n<meta name=\"author\" content=\"Aconteceu no Vale\" \/>\n<meta name=\"twitter:card\" content=\"summary_large_image\" \/>\n<meta name=\"twitter:creator\" content=\"@noticiadosvales\" \/>\n<meta name=\"twitter:site\" content=\"@noticiadosvales\" \/>\n<meta name=\"twitter:label1\" content=\"Escrito por\" \/>\n\t<meta name=\"twitter:data1\" content=\"Aconteceu no Vale\" \/>\n\t<meta name=\"twitter:label2\" content=\"Est. tempo de leitura\" \/>\n\t<meta name=\"twitter:data2\" content=\"3 minutos\" \/>\n<script type=\"application\/ld+json\" class=\"yoast-schema-graph\">{\"@context\":\"https:\\\/\\\/schema.org\",\"@graph\":[{\"@type\":\"Article\",\"@id\":\"https:\\\/\\\/aconteceunovale.com.br\\\/portal\\\/?p=124290#article\",\"isPartOf\":{\"@id\":\"https:\\\/\\\/aconteceunovale.com.br\\\/portal\\\/?p=124290\"},\"author\":{\"name\":\"Aconteceu no Vale\",\"@id\":\"https:\\\/\\\/aconteceunovale.com.br\\\/portal\\\/#\\\/schema\\\/person\\\/633529146f2c94272bef50ac2953d589\"},\"headline\":\"Queijo Minas Artesanal \u00e9 destaque em concurso nacional\",\"datePublished\":\"2017-11-25T12:37:08+00:00\",\"mainEntityOfPage\":{\"@id\":\"https:\\\/\\\/aconteceunovale.com.br\\\/portal\\\/?p=124290\"},\"wordCount\":526,\"commentCount\":0,\"image\":{\"@id\":\"https:\\\/\\\/aconteceunovale.com.br\\\/portal\\\/?p=124290#primaryimage\"},\"thumbnailUrl\":\"https:\\\/\\\/aconteceunovale.com.br\\\/portal\\\/wp-content\\\/uploads\\\/2017\\\/11\\\/queijo_minas.jpg\",\"keywords\":[\"3\u00ba Pr\u00eamio Queijo Brasil\",\"Festival do Queijo Minas Artesanal\",\"Pr\u00eamio Queijo Brasil\",\"Queijo de Minas Gerais\",\"Queijo Minas Artesanal\",\"Queijo Minas Artesanal \u00e9 destaque em concurso nacional\",\"Queijo mineiro\",\"Queijo produzido em Minas Gerais\",\"Reinaldo Lima\"],\"articleSection\":[\"Brasil\",\"Minas Gerais\"],\"inLanguage\":\"pt-BR\",\"potentialAction\":[{\"@type\":\"CommentAction\",\"name\":\"Comment\",\"target\":[\"https:\\\/\\\/aconteceunovale.com.br\\\/portal\\\/?p=124290#respond\"]}]},{\"@type\":\"WebPage\",\"@id\":\"https:\\\/\\\/aconteceunovale.com.br\\\/portal\\\/?p=124290\",\"url\":\"https:\\\/\\\/aconteceunovale.com.br\\\/portal\\\/?p=124290\",\"name\":\"Queijo Minas Artesanal \u00e9 destaque em concurso nacional - Aconteceu no Vale\",\"isPartOf\":{\"@id\":\"https:\\\/\\\/aconteceunovale.com.br\\\/portal\\\/#website\"},\"primaryImageOfPage\":{\"@id\":\"https:\\\/\\\/aconteceunovale.com.br\\\/portal\\\/?p=124290#primaryimage\"},\"image\":{\"@id\":\"https:\\\/\\\/aconteceunovale.com.br\\\/portal\\\/?p=124290#primaryimage\"},\"thumbnailUrl\":\"https:\\\/\\\/aconteceunovale.com.br\\\/portal\\\/wp-content\\\/uploads\\\/2017\\\/11\\\/queijo_minas.jpg\",\"datePublished\":\"2017-11-25T12:37:08+00:00\",\"author\":{\"@id\":\"https:\\\/\\\/aconteceunovale.com.br\\\/portal\\\/#\\\/schema\\\/person\\\/633529146f2c94272bef50ac2953d589\"},\"breadcrumb\":{\"@id\":\"https:\\\/\\\/aconteceunovale.com.br\\\/portal\\\/?p=124290#breadcrumb\"},\"inLanguage\":\"pt-BR\",\"potentialAction\":[{\"@type\":\"ReadAction\",\"target\":[\"https:\\\/\\\/aconteceunovale.com.br\\\/portal\\\/?p=124290\"]}]},{\"@type\":\"ImageObject\",\"inLanguage\":\"pt-BR\",\"@id\":\"https:\\\/\\\/aconteceunovale.com.br\\\/portal\\\/?p=124290#primaryimage\",\"url\":\"https:\\\/\\\/aconteceunovale.com.br\\\/portal\\\/wp-content\\\/uploads\\\/2017\\\/11\\\/queijo_minas.jpg\",\"contentUrl\":\"https:\\\/\\\/aconteceunovale.com.br\\\/portal\\\/wp-content\\\/uploads\\\/2017\\\/11\\\/queijo_minas.jpg\",\"width\":678,\"height\":386},{\"@type\":\"BreadcrumbList\",\"@id\":\"https:\\\/\\\/aconteceunovale.com.br\\\/portal\\\/?p=124290#breadcrumb\",\"itemListElement\":[{\"@type\":\"ListItem\",\"position\":1,\"name\":\"In\u00edcio\",\"item\":\"https:\\\/\\\/aconteceunovale.com.br\\\/portal\\\/\"},{\"@type\":\"ListItem\",\"position\":2,\"name\":\"Queijo Minas Artesanal \u00e9 destaque em concurso nacional\"}]},{\"@type\":\"WebSite\",\"@id\":\"https:\\\/\\\/aconteceunovale.com.br\\\/portal\\\/#website\",\"url\":\"https:\\\/\\\/aconteceunovale.com.br\\\/portal\\\/\",\"name\":\"Aconteceu no Vale\",\"description\":\"Portal de Not\u00edcias\",\"potentialAction\":[{\"@type\":\"SearchAction\",\"target\":{\"@type\":\"EntryPoint\",\"urlTemplate\":\"https:\\\/\\\/aconteceunovale.com.br\\\/portal\\\/?s={search_term_string}\"},\"query-input\":{\"@type\":\"PropertyValueSpecification\",\"valueRequired\":true,\"valueName\":\"search_term_string\"}}],\"inLanguage\":\"pt-BR\"},{\"@type\":\"Person\",\"@id\":\"https:\\\/\\\/aconteceunovale.com.br\\\/portal\\\/#\\\/schema\\\/person\\\/633529146f2c94272bef50ac2953d589\",\"name\":\"Aconteceu no Vale\",\"description\":\"Equipe de reportagem do Aconteceu no Vale, portal de not\u00edcias do Vale do Jequitinhonha, em Minas Gerais. Cobrimos as 51 cidades do Vale desde 2013. Sugest\u00f5es de pauta e pedidos de corre\u00e7\u00e3o: contato@aconteceunovale.com.br\",\"sameAs\":[\"http:\\\/\\\/www.aconteceunovale.com.br\"],\"url\":\"https:\\\/\\\/aconteceunovale.com.br\\\/portal\\\/?author=1\"}]}<\/script>\n<!-- \/ Yoast SEO plugin. -->","yoast_head_json":{"title":"Queijo Minas Artesanal \u00e9 destaque em concurso nacional - Aconteceu no Vale","robots":{"index":"index","follow":"follow","max-snippet":"max-snippet:-1","max-image-preview":"max-image-preview:large","max-video-preview":"max-video-preview:-1"},"canonical":"https:\/\/aconteceunovale.com.br\/portal\/?p=124290","og_locale":"pt_BR","og_type":"article","og_title":"Queijo Minas Artesanal \u00e9 destaque em concurso nacional - Aconteceu no Vale","og_description":"O resultado do 3\u00ba Pr\u00eamio Queijo Brasil, realizado recentemente, no Memorial da Am\u00e9rica Latina, em S\u00e3o Paulo, mais uma vez provou a excel\u00eancia do queijo produzido em Minas Gerais e o quanto est\u00e1 sendo valorizado tamb\u00e9m fora do estado. Dos 317 queijos premiados pelo concurso em todo o pa\u00eds, quase 50%, ou 156 deles, foram [&hellip;]","og_url":"https:\/\/aconteceunovale.com.br\/portal\/?p=124290","og_site_name":"Aconteceu no Vale","article_publisher":"https:\/\/www.facebook.com\/aconteceunovale\/","article_published_time":"2017-11-25T12:37:08+00:00","og_image":[{"width":678,"height":386,"url":"https:\/\/aconteceunovale.com.br\/portal\/wp-content\/uploads\/2017\/11\/queijo_minas.jpg","type":"image\/jpeg"}],"author":"Aconteceu no Vale","twitter_card":"summary_large_image","twitter_creator":"@noticiadosvales","twitter_site":"@noticiadosvales","twitter_misc":{"Escrito por":"Aconteceu no Vale","Est. tempo de leitura":"3 minutos"},"schema":{"@context":"https:\/\/schema.org","@graph":[{"@type":"Article","@id":"https:\/\/aconteceunovale.com.br\/portal\/?p=124290#article","isPartOf":{"@id":"https:\/\/aconteceunovale.com.br\/portal\/?p=124290"},"author":{"name":"Aconteceu no Vale","@id":"https:\/\/aconteceunovale.com.br\/portal\/#\/schema\/person\/633529146f2c94272bef50ac2953d589"},"headline":"Queijo Minas Artesanal \u00e9 destaque em concurso nacional","datePublished":"2017-11-25T12:37:08+00:00","mainEntityOfPage":{"@id":"https:\/\/aconteceunovale.com.br\/portal\/?p=124290"},"wordCount":526,"commentCount":0,"image":{"@id":"https:\/\/aconteceunovale.com.br\/portal\/?p=124290#primaryimage"},"thumbnailUrl":"https:\/\/aconteceunovale.com.br\/portal\/wp-content\/uploads\/2017\/11\/queijo_minas.jpg","keywords":["3\u00ba Pr\u00eamio Queijo Brasil","Festival do Queijo Minas Artesanal","Pr\u00eamio Queijo Brasil","Queijo de Minas Gerais","Queijo Minas Artesanal","Queijo Minas Artesanal \u00e9 destaque em concurso nacional","Queijo mineiro","Queijo produzido em Minas Gerais","Reinaldo Lima"],"articleSection":["Brasil","Minas Gerais"],"inLanguage":"pt-BR","potentialAction":[{"@type":"CommentAction","name":"Comment","target":["https:\/\/aconteceunovale.com.br\/portal\/?p=124290#respond"]}]},{"@type":"WebPage","@id":"https:\/\/aconteceunovale.com.br\/portal\/?p=124290","url":"https:\/\/aconteceunovale.com.br\/portal\/?p=124290","name":"Queijo Minas Artesanal \u00e9 destaque em concurso nacional - Aconteceu no Vale","isPartOf":{"@id":"https:\/\/aconteceunovale.com.br\/portal\/#website"},"primaryImageOfPage":{"@id":"https:\/\/aconteceunovale.com.br\/portal\/?p=124290#primaryimage"},"image":{"@id":"https:\/\/aconteceunovale.com.br\/portal\/?p=124290#primaryimage"},"thumbnailUrl":"https:\/\/aconteceunovale.com.br\/portal\/wp-content\/uploads\/2017\/11\/queijo_minas.jpg","datePublished":"2017-11-25T12:37:08+00:00","author":{"@id":"https:\/\/aconteceunovale.com.br\/portal\/#\/schema\/person\/633529146f2c94272bef50ac2953d589"},"breadcrumb":{"@id":"https:\/\/aconteceunovale.com.br\/portal\/?p=124290#breadcrumb"},"inLanguage":"pt-BR","potentialAction":[{"@type":"ReadAction","target":["https:\/\/aconteceunovale.com.br\/portal\/?p=124290"]}]},{"@type":"ImageObject","inLanguage":"pt-BR","@id":"https:\/\/aconteceunovale.com.br\/portal\/?p=124290#primaryimage","url":"https:\/\/aconteceunovale.com.br\/portal\/wp-content\/uploads\/2017\/11\/queijo_minas.jpg","contentUrl":"https:\/\/aconteceunovale.com.br\/portal\/wp-content\/uploads\/2017\/11\/queijo_minas.jpg","width":678,"height":386},{"@type":"BreadcrumbList","@id":"https:\/\/aconteceunovale.com.br\/portal\/?p=124290#breadcrumb","itemListElement":[{"@type":"ListItem","position":1,"name":"In\u00edcio","item":"https:\/\/aconteceunovale.com.br\/portal\/"},{"@type":"ListItem","position":2,"name":"Queijo Minas Artesanal \u00e9 destaque em concurso nacional"}]},{"@type":"WebSite","@id":"https:\/\/aconteceunovale.com.br\/portal\/#website","url":"https:\/\/aconteceunovale.com.br\/portal\/","name":"Aconteceu no Vale","description":"Portal de Not\u00edcias","potentialAction":[{"@type":"SearchAction","target":{"@type":"EntryPoint","urlTemplate":"https:\/\/aconteceunovale.com.br\/portal\/?s={search_term_string}"},"query-input":{"@type":"PropertyValueSpecification","valueRequired":true,"valueName":"search_term_string"}}],"inLanguage":"pt-BR"},{"@type":"Person","@id":"https:\/\/aconteceunovale.com.br\/portal\/#\/schema\/person\/633529146f2c94272bef50ac2953d589","name":"Aconteceu no Vale","description":"Equipe de reportagem do Aconteceu no Vale, portal de not\u00edcias do Vale do Jequitinhonha, em Minas Gerais. Cobrimos as 51 cidades do Vale desde 2013. Sugest\u00f5es de pauta e pedidos de corre\u00e7\u00e3o: contato@aconteceunovale.com.br","sameAs":["http:\/\/www.aconteceunovale.com.br"],"url":"https:\/\/aconteceunovale.com.br\/portal\/?author=1"}]}},"_links":{"self":[{"href":"https:\/\/aconteceunovale.com.br\/portal\/index.php?rest_route=\/wp\/v2\/posts\/124290","targetHints":{"allow":["GET"]}}],"collection":[{"href":"https:\/\/aconteceunovale.com.br\/portal\/index.php?rest_route=\/wp\/v2\/posts"}],"about":[{"href":"https:\/\/aconteceunovale.com.br\/portal\/index.php?rest_route=\/wp\/v2\/types\/post"}],"author":[{"embeddable":true,"href":"https:\/\/aconteceunovale.com.br\/portal\/index.php?rest_route=\/wp\/v2\/users\/1"}],"replies":[{"embeddable":true,"href":"https:\/\/aconteceunovale.com.br\/portal\/index.php?rest_route=%2Fwp%2Fv2%2Fcomments&post=124290"}],"version-history":[{"count":0,"href":"https:\/\/aconteceunovale.com.br\/portal\/index.php?rest_route=\/wp\/v2\/posts\/124290\/revisions"}],"wp:featuredmedia":[{"embeddable":true,"href":"https:\/\/aconteceunovale.com.br\/portal\/index.php?rest_route=\/wp\/v2\/media\/124291"}],"wp:attachment":[{"href":"https:\/\/aconteceunovale.com.br\/portal\/index.php?rest_route=%2Fwp%2Fv2%2Fmedia&parent=124290"}],"wp:term":[{"taxonomy":"category","embeddable":true,"href":"https:\/\/aconteceunovale.com.br\/portal\/index.php?rest_route=%2Fwp%2Fv2%2Fcategories&post=124290"},{"taxonomy":"post_tag","embeddable":true,"href":"https:\/\/aconteceunovale.com.br\/portal\/index.php?rest_route=%2Fwp%2Fv2%2Ftags&post=124290"}],"curies":[{"name":"wp","href":"https:\/\/api.w.org\/{rel}","templated":true}]}}