{"id":124267,"date":"2017-11-24T17:30:55","date_gmt":"2017-11-24T19:30:55","guid":{"rendered":"http:\/\/aconteceunovale.com.br\/portal\/?p=124267"},"modified":"2017-11-24T17:30:55","modified_gmt":"2017-11-24T19:30:55","slug":"justica-bloqueia-r-2-milhoes-em-bens-de-ex-prefeito-e-de-ex-secretarios-de-janauba-por-terem-prejudicado-o-repasse-de-recursos-ao-hospital-do-municipio","status":"publish","type":"post","link":"https:\/\/aconteceunovale.com.br\/portal\/?p=124267","title":{"rendered":"Justi\u00e7a bloqueia R$ 2 milh\u00f5es em bens de ex-prefeito e de ex-secret\u00e1rios de Jana\u00faba por terem prejudicado o repasse de recursos ao hospital do munic\u00edpio"},"content":{"rendered":"<p>O Minist\u00e9rio P\u00fablico de Minas Gerais (MPMG) conseguiu na Justi\u00e7a uma liminar para bloquear R$ 2 milh\u00f5es em bens do ex-prefeito, de dois ex-secret\u00e1rios municipais e de dois ex-conselheiros da funda\u00e7\u00e3o hospitalar de Jana\u00faba, no Norte de Minas. Eles s\u00e3o acusados de prejudicarem o repasse de recursos ao Hospital Regional de Jana\u00faba por causa de diverg\u00eancias com a dire\u00e7\u00e3o da institui\u00e7\u00e3o de sa\u00fade.<\/p>\n<p>Segundo apurou a Promotoria de Justi\u00e7a de Defesa do Patrim\u00f4nio P\u00fablico de Jana\u00faba, em 2016, o ent\u00e3o prefeito e os na \u00e9poca secret\u00e1rios de Obras e de Sa\u00fade do munic\u00edpio, com a participa\u00e7\u00e3o de dois, na ocasi\u00e3o, conselheiros do hospital, teriam agido para demitir a dire\u00e7\u00e3o da institui\u00e7\u00e3o, contr\u00e1ria a seus interesses, e para atrapalhar o repasse de recursos \u00e0 entidade. \u201cCom isso, tentaram submeter a autonomia do hospital \u00e0s vontades do Poder Executivo\u201d, afirma trecho da A\u00e7\u00e3o Civil P\u00fablica (ACP).<\/p>\n<p>Segundo as investiga\u00e7\u00f5es, para tentar controlar a institui\u00e7\u00e3o de sa\u00fade, em junho de 2016, por ordem dos secret\u00e1rios municipais e do prefeito de Jana\u00faba na \u00e9poca, o diretor-geral e duas diretoras do hospital teriam sido demitidas e impedidas de entrar em seus locais de trabalho.<\/p>\n<p>Posteriormente, as demiss\u00f5es foram revistas, ap\u00f3s a Promotoria de Justi\u00e7a expedir recomenda\u00e7\u00e3o \u00e0 prefeitura informando que, de acordo com o estatuto do hospital, apenas o conselho curador da institui\u00e7\u00e3o teria autoridade para demitir os diretores. \u201cMesmo n\u00e3o tendo participado diretamente da dispensa, dois membros do conselho, de modo conspirat\u00f3rio, atuavam nos bastidores, influenciando seus pares, buscando a substitui\u00e7\u00e3o da diretoria do hospital\u201d, afirma a ACP.<\/p>\n<p>Segundo a Promotoria de Justi\u00e7a, uma das formas de retaliar os diretores teria sido o n\u00e3o repasse pela prefeitura de recursos para o hospital. Com isso, a institui\u00e7\u00e3o passou a sofrer com a falta de materiais e de medicamentos essenciais a assist\u00eancia dos pacientes, o que levou o hospital a reduzir os atendimentos apenas aos casos de urg\u00eancia e emerg\u00eancia.<\/p>\n<p>\u201cApesar da situa\u00e7\u00e3o de extrema gravidade que o hospital vivenciava, beirando a desassist\u00eancia \u00e0 popula\u00e7\u00e3o, a secret\u00e1ria de Sa\u00fade n\u00e3o repassou os valores \u00e0 institui\u00e7\u00e3o porque n\u00e3o quis, uma vez que existiam recursos, mas condicionou a sua disponibilidade, ao cumprimento de suas ordens dentro do hospital\u201d, disse o promotor de Justi\u00e7a que atuou no caso.<\/p>\n<p>Por exemplo, em duas ocasi\u00f5es, 330 mil em recursos da Uni\u00e3o e do Estado teriam deixado de ser repassados pela prefeitura de Jana\u00faba ao Hospital Regional devido a recusa do diretor-geral em atender os pedidos dos envolvidos. O bloqueio dos R$ 2 milh\u00f5es, segundo a Promotoria de Justi\u00e7a, s\u00e3o para ressarcir os cofres p\u00fablicos de Jana\u00faba e para pagar os danos morais coletivos que os gestores p\u00fablicos teriam causado \u00e0 popula\u00e7\u00e3o do munic\u00edpio.<\/p>\n<p><strong>VER PRIMEIRO<\/strong><\/p>\n<p>Receba as not\u00edcias do Aconteceu no Vale em primeira m\u00e3o. Clique em curtir no endere\u00e7o <a href=\"https:\/\/www.facebook.com\/aconteceunovale\" target=\"_blank\"><font color=\"red\">www.facebook.com\/aconteceunovale<\/font><\/a> ou no box abaixo:<\/p>\n<div class=\"fb-like\" data-href=\"https:\/\/www.facebook.com\/aconteceunovale\" data-width=\"120\" data-layout=\"standard\" data-action=\"like\" data-size=\"small\" data-show-faces=\"true\" data-share=\"true\"><\/div>\n<p><\/br><\/p>\n<p><em>(Fonte: MPMG)<\/em><\/p>\n","protected":false},"excerpt":{"rendered":"<p>O Minist\u00e9rio P\u00fablico de Minas Gerais (MPMG) conseguiu na Justi\u00e7a uma liminar para bloquear R$ 2 milh\u00f5es em bens do ex-prefeito, de dois ex-secret\u00e1rios municipais e de dois ex-conselheiros da funda\u00e7\u00e3o hospitalar de Jana\u00faba, no Norte de Minas. Eles s\u00e3o acusados de prejudicarem o repasse de recursos ao Hospital Regional de Jana\u00faba por causa de [&hellip;]<\/p>\n","protected":false},"author":1,"featured_media":113278,"comment_status":"open","ping_status":"closed","sticky":false,"template":"","format":"standard","meta":{"amp_status":"","footnotes":""},"categories":[1236,40240],"tags":[164342,164343,164345,68838,57912,204,164346,19674,19675,164344],"class_list":["post-124267","post","type-post","status-publish","format-standard","has-post-thumbnail","hentry","category-norte_de_minas","category-politica-2","tag-bloqueio-de-bens-de-ex-prefeito-de-janauba","tag-ex-prefeito-de-janauba","tag-fundacao-hospitalar-de-janauba","tag-fundajan","tag-hospital-regional-de-janauba","tag-janauba","tag-justica-bloqueia-r-2-milhoes-em-bens-de-ex-prefeito-e-de-ex-secretarios-de-janauba-por-terem-prejudicado-o-repasse-de-recursos-ao-hospital-do-municipio","tag-ministerio-publico-de-minas-gerais","tag-mpmg","tag-processo-contra-ex-prefeito-de-janauba"],"_links":{"self":[{"href":"https:\/\/aconteceunovale.com.br\/portal\/index.php?rest_route=\/wp\/v2\/posts\/124267","targetHints":{"allow":["GET"]}}],"collection":[{"href":"https:\/\/aconteceunovale.com.br\/portal\/index.php?rest_route=\/wp\/v2\/posts"}],"about":[{"href":"https:\/\/aconteceunovale.com.br\/portal\/index.php?rest_route=\/wp\/v2\/types\/post"}],"author":[{"embeddable":true,"href":"https:\/\/aconteceunovale.com.br\/portal\/index.php?rest_route=\/wp\/v2\/users\/1"}],"replies":[{"embeddable":true,"href":"https:\/\/aconteceunovale.com.br\/portal\/index.php?rest_route=%2Fwp%2Fv2%2Fcomments&post=124267"}],"version-history":[{"count":0,"href":"https:\/\/aconteceunovale.com.br\/portal\/index.php?rest_route=\/wp\/v2\/posts\/124267\/revisions"}],"wp:featuredmedia":[{"embeddable":true,"href":"https:\/\/aconteceunovale.com.br\/portal\/index.php?rest_route=\/wp\/v2\/media\/113278"}],"wp:attachment":[{"href":"https:\/\/aconteceunovale.com.br\/portal\/index.php?rest_route=%2Fwp%2Fv2%2Fmedia&parent=124267"}],"wp:term":[{"taxonomy":"category","embeddable":true,"href":"https:\/\/aconteceunovale.com.br\/portal\/index.php?rest_route=%2Fwp%2Fv2%2Fcategories&post=124267"},{"taxonomy":"post_tag","embeddable":true,"href":"https:\/\/aconteceunovale.com.br\/portal\/index.php?rest_route=%2Fwp%2Fv2%2Ftags&post=124267"}],"curies":[{"name":"wp","href":"https:\/\/api.w.org\/{rel}","templated":true}]}}