{"id":124262,"date":"2017-11-24T17:20:03","date_gmt":"2017-11-24T19:20:03","guid":{"rendered":"http:\/\/aconteceunovale.com.br\/portal\/?p=124262"},"modified":"2017-11-24T23:33:57","modified_gmt":"2017-11-25T01:33:57","slug":"guanhaes-promove-debates-sobre-violencia-domestica","status":"publish","type":"post","link":"https:\/\/aconteceunovale.com.br\/portal\/?p=124262","title":{"rendered":"Guanh\u00e3es promove debates sobre viol\u00eancia dom\u00e9stica"},"content":{"rendered":"<p>\u201cA Semana da Justi\u00e7a pela Paz em Casa \u00e9 uma excelente oportunidade para envolvermos a sociedade civil nos debates acerca da viol\u00eancia dom\u00e9stica, plantando sementes para a mudan\u00e7a dos paradigmas culturais que favorecem a opress\u00e3o feminina. Apenas a repress\u00e3o penal n\u00e3o \u00e9 suficiente para mudar as estat\u00edsticas alarmantes relativas aos crimes de viol\u00eancia dom\u00e9stica, sendo imprescind\u00edvel que o Judici\u00e1rio busque o engajamento da sociedade, valorizando tamb\u00e9m a preven\u00e7\u00e3o de condutas agressivas contra as mulheres.&#8221;<\/p>\n<p>Assim se manifestou a ju\u00edza Aline Damasceno Pereira de Sena, da 2\u00aa Vara C\u00edvel, Criminal e da Inf\u00e2ncia e da Juventude de Guanh\u00e3es, sobre a Semana Justi\u00e7a pela Paz em Casa, iniciativa que incentiva a forma\u00e7\u00e3o de uma for\u00e7a-tarefa para o julgamento de casos que envolvam viol\u00eancia ou grave amea\u00e7a \u00e0 vida das mulheres. Nesta semana de 21 a 24 de novembro, o Tribunal de Justi\u00e7a de Minas Gerais (TJMG), junto com os tribunais de justi\u00e7a de todo o Pa\u00eds, mobilizou-se para resolver o maior n\u00famero poss\u00edvel de processos relacionados \u00e0 viol\u00eancia dom\u00e9stica contra a mulher. V\u00e1rias comarcas mineiras aderiram \u00e0 iniciativa.<\/p>\n<p>Em Guanh\u00e3es, o Poder Judici\u00e1rio contou com a parceria da 32\u00aa Subse\u00e7\u00e3o da OAB, do Minist\u00e9rio P\u00fablico e da Pol\u00edcia Civil, bem como dos setores de assist\u00eancia social do munic\u00edpio, al\u00e9m da r\u00e1dio Folha Guanh\u00e3es. &#8220;Trouxemos o tema da viol\u00eancia dom\u00e9stica para o p\u00fablico em geral, visitando tamb\u00e9m escolas para educar as crian\u00e7as e os jovens em um novo modelo cultural, que valoriza a igualdade de g\u00eanero. A receptividade foi entusiasmante\u201d, declara a magistrada. Na regi\u00e3o, a campanha foi amplamente divulgada pelas r\u00e1dios locais e por meio da distribui\u00e7\u00e3o de panfletos. Foram concedidas entrevistas \u00e0 R\u00e1dio Vida Nova FM e \u00e0 Folha de Guanh\u00e3es, nas quais tamb\u00e9m foi promovido debate sobre o tema, esclarecendo-se d\u00favidas dos ouvintes.<\/p>\n<p><img decoding=\"async\" src=\"http:\/\/aconteceunovale.com.br\/portal\/wp-content\/uploads\/2017\/11\/encontro_guanhaes_justica_1.jpg\" alt=\"\" \/><em>A ju\u00edza Aline Damasceno Pereira de Sena incentiva a forma\u00e7\u00e3o de uma for\u00e7a-tarefa para o julgamento de casos que envolvam viol\u00eancia ou grave amea\u00e7a \u00e0 vida das mulheres (Foto: TJMG)<\/em><br \/>\n<\/br><\/p>\n<p>Na abertura da campanha, em 20 de novembro, a ju\u00edza da 2\u00aa Vara, o promotor de justi\u00e7a Thiago Ferraz de Oliveira e o presidente da OAB local, Geraldo Temponi Godinho, destacaram, junto \u00e0 comunidade, a import\u00e2ncia da campanha e da conscientiza\u00e7\u00e3o da popula\u00e7\u00e3o sobre os efeitos devastadores da viol\u00eancia dom\u00e9stica. Na sequ\u00eancia, autoridades e representantes da popula\u00e7\u00e3o guanhanense sa\u00edram em passeata pelas ruas da cidade. Al\u00e9m da caminhada, aconteceu tamb\u00e9m o passeio cicl\u00edstico denominado Pedal Legal.<\/p>\n<p>Uma das propostas da campanha foi conscientizar os jovens sobre a viol\u00eancia dom\u00e9stica, as formas de preven\u00e7\u00e3o a esse tipo de crime e a Lei Maria da Penha, por meio de palestras educativas em v\u00e1rias escolas da cidade que atendem os anos finais dos ensinos fundamental e m\u00e9dio. Para tratar do tema, a Escola Estadual Altivo Coelho recebeu os representantes do Centro de Aten\u00e7\u00e3o de Psicossocial (Caps) e do Centro de Refer\u00eancia de Assist\u00eancia Social (Cras); a Escola Estadual Odilon Behrens recebeu a magistrada Aline e o promotor Thiago; a Escola Estadual Senador Francisco Nunes Coelho recebeu a equipe da OAB; e a Escola Estadual Fazenda S\u00e3o Sebasti\u00e3o e a Escola Estadual Ot\u00e1vio Nunes Leite receberam representantes da equipe do Centro de Refer\u00eancia Especializado de Assist\u00eancia Social (Creas).<\/p>\n<p>Os alunos das escolas foram receptivos \u00e0s palestras e interagiram com os palestrantes, esclarecendo d\u00favidas e trazendo para o debate quest\u00f5es de seu cotidiano. Os diretores das institui\u00e7\u00f5es visitadas aplaudiram a iniciativa e mostraram-se receptivos a novas iniciativas para debate do tema. O encerramento da campanha na comarca aconteceu no Sal\u00e3o do J\u00fari do F\u00f3rum Dr. Brito, por meio de uma roda de conversa com a participa\u00e7\u00e3o de autoridades, membros da rede de prote\u00e7\u00e3o social da comarca e da popula\u00e7\u00e3o em geral.<\/p>\n<p><img decoding=\"async\" src=\"http:\/\/aconteceunovale.com.br\/portal\/wp-content\/uploads\/2017\/11\/encontro_guanhaes_justica_2.jpg\" alt=\"\" \/><em>Em Guanh\u00e3es, a campanha procurou conscientizar a popula\u00e7\u00e3o conscientiza\u00e7\u00e3o da popula\u00e7\u00e3o sobre os efeitos devastadores da viol\u00eancia dom\u00e9stica (Foto: TJMG)<\/em><br \/>\n<\/br><\/p>\n<p><strong>Lei Maria da Penha<\/strong><\/p>\n<p>Durante a Campanha Nacional da Justi\u00e7a pela Paz em Casa, al\u00e9m de julgamentos concentrados das a\u00e7\u00f5es penais relativas \u00e0 viol\u00eancia dom\u00e9stica e familiar contra a mulher, s\u00e3o tamb\u00e9m realizadas a\u00e7\u00f5es pedag\u00f3gicas com foco na pacifica\u00e7\u00e3o dos lares brasileiros. O objetivo \u00e9 promover a\u00e7\u00f5es focadas no combate \u00e0 viol\u00eancia dom\u00e9stica, ampliando a efetividade da Lei Maria da Penha (Lei 11.340\/2006).<\/p>\n<p>Idealizada em 2015 pela ministra C\u00e1rmen L\u00facia, atualmente presidente do Supremo Tribunal Federal (STF) e do Conselho Nacional de Justi\u00e7a (CNJ), em parceria com os presidentes dos tribunais de justi\u00e7a, a campanha se desdobra em tr\u00eas semanas por ano: em mar\u00e7o, em homenagem ao Dia das Mulheres; em agosto, por ocasi\u00e3o do anivers\u00e1rio da promulga\u00e7\u00e3o da Lei Maria da Penha; e em novembro, durante a Semana Internacional de Combate \u00e0 Viol\u00eancia de G\u00eanero, estabelecida pela Organiza\u00e7\u00e3o das Na\u00e7\u00f5es Unidas (ONU).<\/p>\n<p><strong>VER PRIMEIRO<\/strong><\/p>\n<p>Receba as not\u00edcias do Aconteceu no Vale em primeira m\u00e3o. Clique em curtir no endere\u00e7o <a href=\"https:\/\/www.facebook.com\/aconteceunovale\" target=\"_blank\"><font color=\"red\">www.facebook.com\/aconteceunovale<\/font><\/a> ou no box abaixo:<\/p>\n<div class=\"fb-like\" data-href=\"https:\/\/www.facebook.com\/aconteceunovale\" data-width=\"120\" data-layout=\"standard\" data-action=\"like\" data-size=\"small\" data-show-faces=\"true\" data-share=\"true\"><\/div>\n<p><\/br><\/p>\n<p><em>(Fonte: TJMG)<\/em><\/p>\n","protected":false},"excerpt":{"rendered":"<p>\u201cA Semana da Justi\u00e7a pela Paz em Casa \u00e9 uma excelente oportunidade para envolvermos a sociedade civil nos debates acerca da viol\u00eancia dom\u00e9stica, plantando sementes para a mudan\u00e7a dos paradigmas culturais que favorecem a opress\u00e3o feminina. Apenas a repress\u00e3o penal n\u00e3o \u00e9 suficiente para mudar as estat\u00edsticas alarmantes relativas aos crimes de viol\u00eancia dom\u00e9stica, sendo [&hellip;]<\/p>\n","protected":false},"author":1,"featured_media":124263,"comment_status":"open","ping_status":"closed","sticky":false,"template":"","format":"standard","meta":{"amp_status":"","footnotes":""},"categories":[125,121],"tags":[164340,121233,1018,155,164337,164341,30158,164339,270,164338],"class_list":["post-124262","post","type-post","status-publish","format-standard","has-post-thumbnail","hentry","category-noticias","category-leste","tag-aline-damasceno-pereira-de-sena","tag-comarca-de-guanhaes","tag-destaque","tag-guanhaes","tag-guanhaes-promove-debates-sobre-violencia-domestica","tag-juiza-aline-damasceno-pereira-de-sena","tag-lei-maria-da-penha","tag-semana-da-justica-pela-paz-em-casa","tag-tjmg","tag-violencia-domestica-em-guanhaes"],"_links":{"self":[{"href":"https:\/\/aconteceunovale.com.br\/portal\/index.php?rest_route=\/wp\/v2\/posts\/124262","targetHints":{"allow":["GET"]}}],"collection":[{"href":"https:\/\/aconteceunovale.com.br\/portal\/index.php?rest_route=\/wp\/v2\/posts"}],"about":[{"href":"https:\/\/aconteceunovale.com.br\/portal\/index.php?rest_route=\/wp\/v2\/types\/post"}],"author":[{"embeddable":true,"href":"https:\/\/aconteceunovale.com.br\/portal\/index.php?rest_route=\/wp\/v2\/users\/1"}],"replies":[{"embeddable":true,"href":"https:\/\/aconteceunovale.com.br\/portal\/index.php?rest_route=%2Fwp%2Fv2%2Fcomments&post=124262"}],"version-history":[{"count":0,"href":"https:\/\/aconteceunovale.com.br\/portal\/index.php?rest_route=\/wp\/v2\/posts\/124262\/revisions"}],"wp:featuredmedia":[{"embeddable":true,"href":"https:\/\/aconteceunovale.com.br\/portal\/index.php?rest_route=\/wp\/v2\/media\/124263"}],"wp:attachment":[{"href":"https:\/\/aconteceunovale.com.br\/portal\/index.php?rest_route=%2Fwp%2Fv2%2Fmedia&parent=124262"}],"wp:term":[{"taxonomy":"category","embeddable":true,"href":"https:\/\/aconteceunovale.com.br\/portal\/index.php?rest_route=%2Fwp%2Fv2%2Fcategories&post=124262"},{"taxonomy":"post_tag","embeddable":true,"href":"https:\/\/aconteceunovale.com.br\/portal\/index.php?rest_route=%2Fwp%2Fv2%2Ftags&post=124262"}],"curies":[{"name":"wp","href":"https:\/\/api.w.org\/{rel}","templated":true}]}}