{"id":124192,"date":"2017-11-21T20:55:14","date_gmt":"2017-11-21T22:55:14","guid":{"rendered":"http:\/\/aconteceunovale.com.br\/portal\/?p=124192"},"modified":"2017-11-21T20:55:14","modified_gmt":"2017-11-21T22:55:14","slug":"vice-prefeito-de-teofilo-otoni-morre-aos-66-anos","status":"publish","type":"post","link":"https:\/\/aconteceunovale.com.br\/portal\/?p=124192","title":{"rendered":"Vice-prefeito de Te\u00f3filo Otoni morre aos 66 anos"},"content":{"rendered":"<p>A Prefeitura de Te\u00f3filo Otoni decretou luto oficial de tr\u00eas dias no munic\u00edpio devido ao falecimento do vice-prefeito, Jos\u00e9 Roberto Corr\u00eaa (PSDC). Ele sofreu um infarto fulminante na manh\u00e3 desta ter\u00e7a-feira (21\/11\/2017).<\/p>\n<p>Jos\u00e9 Roberto Corr\u00eaa tinha 66 anos, era m\u00e9dico e possu\u00eda cerca de 30 anos de vida p\u00fablica, tendo ocupado os cargos de Secret\u00e1rio Municipal de Sa\u00fade, Superintendente Regional de Sa\u00fade e Coordenador Cl\u00ednico do SAMU. Ele deixa esposa e tr\u00eas filhos.<\/p>\n<p>Segundo a assessoria da Prefeitura de Te\u00f3filo Otoni, Jos\u00e9 Roberto Corr\u00eaa trabalhou em regime de plant\u00e3o na noite desta segunda-feira e pela manh\u00e3 foi a um hospital particular pedir que fosse aferida sua press\u00e3o, que n\u00e3o apresentou altera\u00e7\u00f5es no momento. Apesar disso, o m\u00e9dico que o atendeu pediu outros exames e o vice-prefeito ficou em observa\u00e7\u00e3o, mas faleceu pouco depois.<\/p>\n<p>O corpo est\u00e3o sendo velado no cemit\u00e9rio Vale das Flores. Informa\u00e7\u00f5es sobre o enterro ainda n\u00e3o foram divulgadas.<\/p>\n<p><img decoding=\"async\" src=\"http:\/\/aconteceunovale.com.br\/portal\/wp-content\/uploads\/2017\/11\/vice_teo.jpg\" alt=\"\" \/><em>Jos\u00e9 Roberto morreu na manh\u00e3 desta ter\u00e7a (Foto: Prefeitura de Te\u00f3filo Otoni\/Divulga\u00e7\u00e3o)<\/em><br \/>\n<\/br><\/p>\n<p><strong>Ponto Facultativo<\/strong><\/p>\n<p>De acordo com decreto do prefeito Daniel Sucupira, tamb\u00e9m ficou estabelecido ponto facultativo nesta ter\u00e7a e quarta-feira em fun\u00e7\u00e3o do luto pela morte do vice-prefeito. Ficam exclu\u00eddos do ponto facultativo servi\u00e7os como limpeza p\u00fablica, cemit\u00e9rio, pronto-socorro, Hospital Municipal e aqueles colocados \u00e0 disposi\u00e7\u00e3o para guarda ou plant\u00e3o.<\/p>\n<p><strong>Nota de pesar da Prefeitura<\/strong><\/p>\n<p><em>&#8220;A Prefeitura de Te\u00f3filo Otoni comunica com pesar o falecimento do vice-prefeito do munic\u00edpio, Dr. Jos\u00e9 Roberto Corr\u00eaa, de 66 anos, ocorrido nesta ter\u00e7a-feira, 21\/11, ap\u00f3s sofrer um infarto.<\/p>\n<p>O prefeito Daniel Sucupira decretou luto (Decreto n\u00ba 7.740\/2017) de tr\u00eas dias e o fechamento dos estabelecimentos p\u00fablicos municipais por dois dias. As bandeiras permanecer\u00e3o a meio mastro em frente \u00e0 Prefeitura Municipal, nas Escolas e em pr\u00e9dios onde funcionam reparti\u00e7\u00f5es do munic\u00edpio a partir desta ter\u00e7a-feira, 21\/11\/2017.<\/p>\n<p>O Prefeito Daniel Sucupira e os servidores da Prefeitura de Te\u00f3filo Otoni prestam os sentimentos e solidariedade \u00e0 fam\u00edlia do Dr. Jos\u00e9 Roberto Corr\u00eaa, neste momento de dor e considera\u00e7\u00e3o.&#8221;<\/em><\/p>\n<p><strong>VER PRIMEIRO<\/strong><\/p>\n<p>Receba as not\u00edcias do Aconteceu no Vale em primeira m\u00e3o. Clique em curtir no endere\u00e7o <a href=\"https:\/\/www.facebook.com\/aconteceunovale\" target=\"_blank\"><font color=\"red\">www.facebook.com\/aconteceunovale<\/font><\/a> ou no box abaixo:<\/p>\n<div class=\"fb-like\" data-href=\"https:\/\/www.facebook.com\/aconteceunovale\" data-width=\"120\" data-layout=\"standard\" data-action=\"like\" data-size=\"small\" data-show-faces=\"true\" data-share=\"true\"><\/div>\n<p><\/br><\/p>\n<p><em>(Fonte: G1 Vales de Minas e Prefeitura de Te\u00f3filo Otoni)<\/em><\/p>\n","protected":false},"excerpt":{"rendered":"<p>A Prefeitura de Te\u00f3filo Otoni decretou luto oficial de tr\u00eas dias no munic\u00edpio devido ao falecimento do vice-prefeito, Jos\u00e9 Roberto Corr\u00eaa (PSDC). Ele sofreu um infarto fulminante na manh\u00e3 desta ter\u00e7a-feira (21\/11\/2017). Jos\u00e9 Roberto Corr\u00eaa tinha 66 anos, era m\u00e9dico e possu\u00eda cerca de 30 anos de vida p\u00fablica, tendo ocupado os cargos de Secret\u00e1rio [&hellip;]<\/p>\n","protected":false},"author":1,"featured_media":124193,"comment_status":"open","ping_status":"closed","sticky":false,"template":"","format":"standard","meta":{"amp_status":"","footnotes":""},"categories":[40240,122],"tags":[164239,1018,143174,164237,164238,52483,13968,164,164236,164240],"class_list":["post-124192","post","type-post","status-publish","format-standard","has-post-thumbnail","hentry","category-politica-2","category-mucuri","tag-causa-da-morte-do-vice-prefeito-de-teofilo-otoni","tag-destaque","tag-jose-roberto-correa","tag-morre-vice-prefeito-de-teofilo-otoni","tag-morte-do-vice-prefeito-de-teofilo-otoni","tag-prefeitura-de-teofilo-otoni","tag-psdc","tag-teofilo-otoni","tag-vice-prefeito-de-teofilo-otoni","tag-vice-prefeito-de-teofilo-otoni-morre-aos-66-anos"],"_links":{"self":[{"href":"https:\/\/aconteceunovale.com.br\/portal\/index.php?rest_route=\/wp\/v2\/posts\/124192","targetHints":{"allow":["GET"]}}],"collection":[{"href":"https:\/\/aconteceunovale.com.br\/portal\/index.php?rest_route=\/wp\/v2\/posts"}],"about":[{"href":"https:\/\/aconteceunovale.com.br\/portal\/index.php?rest_route=\/wp\/v2\/types\/post"}],"author":[{"embeddable":true,"href":"https:\/\/aconteceunovale.com.br\/portal\/index.php?rest_route=\/wp\/v2\/users\/1"}],"replies":[{"embeddable":true,"href":"https:\/\/aconteceunovale.com.br\/portal\/index.php?rest_route=%2Fwp%2Fv2%2Fcomments&post=124192"}],"version-history":[{"count":0,"href":"https:\/\/aconteceunovale.com.br\/portal\/index.php?rest_route=\/wp\/v2\/posts\/124192\/revisions"}],"wp:featuredmedia":[{"embeddable":true,"href":"https:\/\/aconteceunovale.com.br\/portal\/index.php?rest_route=\/wp\/v2\/media\/124193"}],"wp:attachment":[{"href":"https:\/\/aconteceunovale.com.br\/portal\/index.php?rest_route=%2Fwp%2Fv2%2Fmedia&parent=124192"}],"wp:term":[{"taxonomy":"category","embeddable":true,"href":"https:\/\/aconteceunovale.com.br\/portal\/index.php?rest_route=%2Fwp%2Fv2%2Fcategories&post=124192"},{"taxonomy":"post_tag","embeddable":true,"href":"https:\/\/aconteceunovale.com.br\/portal\/index.php?rest_route=%2Fwp%2Fv2%2Ftags&post=124192"}],"curies":[{"name":"wp","href":"https:\/\/api.w.org\/{rel}","templated":true}]}}