{"id":124139,"date":"2017-11-20T11:46:28","date_gmt":"2017-11-20T13:46:28","guid":{"rendered":"http:\/\/aconteceunovale.com.br\/portal\/?p=124139"},"modified":"2017-11-20T11:46:28","modified_gmt":"2017-11-20T13:46:28","slug":"exposicao-no-museu-regional-conta-a-historia-de-grao-mogol-atraves-da-arte","status":"publish","type":"post","link":"https:\/\/aconteceunovale.com.br\/portal\/?p=124139","title":{"rendered":"Exposi\u00e7\u00e3o no Museu Regional conta a hist\u00f3ria de Gr\u00e3o Mogol atrav\u00e9s da arte"},"content":{"rendered":"<p>Uma cidade com a hist\u00f3ria vinculada \u00e0 minera\u00e7\u00e3o de diamantes, com cen\u00e1rios pitorescos de casarios de pedras, rios, serras e com uma voca\u00e7\u00e3o para a arte e a cultura. Estes s\u00e3o os cart\u00f5es de visita para a exposi\u00e7\u00e3o \u201cGr\u00e3o Mogol \u2013 Cidade Hist\u00f3rica\u201d, que o Museu Regional do Norte de Minas apresentar\u00e1 ao p\u00fablico a partir desta quinta-feira (23\/11).<\/p>\n<p>O card\u00e1pio cultural \u00e9 vasto, com a exibi\u00e7\u00e3o de telas, artesanatos em pedras e talhados em madeira e apresenta\u00e7\u00f5es de dan\u00e7a e de seresta. A promo\u00e7\u00e3o conta com o apoio da Prefeitura de Gr\u00e3o Mogol. <\/p>\n<p>Artista pl\u00e1stico e promotor cultural, Rog\u00e9rio Figueiredo \u00e9 o organizador da mostra, que estar\u00e1 aberta ao p\u00fablico em geral at\u00e9 o dia 30 de novembro, com visita\u00e7\u00e3o gratuita. \u201cVamos apresentar a cidade de Gr\u00e3o Mogol a partir do olhar dos seus artistas e moradores\u201d, destaca. <\/p>\n<p>Cravada na por\u00e7\u00e3o Norte da Serra do Espinha\u00e7o, Gr\u00e3o Mogol surgiu no S\u00e9culo XVIII \u2013 por volta de 1780 \u2013, a partir da descoberta de diamantes. Foi uma das mais extensas intend\u00eancias de Minas Gerais. O fluxo de garimpeiros e tropeiros transformou o local como o mais populoso da regi\u00e3o Norte de Minas por v\u00e1rias d\u00e9cadas.<\/p>\n<p><img decoding=\"async\" src=\"http:\/\/aconteceunovale.com.br\/portal\/wp-content\/uploads\/2017\/11\/tela_grao_mogol.jpg\" alt=\"\" \/><em>Exposi\u00e7\u00e3o no Museu Regional conta a hist\u00f3ria de Gr\u00e3o Mogol (Divulga\u00e7\u00e3o\/Unimontes)<\/em><br \/>\n<\/br><\/p>\n<p><strong>A mostra<\/strong><\/p>\n<p>A Exposi\u00e7\u00e3o \u201cGr\u00e3o Mogol \u2013 Cidade Hist\u00f3rica\u201d reunir\u00e1 cerca de 30 telas de diversos estilos com reprodu\u00e7\u00f5es de paisagens, rios e do patrim\u00f4nio hist\u00f3rico da cidade, como casar\u00f5es e s\u00edmbolos religiosos, como a Igreja de Santo Ant\u00f4nio, toda feita de pedra.<\/p>\n<p>Tamb\u00e9m h\u00e1 um resgate da origem da cidade, com pinturas que remetem aos primeiros garimpos dali. Os trabalhos s\u00e3o assinados pelo pr\u00f3prio Rog\u00e9rio Figueiredo.<\/p>\n<p>Dentre os artesanatos, destaque para a precis\u00e3o de Edgar Pereira, artes\u00e3o da cidade que reproduz em miniaturas feitas de pedra os principais s\u00edmbolos arquitet\u00f4nicos da cidade. Haver\u00e1, ainda, exibi\u00e7\u00e3o de pe\u00e7as assinadas por Geraldo Fr\u00f3es, que utiliza pedras, sementes e galhos na confec\u00e7\u00e3o de animais da flora local.<\/p>\n<p>O p\u00fablico que for ao lan\u00e7amento oficial da exposi\u00e7\u00e3o, \u00e0s 19 horas de 23 de novembro, ter\u00e1 a oportunidade de conhecer outra tradi\u00e7\u00e3o marcante de Gr\u00e3o Mogol: a seresta.<\/p>\n<p>O Grupo Luar do Sert\u00e3o far\u00e1 uma apresenta\u00e7\u00e3o especial no Casar\u00e3o que abriga o Museu Regional do Norte de Minas. A Escola de Dan\u00e7a Realissa far\u00e1 uma apresenta\u00e7\u00e3o solo, estilo livre, inspirada no Discocactus horstii, uma esp\u00e9cie nativa de cactus s\u00f3 registrada na regi\u00e3o de Gr\u00e3o Mogol.<\/p>\n<p>Em 2016, o centro hist\u00f3rico de Gr\u00e3o Mogol foi tombado pelo Conselho Estadual do Patrim\u00f4nio Hist\u00f3rico do Estado de Minas Gerais (Conep). Al\u00e9m das constru\u00e7\u00f5es antigas, a cidade conta com o Pres\u00e9pio M\u00e3o de Deus, o maior a c\u00e9u aberto do mundo, praias naturais, trilhas hist\u00f3ricas, s\u00edtios arqueol\u00f3gicos e uma diversidade de esp\u00e9cies nativas, especialmente de orqu\u00eddeas, objeto de estudo de pesquisadores do mundo inteiro.<\/p>\n<p><strong>Servi\u00e7o<\/strong><\/p>\n<p>Exposi\u00e7\u00e3o Gr\u00e3o Mogol \u2013 Cidade Hist\u00f3rica<\/p>\n<p><strong>Local:<\/strong>\u00a0Museu Regional do Norte de Minas<\/p>\n<p><strong>Per\u00edodo:<\/strong>\u00a023 a 30 de novembro<\/p>\n<p><strong>Visita\u00e7\u00e3o gratuita<\/strong><\/p>\n<p><strong>Expositores<\/strong>: Rog\u00e9rio Figueiredo, Edgar Pereira e Geraldo Fr\u00f3es.<\/p>\n<p><strong>Informa\u00e7\u00f5es:<\/strong>\u00a0(38) 3229-8590<\/p>\n<p><strong>VER PRIMEIRO<\/strong><\/p>\n<p>Receba as not\u00edcias do Aconteceu no Vale em primeira m\u00e3o. Clique em curtir no endere\u00e7o <a href=\"https:\/\/www.facebook.com\/aconteceunovale\" target=\"_blank\"><font color=\"red\">www.facebook.com\/aconteceunovale<\/font><\/a> ou no box abaixo:<\/p>\n<div class=\"fb-like\" data-href=\"https:\/\/www.facebook.com\/aconteceunovale\" data-width=\"120\" data-layout=\"standard\" data-action=\"like\" data-size=\"small\" data-show-faces=\"true\" data-share=\"true\"><\/div>\n<p><\/br><\/p>\n<p><em>(Fonte: Ag\u00eancia Minas)<\/em><\/p>\n","protected":false},"excerpt":{"rendered":"<p>Uma cidade com a hist\u00f3ria vinculada \u00e0 minera\u00e7\u00e3o de diamantes, com cen\u00e1rios pitorescos de casarios de pedras, rios, serras e com uma voca\u00e7\u00e3o para a arte e a cultura. Estes s\u00e3o os cart\u00f5es de visita para a exposi\u00e7\u00e3o \u201cGr\u00e3o Mogol \u2013 Cidade Hist\u00f3rica\u201d, que o Museu Regional do Norte de Minas apresentar\u00e1 ao p\u00fablico a [&hellip;]<\/p>\n","protected":false},"author":1,"featured_media":124140,"comment_status":"open","ping_status":"closed","sticky":false,"template":"","format":"standard","meta":{"amp_status":"","footnotes":""},"categories":[125,1236],"tags":[1018,164163,164162,164161,1153,164165,164164,2768,45858,106018],"class_list":["post-124139","post","type-post","status-publish","format-standard","has-post-thumbnail","hentry","category-noticias","category-norte_de_minas","tag-destaque","tag-exposicao-no-museu-regional","tag-exposicao-no-museu-regional-conta-a-historia-de-grao-mogol","tag-exposicao-no-museu-regional-conta-a-historia-de-grao-mogol-atraves-da-arte","tag-grao-mogol","tag-grao-mogol-cidade-historica","tag-historia-de-grao-mogol","tag-museu-regional-do-norte-de-minas","tag-prefeitura-de-grao-mogol","tag-rogerio-figueiredo"],"_links":{"self":[{"href":"https:\/\/aconteceunovale.com.br\/portal\/index.php?rest_route=\/wp\/v2\/posts\/124139","targetHints":{"allow":["GET"]}}],"collection":[{"href":"https:\/\/aconteceunovale.com.br\/portal\/index.php?rest_route=\/wp\/v2\/posts"}],"about":[{"href":"https:\/\/aconteceunovale.com.br\/portal\/index.php?rest_route=\/wp\/v2\/types\/post"}],"author":[{"embeddable":true,"href":"https:\/\/aconteceunovale.com.br\/portal\/index.php?rest_route=\/wp\/v2\/users\/1"}],"replies":[{"embeddable":true,"href":"https:\/\/aconteceunovale.com.br\/portal\/index.php?rest_route=%2Fwp%2Fv2%2Fcomments&post=124139"}],"version-history":[{"count":0,"href":"https:\/\/aconteceunovale.com.br\/portal\/index.php?rest_route=\/wp\/v2\/posts\/124139\/revisions"}],"wp:featuredmedia":[{"embeddable":true,"href":"https:\/\/aconteceunovale.com.br\/portal\/index.php?rest_route=\/wp\/v2\/media\/124140"}],"wp:attachment":[{"href":"https:\/\/aconteceunovale.com.br\/portal\/index.php?rest_route=%2Fwp%2Fv2%2Fmedia&parent=124139"}],"wp:term":[{"taxonomy":"category","embeddable":true,"href":"https:\/\/aconteceunovale.com.br\/portal\/index.php?rest_route=%2Fwp%2Fv2%2Fcategories&post=124139"},{"taxonomy":"post_tag","embeddable":true,"href":"https:\/\/aconteceunovale.com.br\/portal\/index.php?rest_route=%2Fwp%2Fv2%2Ftags&post=124139"}],"curies":[{"name":"wp","href":"https:\/\/api.w.org\/{rel}","templated":true}]}}