{"id":124136,"date":"2017-11-20T11:41:08","date_gmt":"2017-11-20T13:41:08","guid":{"rendered":"http:\/\/aconteceunovale.com.br\/portal\/?p=124136"},"modified":"2017-11-20T11:41:08","modified_gmt":"2017-11-20T13:41:08","slug":"ciencia-em-movimento-chega-a-porteirinha-em-sua-centesima-viagem","status":"publish","type":"post","link":"https:\/\/aconteceunovale.com.br\/portal\/?p=124136","title":{"rendered":"Ci\u00eancia em Movimento chega a Porteirinha em sua cent\u00e9sima viagem"},"content":{"rendered":"<p>De 21 a 24 de novembro, o Programa Ci\u00eancia em Movimento estar\u00e1 em Porteirinha, munic\u00edpio do Territ\u00f3rio Norte do estado, que tem pouco mais de 38 mil habitantes. A exposi\u00e7\u00e3o poder\u00e1 ser visitada das 8h \u00e0s 17h, no Centro Cultural An\u00edsio Santos, Pra\u00e7a S\u00e3o Joaquim, no centro da cidade.<\/p>\n<p>Mas essa n\u00e3o \u00e9 apenas mais uma viagem, e sim a cent\u00e9sima viagem do Projeto \u2013 criado em 2012 com o objetivo de difundir o conhecimento cient\u00edfico e tecnol\u00f3gico, por meio de linguagem l\u00fadica e popular.<\/p>\n<p>Atualmente, mais de 150 mil pessoas j\u00e1 visitaram as exposi\u00e7\u00f5es do projeto. Para a coordenadora do programa na\u00a0Funda\u00e7\u00e3o Ezequiel Dias (Funed),\u00a0 Giselle Agostini Cotta, al\u00e9m dos olhares atentos em cada exposi\u00e7\u00e3o, \u00e9 gratificante observar a ansiedade das crian\u00e7as aguardando a abertura do evento, os rostos de pura felicidade quando se deparam com as pe\u00e7as do acervo, contanto a hist\u00f3ria dos pe\u00e7onhentos, dos mosquitos, das doen\u00e7as.<\/p>\n<p>\u201cS\u00e3o visitantes que retornam todos os dias, cada dia trazendo um familiar ou amigo diferente. Muitas vezes, eles mesmos se sentem monitores da exposi\u00e7\u00e3o, j\u00e1 que visitaram tantas vezes que j\u00e1 se consideram conhecedores do assunto\u201d, conta Giselle.<\/p>\n<p>A satisfa\u00e7\u00e3o por parte de quem recebe o programa em sua cidade tamb\u00e9m \u00e9 percebida pelos respons\u00e1veis pelo projeto. A equipe j\u00e1 recebeu centenas de cartas e e-mails de visitantes das diversas cidades pelas quais o programa j\u00e1 passou. Alunos de Caxambu, no Territ\u00f3rio Sul,\u00a0por exemplo,\u00a0agradeceram a visita do Programa por meio de cartas e desenhos com imagens que lembram os temas abordados nas exposi\u00e7\u00f5es.<\/p>\n<p>Para Lucil\u00eay Gon\u00e7alves Fernandes Guimar\u00e3es, que visitou a exposi\u00e7\u00e3o na cidade de Itamarandiba em 2014, munic\u00edpio localizado no Vale do Jequitinhonha, a iniciativa de p\u00f4r os p\u00e9s na estrada para levar conhecimento \u00e9 uma\u00a0atitude grandiosa.<\/p>\n<p>\u201cEm se tratando principalmente de animais nocivos, pe\u00e7onhentos, isso \u00e9 mais interessante ainda. Quanto maior for o volume de informa\u00e7\u00e3o, menos riscos correr\u00e3o nossas crian\u00e7as (em especial). O atendimento foi rico, agrad\u00e1vel, claro, perfeito. A exposi\u00e7\u00e3o foi um presente para todos n\u00f3s, educadores, crian\u00e7as e popula\u00e7\u00e3o em geral de Itamarandiba\u201d, relatou a visitante.<\/p>\n<p>Luiza Marilac, secret\u00e1ria de Sa\u00fade de Astolfo Dutra, no Territ\u00f3rio Mata, que recebeu o programa no in\u00edcio de 2017, tamb\u00e9m relatou a experi\u00eancia enriquecedora que a popula\u00e7\u00e3o do munic\u00edpio teve a partir da visita do Ci\u00eancia em Movimento.<\/p>\n<p>\u201cComo a exposi\u00e7\u00e3o ficou na quadra de uma escola, percebemos o grande envolvimento dos estudantes com as tem\u00e1ticas que envolvem os animais pe\u00e7onhentos e outros animais. Foi uma atividade que agu\u00e7ou a curiosidade e o interesse deles para temas relacionados \u00e0 sa\u00fade\u201d, afirma a secret\u00e1ria.<\/p>\n<p><img decoding=\"async\" src=\"http:\/\/aconteceunovale.com.br\/portal\/wp-content\/uploads\/2017\/11\/alunos_cienciaemmovimento.jpg\" alt=\"\" \/><em>Alunos do munic\u00edpio de Caxambu, no Territ\u00f3rio Sul, por exemplo, agradeceram a visita do programa por meio de cartas e desenhos (Foto: Divulga\u00e7\u00e3o\/Funed)<\/em><br \/>\n<\/br><\/p>\n<p><strong>Divulga\u00e7\u00e3o Cient\u00edfica<\/strong><\/p>\n<p>As atividades de divulga\u00e7\u00e3o cient\u00edfica da Funda\u00e7\u00e3o come\u00e7aram em 2003, com o projeto Difus\u00e3o do conhecimento sobre animais pe\u00e7onhentos, fomentado pelo CNPq. Por meio dele foi produzida a primeira edi\u00e7\u00e3o da Cartilha Animais Pe\u00e7onhentos, al\u00e9m da distribui\u00e7\u00e3o de CD`s, com o mesmo conte\u00fado da cartilha para estudantes e escolas.<\/p>\n<p>Giselle Cotta conta que, ao longo do tempo, e com o apoio da\u00a0Funda\u00e7\u00e3o de Amparo \u00e0 Pesquisa do Estado de Minas Gerais (Fapemig), foram desenvolvidos e comprados materiais expositivos, abordando as serpentes, aranhas, escorpi\u00f5es e abelhas, sua morfologia, hist\u00f3ria natural, venenos e subprodutos.\u00a0\u00a0Posteriormente, foram inclu\u00eddos os temas leishmaniose e dengue, doen\u00e7as que vem ocorrendo no Estado de Minas Gerais com alta frequ\u00eancia.<\/p>\n<p>\u201cNossas exposi\u00e7\u00f5es s\u00e3o realizadas em pra\u00e7as p\u00fablicas ou quadras esportivas de escolas. O ba\u00fa do caminh\u00e3o funciona como uma pequena sala de aula, onde s\u00e3o exibidos v\u00eddeos relacionados \u00e0 institui\u00e7\u00e3o e aos animais pe\u00e7onhentos. Nas pra\u00e7as ou quadras de esporte \u00e9 organizada a exposi\u00e7\u00e3o dos diferentes temas. Essa estrutura expositiva tem visitado os munic\u00edpios mineiros, levando o conhecimento para todo o p\u00fablico visitante desde 2012\u201d, detalha a pesquisadora.<\/p>\n<p>Em 2015, um caminh\u00e3o da frota da Funed, com recursos da Fapemig e do Cosems-MG, foi customizado para atender ao Programa Ci\u00eancia em Movimento. Seu acervo \u00e9 composto por r\u00e9plicas, dioramas, jogos de tabuleiro e aplicativos. Tamb\u00e9m s\u00e3o oferecidas palestras e treinamentos sobre os assuntos abordados pelo programa. Na oportunidade, s\u00e3o capacitados professores, agentes de sa\u00fade e agentes de zoonoses.<\/p>\n<p>Giselle destaca a import\u00e2ncia dessas a\u00e7\u00f5es j\u00e1 que a Funed \u00e9 uma geradora de conhecimento com atua\u00e7\u00e3o em v\u00e1rios segmentos: ind\u00fastria, sa\u00fade p\u00fablica, pesquisa e capacita\u00e7\u00e3o de recursos humanos. Grande parte do conhecimento gerado na funda\u00e7\u00e3o ainda permanece restrito ao ambiente acad\u00eamico e \u00e0s publica\u00e7\u00f5es cient\u00edficas. Parte dele tamb\u00e9m \u00e9 disseminada por meio dos treinamentos e capacita\u00e7\u00f5es realizados na Funed. Outra estrat\u00e9gia utilizada pela institui\u00e7\u00e3o \u00e9 o uso dos diversos meios de comunica\u00e7\u00e3o: jornais, TV e redes sociais.<\/p>\n<p>\u201cO Ci\u00eancia em Movimento \u00e9 a imagem da Funed na rua, para os grandes p\u00fablicos, com uma abordagem simples para assuntos muitas vezes complexos para o p\u00fablico em geral. Visitar as exposi\u00e7\u00f5es do Programa \u00e9 conhecer um pedacinho da nossa centen\u00e1ria Funed, \u00e9 participar da sua hist\u00f3ria\u201d, afirma Giselle Cotta. Para a institui\u00e7\u00e3o, \u00e9 uma oportunidade valiosa de retornar para o povo parte dos investimentos p\u00fablicos aplicados aqui no sentido de garantir o atendimento \u00e0s demandas da sociedade.<\/p>\n<p>O Programa Ci\u00eancia em Movimento \u00e9 pioneiro no estado de Minas Gerais e o \u00fanico que leva aos cidad\u00e3os mineiros informa\u00e7\u00f5es fundamentais para o controle dos acidentes por animais pe\u00e7onhentos, agravo identificado pela Organiza\u00e7\u00e3o Mundial de Sa\u00fade (OMS) como doen\u00e7a negligenciada. Dessa forma, a Funed se aproxima do cidad\u00e3o e contribui para a melhoria da qualidade de vida da popula\u00e7\u00e3o.<\/p>\n<p>A agenda para as viagens de 2018 j\u00e1 est\u00e1 sendo fechada. A princ\u00edpio, ser\u00e3o realizadas 20 viagens ao longo do ano. A amplia\u00e7\u00e3o dos materiais expositivos est\u00e1 sendo avaliada, bem como o desenvolvimento de atividades l\u00fadicas e a inclus\u00e3o de novos temas. Al\u00e9m disso, est\u00e3o sendo estudadas parcerias para a produ\u00e7\u00e3o e desenvolvimento de novos elementos para composi\u00e7\u00e3o do acervo.<\/p>\n<p><strong>Confira a programa\u00e7\u00e3o da Exposi\u00e7\u00e3o em Porteirinha\/MG<\/strong><\/p>\n<p><span style=\"text-decoration: underline;\">21 de novembro de 2017 (ter\u00e7a-feira)<\/span><\/p>\n<p>8h \u2013 12h: Palestra Animais Pe\u00e7onhentos do Brasil<br \/>\n8h \u2013 12h:\u00a0Montagem\/ palestras Montagem da exposi\u00e7\u00e3o<br \/>\n12h \u2013 13h: Intervalo para almo\u00e7o<br \/>\n14h \u2013 17h: Palestra Leishmaniose Visceral<br \/>\n13h \u2013 17h:\u00a0Exposi\u00e7\u00e3o\u00a0Serpentes, Aracn\u00eddeos, Abelhas, Dengue, Leishmaniose, Oficina de serpentes\/dengue e Jogos<\/p>\n<p><span style=\"text-decoration: underline;\">22 de novembro de 2017 (quarta-feira)<\/span><\/p>\n<p>8h \u2013 12h: Exposi\u00e7\u00e3o\/Palestra Serpentes, Aracn\u00eddeos, Abelhas, Dengue, Leishmaniose, Oficina de serpentes\/dengue e Jogos<br \/>\n12h \u2013 13h: Intervalo para almo\u00e7o<br \/>\n14h \u2013 17h: Palestra Leishmaniose Visceral Humana<br \/>\n13h \u2013 17h: Serpentes, Aracn\u00eddeos, Abelhas, Dengue, Leishmaniose, Oficina de serpentes\/dengue e Jogos<\/p>\n<p><span style=\"text-decoration: underline;\">23 de novembro de 2017 (quinta-feira)<\/span><\/p>\n<p>8h \u2013 12h: Exposi\u00e7\u00e3o Serpentes, Aracn\u00eddeos, Abelhas, Dengue, Leishmaniose, Oficina de serpentes\/dengue e Jogos<br \/>\n12h \u2013 13h: Intervalo para almo\u00e7o<br \/>\n13h \u2013 17h: Serpentes, Aracn\u00eddeos, Abelhas, Dengue, Leishmaniose, Oficina de serpentes\/dengue e Jogos<\/p>\n<p><span style=\"text-decoration: underline;\">24 de novembro de 2017 (sexta-feira)<\/span><br \/>\n8h \u2013 12h: Exposi\u00e7\u00e3oSerpentes, Aracn\u00eddeos, Abelhas, Dengue, Leishmaniose, Oficina de serpentes\/dengue e Jogos<br \/>\n12h \u2013 13h: Almo\u00e7o &#8211; Intervalo para almo\u00e7o<br \/>\n13h \u2013 17h: Desmontagem da exposi\u00e7\u00e3o<\/p>\n<p><strong>Programa\u00e7\u00e3o de palestras<\/strong><\/p>\n<p><span style=\"text-decoration: underline;\">21 de novembro de 2017 (ter\u00e7a-feira)<\/span><\/p>\n<p>8h \u2013 11h: Palestra sobre Animais Pe\u00e7onhentos do Brasil &#8211; Ms. Giselle Agostini Cotta<br \/>\n14h \u2013 17h: Leishmaniose visceral para agentes de endemias e zoonoses \u2013 Bartolomeu Lopes e Ms. Maria Regina Lages Guerra<\/p>\n<p><span style=\"text-decoration: underline;\">22 de novembro de 2017 (quarta-feira)<\/span><br \/>\n14h \u2013 17h: Palestra Leishmaniose visceral humana para profissionais da aten\u00e7\u00e3o b\u00e1sica em sa\u00fade &#8211; Bartolomeu Lopes e Ms. Maria Regina Lages Guerra<\/p>\n<p><strong>VER PRIMEIRO<\/strong><\/p>\n<p>Receba as not\u00edcias do Aconteceu no Vale em primeira m\u00e3o. Clique em curtir no endere\u00e7o <a href=\"https:\/\/www.facebook.com\/aconteceunovale\" target=\"_blank\"><font color=\"red\">www.facebook.com\/aconteceunovale<\/font><\/a> ou no box abaixo:<\/p>\n<div class=\"fb-like\" data-href=\"https:\/\/www.facebook.com\/aconteceunovale\" data-width=\"120\" data-layout=\"standard\" data-action=\"like\" data-size=\"small\" data-show-faces=\"true\" data-share=\"true\"><\/div>\n<p><\/br><\/p>\n<p><em>(Fonte: Ag\u00eancia Minas)<\/em><\/p>\n","protected":false},"excerpt":{"rendered":"<p>De 21 a 24 de novembro, o Programa Ci\u00eancia em Movimento estar\u00e1 em Porteirinha, munic\u00edpio do Territ\u00f3rio Norte do estado, que tem pouco mais de 38 mil habitantes. A exposi\u00e7\u00e3o poder\u00e1 ser visitada das 8h \u00e0s 17h, no Centro Cultural An\u00edsio Santos, Pra\u00e7a S\u00e3o Joaquim, no centro da cidade. Mas essa n\u00e3o \u00e9 apenas mais [&hellip;]<\/p>\n","protected":false},"author":1,"featured_media":124137,"comment_status":"open","ping_status":"closed","sticky":false,"template":"","format":"standard","meta":{"amp_status":"","footnotes":""},"categories":[125,1236],"tags":[1600,196,164153,164160,164159,108596,29801,2559,38748,164154,164158,149,164155,164156,1194,19284,164152,164151,164157],"class_list":["post-124136","post","type-post","status-publish","format-standard","has-post-thumbnail","hentry","category-noticias","category-norte_de_minas","tag-astolfo-dutra","tag-caxambu","tag-centro-cultural-anisio-santos","tag-ciencia-em-movimento-chega-a-porteirinha-em-sua-centesima-viagem","tag-ciencia-em-movimento-e-a-imagem-da-funed-na-rua","tag-cosems-mg","tag-fapemig","tag-fundacao-ezequiel-dias","tag-funed","tag-giselle-agostini-cotta","tag-giselle-cotta","tag-itamarandiba","tag-luciley-goncalves-fernandes-guimaraes","tag-luiza-marilac","tag-porteirinha","tag-programa-ciencia-em-movimento","tag-programa-ciencia-em-movimento-em-porteirinha","tag-programa-ciencia-em-movimento-estara-em-porteirinha","tag-secretaria-de-saude-de-astolfo-dutra"],"_links":{"self":[{"href":"https:\/\/aconteceunovale.com.br\/portal\/index.php?rest_route=\/wp\/v2\/posts\/124136","targetHints":{"allow":["GET"]}}],"collection":[{"href":"https:\/\/aconteceunovale.com.br\/portal\/index.php?rest_route=\/wp\/v2\/posts"}],"about":[{"href":"https:\/\/aconteceunovale.com.br\/portal\/index.php?rest_route=\/wp\/v2\/types\/post"}],"author":[{"embeddable":true,"href":"https:\/\/aconteceunovale.com.br\/portal\/index.php?rest_route=\/wp\/v2\/users\/1"}],"replies":[{"embeddable":true,"href":"https:\/\/aconteceunovale.com.br\/portal\/index.php?rest_route=%2Fwp%2Fv2%2Fcomments&post=124136"}],"version-history":[{"count":0,"href":"https:\/\/aconteceunovale.com.br\/portal\/index.php?rest_route=\/wp\/v2\/posts\/124136\/revisions"}],"wp:featuredmedia":[{"embeddable":true,"href":"https:\/\/aconteceunovale.com.br\/portal\/index.php?rest_route=\/wp\/v2\/media\/124137"}],"wp:attachment":[{"href":"https:\/\/aconteceunovale.com.br\/portal\/index.php?rest_route=%2Fwp%2Fv2%2Fmedia&parent=124136"}],"wp:term":[{"taxonomy":"category","embeddable":true,"href":"https:\/\/aconteceunovale.com.br\/portal\/index.php?rest_route=%2Fwp%2Fv2%2Fcategories&post=124136"},{"taxonomy":"post_tag","embeddable":true,"href":"https:\/\/aconteceunovale.com.br\/portal\/index.php?rest_route=%2Fwp%2Fv2%2Ftags&post=124136"}],"curies":[{"name":"wp","href":"https:\/\/api.w.org\/{rel}","templated":true}]}}