{"id":124130,"date":"2017-11-19T23:25:43","date_gmt":"2017-11-20T01:25:43","guid":{"rendered":"http:\/\/aconteceunovale.com.br\/portal\/?p=124130"},"modified":"2017-11-19T23:30:58","modified_gmt":"2017-11-20T01:30:58","slug":"tres-pessoas-morrem-em-acidente-na-br-381-em-naque","status":"publish","type":"post","link":"https:\/\/aconteceunovale.com.br\/portal\/?p=124130","title":{"rendered":"Tr\u00eas pessoas morrem em acidente na BR-381, em Naque"},"content":{"rendered":"<p>Tr\u00eas pessoas morreram e uma ficou gravemente ferida em um grave acidente na altura do km 212 da BR-381, no munic\u00edpio de Naque, no Vale do Rio Doce. A Pol\u00edcia Rodovi\u00e1ria Federal (PRF) n\u00e3o deu informa\u00e7\u00f5es sobre as circunst\u00e2ncias da ocorr\u00eancia. Por\u00e9m, testemunhas contaram que o ve\u00edculo VW Polo bateu de frente com um caminh\u00e3o carregado com betoneiras, num trecho de curvas.<\/p>\n<p>Os corpos de Matheus Henrique In\u00e1cio Pereira, de 20 anos, e de Neusa de Oliveira, de 54, foram lan\u00e7ados para fora do carro, levando a crer que n\u00e3o usavam o cinto de seguran\u00e7a. J\u00e1 as crian\u00e7as, com idade de 2 e 3 anos, foram retiradas das ferragens. Uma foi socorrida por policiais militares e outra por um motorista que passava pelo local.<\/p>\n<p>Os dois irm\u00e3os foram levados para o Centro de Sa\u00fade de Naque, de onde seguiram em ambul\u00e2ncia para o Hospital M\u00e1rcio Cunha, em Ipatinga. Eles estavam bastante feridos e em estado de choque. A crian\u00e7a mais nova n\u00e3o resistiu aos ferimentos e morreu pouco depois de dar entrada no hospital.<\/p>\n<p>J\u00e1 o motorista do caminh\u00e3o escapou ileso. O tr\u00e2nsito no local n\u00e3o chegou a ser totalmente fechado, mas ficou lento, com longas filas de engarrafamento nos dois sentidos. O local da batida \u00e9 conhecido pelo alto \u00edndice de acidentes graves.<\/p>\n<p><img decoding=\"async\" src=\"http:\/\/aconteceunovale.com.br\/portal\/wp-content\/uploads\/2017\/11\/acidente_naque_1.jpg\" alt=\"\" \/><em>Carro bateu de frente com caminh\u00e3o na BR-381 (Foto: Reprodu\u00e7\u00e3o\/WhatsApp)<\/em><br \/>\n<\/br><\/p>\n<p><img decoding=\"async\" src=\"http:\/\/aconteceunovale.com.br\/portal\/wp-content\/uploads\/2017\/11\/acidente_naque_2.jpg\" alt=\"\" \/><em>Carro bateu de frente com caminh\u00e3o na BR-381 (Foto: Reprodu\u00e7\u00e3o\/WhatsApp)<\/em><br \/>\n<\/br><\/p>\n<p><strong>VER PRIMEIRO<\/strong><\/p>\n<p>Receba as not\u00edcias do Aconteceu no Vale em primeira m\u00e3o. Clique em curtir no endere\u00e7o <a href=\"https:\/\/www.facebook.com\/aconteceunovale\" target=\"_blank\"><font color=\"red\">www.facebook.com\/aconteceunovale<\/font><\/a> ou no box abaixo:<\/p>\n<div class=\"fb-like\" data-href=\"https:\/\/www.facebook.com\/aconteceunovale\" data-width=\"120\" data-layout=\"standard\" data-action=\"like\" data-size=\"small\" data-show-faces=\"true\" data-share=\"true\"><\/div>\n<p><\/br><\/p>\n<p><em>(Com informa\u00e7\u00f5es do Estado de Minas)<\/em><\/p>\n","protected":false},"excerpt":{"rendered":"<p>Tr\u00eas pessoas morreram e uma ficou gravemente ferida em um grave acidente na altura do km 212 da BR-381, no munic\u00edpio de Naque, no Vale do Rio Doce. A Pol\u00edcia Rodovi\u00e1ria Federal (PRF) n\u00e3o deu informa\u00e7\u00f5es sobre as circunst\u00e2ncias da ocorr\u00eancia. Por\u00e9m, testemunhas contaram que o ve\u00edculo VW Polo bateu de frente com um caminh\u00e3o [&hellip;]<\/p>\n","protected":false},"author":1,"featured_media":124131,"comment_status":"open","ping_status":"closed","sticky":false,"template":"","format":"standard","meta":{"amp_status":"","footnotes":""},"categories":[121],"tags":[164143,164144,131824,148309,8237,131825,164146,161894,1397,164145,1018,164149,201,164147,1724,164148,164150],"class_list":["post-124130","post","type-post","status-publish","format-standard","has-post-thumbnail","hentry","category-leste","tag-acidente-com-casal-em-naque","tag-acidente-com-mortes-em-naque","tag-acidente-em-naque","tag-acidente-entre-carro-e-caminhao-na-br-381","tag-acidente-na-br-381","tag-acidente-na-br-381-em-naque","tag-acidente-na-br-381-entre-carro-e-caminhao","tag-acidente-perto-de-naque","tag-br-381","tag-carro-bateu-de-frente-com-caminhao-na-br-381","tag-destaque","tag-em-naque","tag-ipatinga","tag-matheus-henrique-inacio-pereira","tag-naque","tag-tres-pessoas-morrem-em-acidente-na-br-381","tag-tres-pessoas-morrem-em-acidente-na-br-381-em-naque"],"_links":{"self":[{"href":"https:\/\/aconteceunovale.com.br\/portal\/index.php?rest_route=\/wp\/v2\/posts\/124130","targetHints":{"allow":["GET"]}}],"collection":[{"href":"https:\/\/aconteceunovale.com.br\/portal\/index.php?rest_route=\/wp\/v2\/posts"}],"about":[{"href":"https:\/\/aconteceunovale.com.br\/portal\/index.php?rest_route=\/wp\/v2\/types\/post"}],"author":[{"embeddable":true,"href":"https:\/\/aconteceunovale.com.br\/portal\/index.php?rest_route=\/wp\/v2\/users\/1"}],"replies":[{"embeddable":true,"href":"https:\/\/aconteceunovale.com.br\/portal\/index.php?rest_route=%2Fwp%2Fv2%2Fcomments&post=124130"}],"version-history":[{"count":0,"href":"https:\/\/aconteceunovale.com.br\/portal\/index.php?rest_route=\/wp\/v2\/posts\/124130\/revisions"}],"wp:featuredmedia":[{"embeddable":true,"href":"https:\/\/aconteceunovale.com.br\/portal\/index.php?rest_route=\/wp\/v2\/media\/124131"}],"wp:attachment":[{"href":"https:\/\/aconteceunovale.com.br\/portal\/index.php?rest_route=%2Fwp%2Fv2%2Fmedia&parent=124130"}],"wp:term":[{"taxonomy":"category","embeddable":true,"href":"https:\/\/aconteceunovale.com.br\/portal\/index.php?rest_route=%2Fwp%2Fv2%2Fcategories&post=124130"},{"taxonomy":"post_tag","embeddable":true,"href":"https:\/\/aconteceunovale.com.br\/portal\/index.php?rest_route=%2Fwp%2Fv2%2Ftags&post=124130"}],"curies":[{"name":"wp","href":"https:\/\/api.w.org\/{rel}","templated":true}]}}