{"id":124121,"date":"2017-11-19T20:46:18","date_gmt":"2017-11-19T22:46:18","guid":{"rendered":"http:\/\/aconteceunovale.com.br\/portal\/?p=124121"},"modified":"2026-09-02T17:07:15","modified_gmt":"2026-09-02T20:07:15","slug":"bim-e-eleito-prefeito-de-jordania-no-vale-do-jequitinhonha","status":"publish","type":"post","link":"https:\/\/aconteceunovale.com.br\/portal\/?p=124121","title":{"rendered":"Bim \u00e9 eleito prefeito de Jord\u00e2nia, no Vale do Jequitinhonha"},"content":{"rendered":"<p>Marques-uel Meira de Oliveira, o Bim (PMDB), de 39 anos, est\u00e1 eleito prefeito de Jord\u00e2nia (MG). Com 100% das se\u00e7\u00f5es apuradas, o candidato recebeu 2.972 (52,96%) dos votos v\u00e1lidos e venceu o produtor agropecu\u00e1rio Ed\u00e9sio Sarmento Silva (PDT), que obteve 2.640 (47,04%). <\/p>\n<p>Bim disputou a elei\u00e7\u00e3o suplementar de Jord\u00e2nia, neste domingo (19\/11\/2017), pela coliga\u00e7\u00e3o &#8220;Jord\u00e2nia Cada Vez Melhor&#8221;, formada pelos partidos do Movimento Democr\u00e1tico Brasileiro (PMDB) e da Social Democracia Brasileira (PSDB). O vice da chapa \u00e9 o comerciante Elp\u00eddio Alves de Alc\u00e2ntara (PMDB), de 54 anos.<\/p>\n<p>De acordo com informa\u00e7\u00f5es divulgadas pelo Tribunal Superior Eleitoral (TSE), Jord\u00e2nia possui 7.938 eleitores. Destes, 2.076(26,15%) n\u00e3o compareceram para votar neste domingo. 63 (1,07%) votaram em branco e outros 187 (3,19%) anularam o voto.<\/p>\n<p><img decoding=\"async\" src=\"http:\/\/aconteceunovale.com.br\/portal\/wp-content\/uploads\/2017\/11\/prefeito_jordania_1.jpg\" alt=\"\" \/><em>Bim e Elp\u00eddio formam a chapa vencedora em Jord\u00e2nia (Fotos: Divulga\u00e7\u00e3o\/TSE)<\/em><br \/>\n<\/br><\/p>\n<p><strong>VER PRIMEIRO<\/strong><\/p>\n<p><strong>Receba as not\u00edcias do Aconteceu no Vale em primeira m\u00e3o. Clique em curtir no endere\u00e7o <a href=\"https:\/\/www.facebook.com\/aconteceunovale\" target=\"_blank\"><font color=\"red\">www.facebook.com\/aconteceunovale<\/font><\/a> ou no box abaixo:<\/strong><\/p>\n<div class=\"fb-like\" data-href=\"https:\/\/www.facebook.com\/aconteceunovale\" data-width=\"120\" data-layout=\"standard\" data-action=\"like\" data-size=\"small\" data-show-faces=\"true\" data-share=\"true\"><\/div>\n<p><\/br><\/p>\n<p><em>(Reda\u00e7\u00e3o do Aconteceu no Vale)<\/em><\/p>\n","protected":false},"excerpt":{"rendered":"<p>Marques-uel Meira de Oliveira, o Bim (PMDB), de 39 anos, est\u00e1 eleito prefeito de Jord\u00e2nia (MG). Com 100% das se\u00e7\u00f5es apuradas, o candidato recebeu 2.972 (52,96%) dos votos v\u00e1lidos e venceu o produtor agropecu\u00e1rio Ed\u00e9sio Sarmento Silva (PDT), que obteve 2.640 (47,04%). Bim disputou a elei\u00e7\u00e3o suplementar de Jord\u00e2nia, neste domingo (19\/11\/2017), pela coliga\u00e7\u00e3o &#8220;Jord\u00e2nia [&hellip;]<\/p>\n","protected":false},"author":1,"featured_media":124122,"comment_status":"open","ping_status":"closed","sticky":false,"template":"","format":"standard","meta":{"amp_status":"","footnotes":""},"categories":[79927,272556,40240,120],"tags":[164127,164132,164129,161191,164130,475,164131,541,161194,164128,118139],"class_list":["post-124121","post","type-post","status-publish","format-standard","has-post-thumbnail","hentry","category-eleicoes-2016-2","category-jordania","category-politica","category-jequi","tag-bim-e-eleito-prefeito-de-jordania","tag-edesio-sarmento-silva","tag-eleicao-em-jordania","tag-eleicao-suplementar-em-jordania","tag-eleito-em-jordania","tag-jordania","tag-marques-uel-meira-de-oliveira","tag-no-vale-do-jequitinhonha","tag-nova-eleicao-em-jordania","tag-novo-prefeito-em-jordania","tag-prefeito-eleito-em-jordania"],"yoast_head":"<!-- This site is optimized with the Yoast SEO plugin v28.3 - https:\/\/yoast.com\/product\/yoast-seo-wordpress\/ -->\n<title>Bim \u00e9 eleito prefeito de Jord\u00e2nia, no Vale do Jequitinhonha - Aconteceu no Vale<\/title>\n<meta name=\"robots\" content=\"index, follow, max-snippet:-1, max-image-preview:large, max-video-preview:-1\" \/>\n<link rel=\"canonical\" href=\"https:\/\/aconteceunovale.com.br\/portal\/?p=124121\" \/>\n<meta property=\"og:locale\" content=\"pt_BR\" \/>\n<meta property=\"og:type\" content=\"article\" \/>\n<meta property=\"og:title\" content=\"Bim \u00e9 eleito prefeito de Jord\u00e2nia, no Vale do Jequitinhonha - Aconteceu no Vale\" \/>\n<meta property=\"og:description\" content=\"Marques-uel Meira de Oliveira, o Bim (PMDB), de 39 anos, est\u00e1 eleito prefeito de Jord\u00e2nia (MG). Com 100% das se\u00e7\u00f5es apuradas, o candidato recebeu 2.972 (52,96%) dos votos v\u00e1lidos e venceu o produtor agropecu\u00e1rio Ed\u00e9sio Sarmento Silva (PDT), que obteve 2.640 (47,04%). Bim disputou a elei\u00e7\u00e3o suplementar de Jord\u00e2nia, neste domingo (19\/11\/2017), pela coliga\u00e7\u00e3o &#8220;Jord\u00e2nia [&hellip;]\" \/>\n<meta property=\"og:url\" content=\"https:\/\/aconteceunovale.com.br\/portal\/?p=124121\" \/>\n<meta property=\"og:site_name\" content=\"Aconteceu no Vale\" \/>\n<meta property=\"article:publisher\" content=\"https:\/\/www.facebook.com\/aconteceunovale\/\" \/>\n<meta property=\"article:published_time\" content=\"2017-11-19T22:46:18+00:00\" \/>\n<meta property=\"article:modified_time\" content=\"2026-09-02T20:07:15+00:00\" \/>\n<meta property=\"og:image\" content=\"https:\/\/aconteceunovale.com.br\/portal\/wp-content\/uploads\/2017\/11\/prefeito_jordania_1.jpg\" \/>\n\t<meta property=\"og:image:width\" content=\"678\" \/>\n\t<meta property=\"og:image:height\" content=\"429\" \/>\n\t<meta property=\"og:image:type\" content=\"image\/jpeg\" \/>\n<meta name=\"author\" content=\"Aconteceu no Vale\" \/>\n<meta name=\"twitter:card\" content=\"summary_large_image\" \/>\n<meta name=\"twitter:creator\" content=\"@noticiadosvales\" \/>\n<meta name=\"twitter:site\" content=\"@noticiadosvales\" \/>\n<meta name=\"twitter:label1\" content=\"Escrito por\" \/>\n\t<meta name=\"twitter:data1\" content=\"Aconteceu no Vale\" \/>\n\t<meta name=\"twitter:label2\" content=\"Est. tempo de leitura\" \/>\n\t<meta name=\"twitter:data2\" content=\"1 minuto\" \/>\n<script type=\"application\/ld+json\" class=\"yoast-schema-graph\">{\"@context\":\"https:\\\/\\\/schema.org\",\"@graph\":[{\"@type\":\"Article\",\"@id\":\"https:\\\/\\\/aconteceunovale.com.br\\\/portal\\\/?p=124121#article\",\"isPartOf\":{\"@id\":\"https:\\\/\\\/aconteceunovale.com.br\\\/portal\\\/?p=124121\"},\"author\":{\"name\":\"Aconteceu no Vale\",\"@id\":\"https:\\\/\\\/aconteceunovale.com.br\\\/portal\\\/#\\\/schema\\\/person\\\/633529146f2c94272bef50ac2953d589\"},\"headline\":\"Bim \u00e9 eleito prefeito de Jord\u00e2nia, no Vale do Jequitinhonha\",\"datePublished\":\"2017-11-19T22:46:18+00:00\",\"dateModified\":\"2026-09-02T20:07:15+00:00\",\"mainEntityOfPage\":{\"@id\":\"https:\\\/\\\/aconteceunovale.com.br\\\/portal\\\/?p=124121\"},\"wordCount\":180,\"commentCount\":1,\"image\":{\"@id\":\"https:\\\/\\\/aconteceunovale.com.br\\\/portal\\\/?p=124121#primaryimage\"},\"thumbnailUrl\":\"https:\\\/\\\/aconteceunovale.com.br\\\/portal\\\/wp-content\\\/uploads\\\/2017\\\/11\\\/prefeito_jordania_1.jpg\",\"keywords\":[\"Bim \u00e9 eleito prefeito de Jord\u00e2nia\",\"Ed\u00e9sio Sarmento Silva\",\"Elei\u00e7\u00e3o em Jord\u00e2nia\",\"Elei\u00e7\u00e3o suplementar em Jord\u00e2nia\",\"Eleito em Jord\u00e2nia\",\"Jord\u00e2nia\",\"Marques-uel Meira de Oliveira\",\"no Vale do Jequitinhonha\",\"Nova Elei\u00e7\u00e3o em Jord\u00e2nia\",\"Novo prefeito em Jord\u00e2nia\",\"Prefeito eleito em Jord\u00e2nia\"],\"articleSection\":[\"Elei\u00e7\u00f5es 2016\",\"Jord\u00e2nia\",\"Pol\u00edtica\",\"Vale do Jequitinhonha\"],\"inLanguage\":\"pt-BR\",\"potentialAction\":[{\"@type\":\"CommentAction\",\"name\":\"Comment\",\"target\":[\"https:\\\/\\\/aconteceunovale.com.br\\\/portal\\\/?p=124121#respond\"]}]},{\"@type\":\"WebPage\",\"@id\":\"https:\\\/\\\/aconteceunovale.com.br\\\/portal\\\/?p=124121\",\"url\":\"https:\\\/\\\/aconteceunovale.com.br\\\/portal\\\/?p=124121\",\"name\":\"Bim \u00e9 eleito prefeito de Jord\u00e2nia, no Vale do Jequitinhonha - Aconteceu no Vale\",\"isPartOf\":{\"@id\":\"https:\\\/\\\/aconteceunovale.com.br\\\/portal\\\/#website\"},\"primaryImageOfPage\":{\"@id\":\"https:\\\/\\\/aconteceunovale.com.br\\\/portal\\\/?p=124121#primaryimage\"},\"image\":{\"@id\":\"https:\\\/\\\/aconteceunovale.com.br\\\/portal\\\/?p=124121#primaryimage\"},\"thumbnailUrl\":\"https:\\\/\\\/aconteceunovale.com.br\\\/portal\\\/wp-content\\\/uploads\\\/2017\\\/11\\\/prefeito_jordania_1.jpg\",\"datePublished\":\"2017-11-19T22:46:18+00:00\",\"dateModified\":\"2026-09-02T20:07:15+00:00\",\"author\":{\"@id\":\"https:\\\/\\\/aconteceunovale.com.br\\\/portal\\\/#\\\/schema\\\/person\\\/633529146f2c94272bef50ac2953d589\"},\"breadcrumb\":{\"@id\":\"https:\\\/\\\/aconteceunovale.com.br\\\/portal\\\/?p=124121#breadcrumb\"},\"inLanguage\":\"pt-BR\",\"potentialAction\":[{\"@type\":\"ReadAction\",\"target\":[\"https:\\\/\\\/aconteceunovale.com.br\\\/portal\\\/?p=124121\"]}]},{\"@type\":\"ImageObject\",\"inLanguage\":\"pt-BR\",\"@id\":\"https:\\\/\\\/aconteceunovale.com.br\\\/portal\\\/?p=124121#primaryimage\",\"url\":\"https:\\\/\\\/aconteceunovale.com.br\\\/portal\\\/wp-content\\\/uploads\\\/2017\\\/11\\\/prefeito_jordania_1.jpg\",\"contentUrl\":\"https:\\\/\\\/aconteceunovale.com.br\\\/portal\\\/wp-content\\\/uploads\\\/2017\\\/11\\\/prefeito_jordania_1.jpg\",\"width\":678,\"height\":429},{\"@type\":\"BreadcrumbList\",\"@id\":\"https:\\\/\\\/aconteceunovale.com.br\\\/portal\\\/?p=124121#breadcrumb\",\"itemListElement\":[{\"@type\":\"ListItem\",\"position\":1,\"name\":\"In\u00edcio\",\"item\":\"https:\\\/\\\/aconteceunovale.com.br\\\/portal\\\/\"},{\"@type\":\"ListItem\",\"position\":2,\"name\":\"Bim \u00e9 eleito prefeito de Jord\u00e2nia, no Vale do Jequitinhonha\"}]},{\"@type\":\"WebSite\",\"@id\":\"https:\\\/\\\/aconteceunovale.com.br\\\/portal\\\/#website\",\"url\":\"https:\\\/\\\/aconteceunovale.com.br\\\/portal\\\/\",\"name\":\"Aconteceu no Vale\",\"description\":\"Portal de Not\u00edcias\",\"potentialAction\":[{\"@type\":\"SearchAction\",\"target\":{\"@type\":\"EntryPoint\",\"urlTemplate\":\"https:\\\/\\\/aconteceunovale.com.br\\\/portal\\\/?s={search_term_string}\"},\"query-input\":{\"@type\":\"PropertyValueSpecification\",\"valueRequired\":true,\"valueName\":\"search_term_string\"}}],\"inLanguage\":\"pt-BR\"},{\"@type\":\"Person\",\"@id\":\"https:\\\/\\\/aconteceunovale.com.br\\\/portal\\\/#\\\/schema\\\/person\\\/633529146f2c94272bef50ac2953d589\",\"name\":\"Aconteceu no Vale\",\"description\":\"Equipe de reportagem do Aconteceu no Vale, portal de not\u00edcias do Vale do Jequitinhonha, em Minas Gerais. Cobrimos as 51 cidades do Vale desde 2013. Sugest\u00f5es de pauta e pedidos de corre\u00e7\u00e3o: contato@aconteceunovale.com.br\",\"sameAs\":[\"http:\\\/\\\/www.aconteceunovale.com.br\"],\"url\":\"https:\\\/\\\/aconteceunovale.com.br\\\/portal\\\/?author=1\"}]}<\/script>\n<!-- \/ Yoast SEO plugin. -->","yoast_head_json":{"title":"Bim \u00e9 eleito prefeito de Jord\u00e2nia, no Vale do Jequitinhonha - Aconteceu no Vale","robots":{"index":"index","follow":"follow","max-snippet":"max-snippet:-1","max-image-preview":"max-image-preview:large","max-video-preview":"max-video-preview:-1"},"canonical":"https:\/\/aconteceunovale.com.br\/portal\/?p=124121","og_locale":"pt_BR","og_type":"article","og_title":"Bim \u00e9 eleito prefeito de Jord\u00e2nia, no Vale do Jequitinhonha - Aconteceu no Vale","og_description":"Marques-uel Meira de Oliveira, o Bim (PMDB), de 39 anos, est\u00e1 eleito prefeito de Jord\u00e2nia (MG). Com 100% das se\u00e7\u00f5es apuradas, o candidato recebeu 2.972 (52,96%) dos votos v\u00e1lidos e venceu o produtor agropecu\u00e1rio Ed\u00e9sio Sarmento Silva (PDT), que obteve 2.640 (47,04%). Bim disputou a elei\u00e7\u00e3o suplementar de Jord\u00e2nia, neste domingo (19\/11\/2017), pela coliga\u00e7\u00e3o &#8220;Jord\u00e2nia [&hellip;]","og_url":"https:\/\/aconteceunovale.com.br\/portal\/?p=124121","og_site_name":"Aconteceu no Vale","article_publisher":"https:\/\/www.facebook.com\/aconteceunovale\/","article_published_time":"2017-11-19T22:46:18+00:00","article_modified_time":"2026-09-02T20:07:15+00:00","og_image":[{"width":678,"height":429,"url":"https:\/\/aconteceunovale.com.br\/portal\/wp-content\/uploads\/2017\/11\/prefeito_jordania_1.jpg","type":"image\/jpeg"}],"author":"Aconteceu no Vale","twitter_card":"summary_large_image","twitter_creator":"@noticiadosvales","twitter_site":"@noticiadosvales","twitter_misc":{"Escrito por":"Aconteceu no Vale","Est. tempo de leitura":"1 minuto"},"schema":{"@context":"https:\/\/schema.org","@graph":[{"@type":"Article","@id":"https:\/\/aconteceunovale.com.br\/portal\/?p=124121#article","isPartOf":{"@id":"https:\/\/aconteceunovale.com.br\/portal\/?p=124121"},"author":{"name":"Aconteceu no Vale","@id":"https:\/\/aconteceunovale.com.br\/portal\/#\/schema\/person\/633529146f2c94272bef50ac2953d589"},"headline":"Bim \u00e9 eleito prefeito de Jord\u00e2nia, no Vale do Jequitinhonha","datePublished":"2017-11-19T22:46:18+00:00","dateModified":"2026-09-02T20:07:15+00:00","mainEntityOfPage":{"@id":"https:\/\/aconteceunovale.com.br\/portal\/?p=124121"},"wordCount":180,"commentCount":1,"image":{"@id":"https:\/\/aconteceunovale.com.br\/portal\/?p=124121#primaryimage"},"thumbnailUrl":"https:\/\/aconteceunovale.com.br\/portal\/wp-content\/uploads\/2017\/11\/prefeito_jordania_1.jpg","keywords":["Bim \u00e9 eleito prefeito de Jord\u00e2nia","Ed\u00e9sio Sarmento Silva","Elei\u00e7\u00e3o em Jord\u00e2nia","Elei\u00e7\u00e3o suplementar em Jord\u00e2nia","Eleito em Jord\u00e2nia","Jord\u00e2nia","Marques-uel Meira de Oliveira","no Vale do Jequitinhonha","Nova Elei\u00e7\u00e3o em Jord\u00e2nia","Novo prefeito em Jord\u00e2nia","Prefeito eleito em Jord\u00e2nia"],"articleSection":["Elei\u00e7\u00f5es 2016","Jord\u00e2nia","Pol\u00edtica","Vale do Jequitinhonha"],"inLanguage":"pt-BR","potentialAction":[{"@type":"CommentAction","name":"Comment","target":["https:\/\/aconteceunovale.com.br\/portal\/?p=124121#respond"]}]},{"@type":"WebPage","@id":"https:\/\/aconteceunovale.com.br\/portal\/?p=124121","url":"https:\/\/aconteceunovale.com.br\/portal\/?p=124121","name":"Bim \u00e9 eleito prefeito de Jord\u00e2nia, no Vale do Jequitinhonha - Aconteceu no Vale","isPartOf":{"@id":"https:\/\/aconteceunovale.com.br\/portal\/#website"},"primaryImageOfPage":{"@id":"https:\/\/aconteceunovale.com.br\/portal\/?p=124121#primaryimage"},"image":{"@id":"https:\/\/aconteceunovale.com.br\/portal\/?p=124121#primaryimage"},"thumbnailUrl":"https:\/\/aconteceunovale.com.br\/portal\/wp-content\/uploads\/2017\/11\/prefeito_jordania_1.jpg","datePublished":"2017-11-19T22:46:18+00:00","dateModified":"2026-09-02T20:07:15+00:00","author":{"@id":"https:\/\/aconteceunovale.com.br\/portal\/#\/schema\/person\/633529146f2c94272bef50ac2953d589"},"breadcrumb":{"@id":"https:\/\/aconteceunovale.com.br\/portal\/?p=124121#breadcrumb"},"inLanguage":"pt-BR","potentialAction":[{"@type":"ReadAction","target":["https:\/\/aconteceunovale.com.br\/portal\/?p=124121"]}]},{"@type":"ImageObject","inLanguage":"pt-BR","@id":"https:\/\/aconteceunovale.com.br\/portal\/?p=124121#primaryimage","url":"https:\/\/aconteceunovale.com.br\/portal\/wp-content\/uploads\/2017\/11\/prefeito_jordania_1.jpg","contentUrl":"https:\/\/aconteceunovale.com.br\/portal\/wp-content\/uploads\/2017\/11\/prefeito_jordania_1.jpg","width":678,"height":429},{"@type":"BreadcrumbList","@id":"https:\/\/aconteceunovale.com.br\/portal\/?p=124121#breadcrumb","itemListElement":[{"@type":"ListItem","position":1,"name":"In\u00edcio","item":"https:\/\/aconteceunovale.com.br\/portal\/"},{"@type":"ListItem","position":2,"name":"Bim \u00e9 eleito prefeito de Jord\u00e2nia, no Vale do Jequitinhonha"}]},{"@type":"WebSite","@id":"https:\/\/aconteceunovale.com.br\/portal\/#website","url":"https:\/\/aconteceunovale.com.br\/portal\/","name":"Aconteceu no Vale","description":"Portal de Not\u00edcias","potentialAction":[{"@type":"SearchAction","target":{"@type":"EntryPoint","urlTemplate":"https:\/\/aconteceunovale.com.br\/portal\/?s={search_term_string}"},"query-input":{"@type":"PropertyValueSpecification","valueRequired":true,"valueName":"search_term_string"}}],"inLanguage":"pt-BR"},{"@type":"Person","@id":"https:\/\/aconteceunovale.com.br\/portal\/#\/schema\/person\/633529146f2c94272bef50ac2953d589","name":"Aconteceu no Vale","description":"Equipe de reportagem do Aconteceu no Vale, portal de not\u00edcias do Vale do Jequitinhonha, em Minas Gerais. Cobrimos as 51 cidades do Vale desde 2013. Sugest\u00f5es de pauta e pedidos de corre\u00e7\u00e3o: contato@aconteceunovale.com.br","sameAs":["http:\/\/www.aconteceunovale.com.br"],"url":"https:\/\/aconteceunovale.com.br\/portal\/?author=1"}]}},"_links":{"self":[{"href":"https:\/\/aconteceunovale.com.br\/portal\/index.php?rest_route=\/wp\/v2\/posts\/124121","targetHints":{"allow":["GET"]}}],"collection":[{"href":"https:\/\/aconteceunovale.com.br\/portal\/index.php?rest_route=\/wp\/v2\/posts"}],"about":[{"href":"https:\/\/aconteceunovale.com.br\/portal\/index.php?rest_route=\/wp\/v2\/types\/post"}],"author":[{"embeddable":true,"href":"https:\/\/aconteceunovale.com.br\/portal\/index.php?rest_route=\/wp\/v2\/users\/1"}],"replies":[{"embeddable":true,"href":"https:\/\/aconteceunovale.com.br\/portal\/index.php?rest_route=%2Fwp%2Fv2%2Fcomments&post=124121"}],"version-history":[{"count":1,"href":"https:\/\/aconteceunovale.com.br\/portal\/index.php?rest_route=\/wp\/v2\/posts\/124121\/revisions"}],"predecessor-version":[{"id":202160,"href":"https:\/\/aconteceunovale.com.br\/portal\/index.php?rest_route=\/wp\/v2\/posts\/124121\/revisions\/202160"}],"wp:featuredmedia":[{"embeddable":true,"href":"https:\/\/aconteceunovale.com.br\/portal\/index.php?rest_route=\/wp\/v2\/media\/124122"}],"wp:attachment":[{"href":"https:\/\/aconteceunovale.com.br\/portal\/index.php?rest_route=%2Fwp%2Fv2%2Fmedia&parent=124121"}],"wp:term":[{"taxonomy":"category","embeddable":true,"href":"https:\/\/aconteceunovale.com.br\/portal\/index.php?rest_route=%2Fwp%2Fv2%2Fcategories&post=124121"},{"taxonomy":"post_tag","embeddable":true,"href":"https:\/\/aconteceunovale.com.br\/portal\/index.php?rest_route=%2Fwp%2Fv2%2Ftags&post=124121"}],"curies":[{"name":"wp","href":"https:\/\/api.w.org\/{rel}","templated":true}]}}