{"id":124117,"date":"2017-11-19T18:09:44","date_gmt":"2017-11-19T20:09:44","guid":{"rendered":"http:\/\/aconteceunovale.com.br\/portal\/?p=124117"},"modified":"2017-11-19T18:09:44","modified_gmt":"2017-11-19T20:09:44","slug":"ifmg-campus-sao-joao-evangelista-realiza-a-ii-semana-da-consciencia-negra","status":"publish","type":"post","link":"https:\/\/aconteceunovale.com.br\/portal\/?p=124117","title":{"rendered":"IFMG Campus S\u00e3o Jo\u00e3o Evangelista realiza a II Semana da Consci\u00eancia Negra"},"content":{"rendered":"<p>Entre os dias 20 e 24 de novembro o Instituto Federal de Minas Gerais Campus S\u00e3o Jo\u00e3o Evangelista (IFMG-SJE) realiza a II Semana da Consci\u00eancia Negra. Este ano o evento traz na  programa\u00e7\u00e3o uma grande diversidade de atividades, dentre elas palestras, exposi\u00e7\u00f5es, filmes e apresenta\u00e7\u00f5es culturais.<\/p>\n<p>A II Semana da Consci\u00eancia Negra foi organizada por uma comiss\u00e3o de servidores do Campus em  parceria com a coordena\u00e7\u00e3o pedag\u00f3gica municipal da cidade de S\u00e3o Jo\u00e3o Evangelista.<\/p>\n<p>O Dia Nacional da Consci\u00eancia Negra, comemorado em 20 de novembro, \u00e9 uma homenagem ao l\u00edder negro Zumbi dos Palmares, s\u00edmbolo da luta contra a escravid\u00e3o, morto em 20\/11\/1695.<\/p>\n<p>Acesse a  programa\u00e7\u00e3o completa do evento no link <a href=\"http:\/\/www.sje.ifmg.edu.br\/portal\/index.php\/component\/content\/article?id=546\" target=\"_blank\">http:\/\/www.sje.ifmg.edu.br\/portal\/index.php\/component\/content\/article?id=546<\/a><\/p>\n<p><img decoding=\"async\" src=\"http:\/\/aconteceunovale.com.br\/portal\/wp-content\/uploads\/2017\/11\/dia_da_consciencia_negra_sje.jpg\" alt=\"\" \/><br \/>\n<\/br><\/p>\n<p><strong>VER PRIMEIRO<\/strong><\/p>\n<p>Receba as not\u00edcias do Aconteceu no Vale em primeira m\u00e3o. Clique em curtir no endere\u00e7o <a href=\"https:\/\/www.facebook.com\/aconteceunovale\" target=\"_blank\"><font color=\"red\">www.facebook.com\/aconteceunovale<\/font><\/a> ou no box abaixo:<\/p>\n<div class=\"fb-like\" data-href=\"https:\/\/www.facebook.com\/aconteceunovale\" data-width=\"120\" data-layout=\"standard\" data-action=\"like\" data-size=\"small\" data-show-faces=\"true\" data-share=\"true\"><\/div>\n<p><\/br><\/p>\n","protected":false},"excerpt":{"rendered":"<p>Entre os dias 20 e 24 de novembro o Instituto Federal de Minas Gerais Campus S\u00e3o Jo\u00e3o Evangelista (IFMG-SJE) realiza a II Semana da Consci\u00eancia Negra. Este ano o evento traz na programa\u00e7\u00e3o uma grande diversidade de atividades, dentre elas palestras, exposi\u00e7\u00f5es, filmes e apresenta\u00e7\u00f5es culturais. A II Semana da Consci\u00eancia Negra foi organizada por [&hellip;]<\/p>\n","protected":false},"author":1,"featured_media":124119,"comment_status":"open","ping_status":"closed","sticky":false,"template":"","format":"standard","meta":{"amp_status":"","footnotes":""},"categories":[125,121],"tags":[161,164126,164120,42142,164121,164122,164125,37409,17066,164123,164124],"class_list":["post-124117","post","type-post","status-publish","format-standard","has-post-thumbnail","hentry","category-noticias","category-leste","tag-campus-sao-joao-evangelista","tag-dia-nacional-da-consciencia-negra","tag-ifmg-campus-sao-joao-evangelista-realiza-a-ii-semana-da-consciencia-negra","tag-ifmg-sje","tag-ii-semana-da-consciencia-negra","tag-ii-semana-da-consciencia-negra-do-ifmg-sje","tag-instituto-federal-campus-sao-joao-evangelista-campus-sao-joao-evangelista","tag-instituto-federal-de-minas-gerais","tag-instituto-federal-de-minas-gerais-campus-sao-joao-evangelista","tag-semana-da-consciencia-negra","tag-semana-da-consciencia-negra-do-ifmg-sje"],"_links":{"self":[{"href":"https:\/\/aconteceunovale.com.br\/portal\/index.php?rest_route=\/wp\/v2\/posts\/124117","targetHints":{"allow":["GET"]}}],"collection":[{"href":"https:\/\/aconteceunovale.com.br\/portal\/index.php?rest_route=\/wp\/v2\/posts"}],"about":[{"href":"https:\/\/aconteceunovale.com.br\/portal\/index.php?rest_route=\/wp\/v2\/types\/post"}],"author":[{"embeddable":true,"href":"https:\/\/aconteceunovale.com.br\/portal\/index.php?rest_route=\/wp\/v2\/users\/1"}],"replies":[{"embeddable":true,"href":"https:\/\/aconteceunovale.com.br\/portal\/index.php?rest_route=%2Fwp%2Fv2%2Fcomments&post=124117"}],"version-history":[{"count":0,"href":"https:\/\/aconteceunovale.com.br\/portal\/index.php?rest_route=\/wp\/v2\/posts\/124117\/revisions"}],"wp:featuredmedia":[{"embeddable":true,"href":"https:\/\/aconteceunovale.com.br\/portal\/index.php?rest_route=\/wp\/v2\/media\/124119"}],"wp:attachment":[{"href":"https:\/\/aconteceunovale.com.br\/portal\/index.php?rest_route=%2Fwp%2Fv2%2Fmedia&parent=124117"}],"wp:term":[{"taxonomy":"category","embeddable":true,"href":"https:\/\/aconteceunovale.com.br\/portal\/index.php?rest_route=%2Fwp%2Fv2%2Fcategories&post=124117"},{"taxonomy":"post_tag","embeddable":true,"href":"https:\/\/aconteceunovale.com.br\/portal\/index.php?rest_route=%2Fwp%2Fv2%2Ftags&post=124117"}],"curies":[{"name":"wp","href":"https:\/\/api.w.org\/{rel}","templated":true}]}}