{"id":124111,"date":"2017-11-19T12:21:39","date_gmt":"2017-11-19T14:21:39","guid":{"rendered":"http:\/\/aconteceunovale.com.br\/portal\/?p=124111"},"modified":"2017-11-19T12:21:39","modified_gmt":"2017-11-19T14:21:39","slug":"homem-morre-em-acidente-com-veiculo-da-prefeitura-de-ibiracatu-no-norte-de-minas","status":"publish","type":"post","link":"https:\/\/aconteceunovale.com.br\/portal\/?p=124111","title":{"rendered":"Homem morre em acidente com ve\u00edculo da Prefeitura de Ibiracatu, no Norte de Minas"},"content":{"rendered":"<p>Um homem morreu em um acidente nesse s\u00e1bado (18) em um acidente na rodovia MG-403, pr\u00f3ximo a cidade de Ibiracatu, no Norte de Minas. Segundo a Pol\u00edcia Militar Rodovi\u00e1ria (PMRv), a v\u00edtima conduzia o carro da prefeitura da cidade, seguia sentido a cidade S\u00e3o Jo\u00e3o da Ponte, quando perdeu o controle da dire\u00e7\u00e3o e acabou capotando o ve\u00edculo.<\/p>\n<p>Equipe do Servi\u00e7o de Atendimento M\u00f3vel de Urg\u00eancia (Samu) esteve no local e prestou os primeiros socorros \u00e0 v\u00edtima. O homem de 38 anos n\u00e3o resistiu e morreu no local do acidente.<\/p>\n<p>Uma crian\u00e7a de 7 anos estava no carro e tamb\u00e9m ficou ferida no acidente. A v\u00edtima foi levada ao Hospital de S\u00e3o Jo\u00e3o da Ponte, mas precisou ser transferida para a Santa Casa em Montes Claros, segundo a pol\u00edcia.<\/p>\n<p>A reportagem n\u00e3o conseguiu informa\u00e7\u00f5es a respeito do estado de sa\u00fade da crian\u00e7a. As causas do acidente ser\u00e3o apuradas.<\/p>\n<p><img decoding=\"async\" src=\"http:\/\/aconteceunovale.com.br\/portal\/wp-content\/uploads\/2017\/11\/acidente_ibiracatu.jpg\" alt=\"\" \/><em>Acidente aconteceu na MG-403 (Fotos: Reprodu\u00e7\u00e3o\/WhatsApp)<\/em><br \/>\n<\/br><\/p>\n<p><strong>VER PRIMEIRO<\/strong><\/p>\n<p>Receba as not\u00edcias do Aconteceu no Vale em primeira m\u00e3o. Clique em curtir no endere\u00e7o <a href=\"https:\/\/www.facebook.com\/aconteceunovale\" target=\"_blank\"><font color=\"red\">www.facebook.com\/aconteceunovale<\/font><\/a> ou no box abaixo:<\/p>\n<div class=\"fb-like\" data-href=\"https:\/\/www.facebook.com\/aconteceunovale\" data-width=\"120\" data-layout=\"standard\" data-action=\"like\" data-size=\"small\" data-show-faces=\"true\" data-share=\"true\"><\/div>\n<p><\/br><\/p>\n<p><em>(Com Hoje em Dia)<\/em><\/p>\n","protected":false},"excerpt":{"rendered":"<p>Um homem morreu em um acidente nesse s\u00e1bado (18) em um acidente na rodovia MG-403, pr\u00f3ximo a cidade de Ibiracatu, no Norte de Minas. Segundo a Pol\u00edcia Militar Rodovi\u00e1ria (PMRv), a v\u00edtima conduzia o carro da prefeitura da cidade, seguia sentido a cidade S\u00e3o Jo\u00e3o da Ponte, quando perdeu o controle da dire\u00e7\u00e3o e acabou [&hellip;]<\/p>\n","protected":false},"author":1,"featured_media":124113,"comment_status":"open","ping_status":"closed","sticky":false,"template":"","format":"standard","meta":{"amp_status":"","footnotes":""},"categories":[1236],"tags":[164108,164109,164106,143516,164107,164110,1704,143515,33228],"class_list":["post-124111","post","type-post","status-publish","format-standard","has-post-thumbnail","hentry","category-norte_de_minas","tag-acidente-com-carro-da-prefeitura-de-ibiracatu","tag-acidente-entre-ibiracatu-e-sao-joao-da-ponte","tag-acidente-ibiracatu","tag-acidente-na-mg-403","tag-acidente-prefeitura-de-ibiracatu","tag-homem-morre-em-acidente-com-veiculo-da-prefeitura-de-ibiracatu","tag-ibiracatu","tag-mg-403","tag-no-norte-de-minas"],"_links":{"self":[{"href":"https:\/\/aconteceunovale.com.br\/portal\/index.php?rest_route=\/wp\/v2\/posts\/124111","targetHints":{"allow":["GET"]}}],"collection":[{"href":"https:\/\/aconteceunovale.com.br\/portal\/index.php?rest_route=\/wp\/v2\/posts"}],"about":[{"href":"https:\/\/aconteceunovale.com.br\/portal\/index.php?rest_route=\/wp\/v2\/types\/post"}],"author":[{"embeddable":true,"href":"https:\/\/aconteceunovale.com.br\/portal\/index.php?rest_route=\/wp\/v2\/users\/1"}],"replies":[{"embeddable":true,"href":"https:\/\/aconteceunovale.com.br\/portal\/index.php?rest_route=%2Fwp%2Fv2%2Fcomments&post=124111"}],"version-history":[{"count":0,"href":"https:\/\/aconteceunovale.com.br\/portal\/index.php?rest_route=\/wp\/v2\/posts\/124111\/revisions"}],"wp:featuredmedia":[{"embeddable":true,"href":"https:\/\/aconteceunovale.com.br\/portal\/index.php?rest_route=\/wp\/v2\/media\/124113"}],"wp:attachment":[{"href":"https:\/\/aconteceunovale.com.br\/portal\/index.php?rest_route=%2Fwp%2Fv2%2Fmedia&parent=124111"}],"wp:term":[{"taxonomy":"category","embeddable":true,"href":"https:\/\/aconteceunovale.com.br\/portal\/index.php?rest_route=%2Fwp%2Fv2%2Fcategories&post=124111"},{"taxonomy":"post_tag","embeddable":true,"href":"https:\/\/aconteceunovale.com.br\/portal\/index.php?rest_route=%2Fwp%2Fv2%2Ftags&post=124111"}],"curies":[{"name":"wp","href":"https:\/\/api.w.org\/{rel}","templated":true}]}}