{"id":124108,"date":"2017-11-19T12:03:34","date_gmt":"2017-11-19T14:03:34","guid":{"rendered":"http:\/\/aconteceunovale.com.br\/portal\/?p=124108"},"modified":"2017-11-19T12:03:34","modified_gmt":"2017-11-19T14:03:34","slug":"delegada-da-policia-civil-e-agredida-durante-assalto-em-caratinga","status":"publish","type":"post","link":"https:\/\/aconteceunovale.com.br\/portal\/?p=124108","title":{"rendered":"Delegada da Pol\u00edcia Civil \u00e9 agredida durante assalto em Caratinga"},"content":{"rendered":"<p>Uma delegada da Pol\u00edcia Civil foi assaltada neste s\u00e1bado (18\/11\/2017) por um adolescente de 17 anos e um homem de 31 anos na regi\u00e3o central de Caratinga, no Vale do Rio Doce. Eles a agrediram com chutes e socos para levar a bolsa dela, de acordo com informa\u00e7\u00f5es da Pol\u00edcia Militar (PM). Pouco tempo depois, o adolescente foi apreendido e o homem preso. <\/p>\n<p>A dupla abordou a delegada na Rua Coronel Galdino Pires e anunciou o assalto. A policial tentou reagir, mas os dois come\u00e7aram a agredi-la. &#8220;Deram socos e chutaram a barriga dela. Eles usaram uma chave de roda para assaltar&#8221;, disse o sargento H\u00e9lio Ferreira Sanches.<\/p>\n<p>Ap\u00f3s a a\u00e7\u00e3o, a Pol\u00edcia Militar foi acionada. Quatro soldados da PM fizeram buscas pela regi\u00e3o e encontraram a dupla. Eles n\u00e3o sabiam que estavam assaltando uma delegada. <\/p>\n<p>Na bolsa roubada havia objetos pessoais, como celulares, cart\u00f5es, documentos e o distintivo. A delegada sofreu ferimentos leves e passa bem.<\/p>\n<p><img decoding=\"async\" src=\"http:\/\/aconteceunovale.com.br\/portal\/wp-content\/uploads\/2017\/11\/presos_caratinga.jpeg\" alt=\"\" \/><em>Assaltantes chegam na Delegacia (Foto: Edson Sim\u00f5es\/Doctum TV)<\/em><br \/>\n<\/br><\/p>\n<p><strong>VER PRIMEIRO<\/strong><\/p>\n<p>Receba as not\u00edcias do Aconteceu no Vale em primeira m\u00e3o. Clique em curtir no endere\u00e7o <a href=\"https:\/\/www.facebook.com\/aconteceunovale\" target=\"_blank\"><font color=\"red\">www.facebook.com\/aconteceunovale<\/font><\/a> ou no box abaixo:<\/p>\n<div class=\"fb-like\" data-href=\"https:\/\/www.facebook.com\/aconteceunovale\" data-width=\"120\" data-layout=\"standard\" data-action=\"like\" data-size=\"small\" data-show-faces=\"true\" data-share=\"true\"><\/div>\n<p><\/br><\/p>\n<p><em>(Fonte: O Tempo)<\/em><\/p>\n","protected":false},"excerpt":{"rendered":"<p>Uma delegada da Pol\u00edcia Civil foi assaltada neste s\u00e1bado (18\/11\/2017) por um adolescente de 17 anos e um homem de 31 anos na regi\u00e3o central de Caratinga, no Vale do Rio Doce. Eles a agrediram com chutes e socos para levar a bolsa dela, de acordo com informa\u00e7\u00f5es da Pol\u00edcia Militar (PM). Pouco tempo depois, [&hellip;]<\/p>\n","protected":false},"author":1,"featured_media":124109,"comment_status":"open","ping_status":"closed","sticky":false,"template":"","format":"standard","meta":{"amp_status":"","footnotes":""},"categories":[121],"tags":[51389,164104,237,164102,164105,109528,164103],"class_list":["post-124108","post","type-post","status-publish","format-standard","has-post-thumbnail","hentry","category-leste","tag-assalto-caratinga","tag-assalto-delegada-caratinga","tag-caratinga","tag-delegada-assaltada-em-caratinga","tag-delegada-da-policia-civil-e-agredida-durante-assalto-em-caratinga","tag-roubo-caratinga","tag-roubo-delegada-caratinga"],"_links":{"self":[{"href":"https:\/\/aconteceunovale.com.br\/portal\/index.php?rest_route=\/wp\/v2\/posts\/124108","targetHints":{"allow":["GET"]}}],"collection":[{"href":"https:\/\/aconteceunovale.com.br\/portal\/index.php?rest_route=\/wp\/v2\/posts"}],"about":[{"href":"https:\/\/aconteceunovale.com.br\/portal\/index.php?rest_route=\/wp\/v2\/types\/post"}],"author":[{"embeddable":true,"href":"https:\/\/aconteceunovale.com.br\/portal\/index.php?rest_route=\/wp\/v2\/users\/1"}],"replies":[{"embeddable":true,"href":"https:\/\/aconteceunovale.com.br\/portal\/index.php?rest_route=%2Fwp%2Fv2%2Fcomments&post=124108"}],"version-history":[{"count":0,"href":"https:\/\/aconteceunovale.com.br\/portal\/index.php?rest_route=\/wp\/v2\/posts\/124108\/revisions"}],"wp:featuredmedia":[{"embeddable":true,"href":"https:\/\/aconteceunovale.com.br\/portal\/index.php?rest_route=\/wp\/v2\/media\/124109"}],"wp:attachment":[{"href":"https:\/\/aconteceunovale.com.br\/portal\/index.php?rest_route=%2Fwp%2Fv2%2Fmedia&parent=124108"}],"wp:term":[{"taxonomy":"category","embeddable":true,"href":"https:\/\/aconteceunovale.com.br\/portal\/index.php?rest_route=%2Fwp%2Fv2%2Fcategories&post=124108"},{"taxonomy":"post_tag","embeddable":true,"href":"https:\/\/aconteceunovale.com.br\/portal\/index.php?rest_route=%2Fwp%2Fv2%2Ftags&post=124108"}],"curies":[{"name":"wp","href":"https:\/\/api.w.org\/{rel}","templated":true}]}}