{"id":123921,"date":"2017-11-17T21:57:30","date_gmt":"2017-11-17T23:57:30","guid":{"rendered":"http:\/\/aconteceunovale.com.br\/portal\/?p=123921"},"modified":"2017-11-17T21:57:30","modified_gmt":"2017-11-17T23:57:30","slug":"cratera-aberta-na-br-040-sera-fechada-com-25-mil-toneladas-de-po-de-pedra","status":"publish","type":"post","link":"https:\/\/aconteceunovale.com.br\/portal\/?p=123921","title":{"rendered":"Cratera aberta na BR-040 ser\u00e1 fechada com 2,5 mil toneladas de p\u00f3 de pedra"},"content":{"rendered":"<p>A Secretaria de Defesa Civil de Petr\u00f3polis, na regi\u00e3o serrana do Rio de Janeiro, acompanha o servi\u00e7o de preenchimento da cratera aberta na BR-040 (Rio-Juiz de Fora), na altura do quil\u00f4metro 81, na Comunidade do Contorno. O reparo foi iniciado ontem (16) pela Concer, que administra a rodovia.<\/p>\n<p>Ao todo, ser\u00e3o utilizados 2,5 mil toneladas de p\u00f3 de pedra para estabilizar as paredes do buraco. O servi\u00e7o deve terminar amanh\u00e3 (18).<\/p>\n<p>Os trabalhos de sondagem e de monitoramento, que vinham sendo realizados por uma empresa contratada pela Concer, ser\u00e3o retomados em outros trechos e obras na rodovia.<\/p>\n<p>De acordo com o secret\u00e1rio de Defesa Civil de Petr\u00f3polis, Paulo Renato Vaz, t\u00e9cnicos da prefeitura analisam documentos enviados pela Concer, e a Defesa Civil \u201caguarda o relat\u00f3rio das frentes de avan\u00e7o do t\u00fanel do desemboque at\u00e9 o \u00faltimo trecho escavado, al\u00e9m dos relat\u00f3rios da Concer sobre as condi\u00e7\u00f5es geol\u00f3gicas no desemboque\u201d.<\/p>\n<p>Vaz disse que recebeu da Concer 6.762 arquivos referentes \u00e0 constru\u00e7\u00e3o da Nova Subida da Serra, com a duplica\u00e7\u00e3o da pista, mas que faltam documentos mais espec\u00edficos, fundamentais para a avalia\u00e7\u00e3o das causas que levaram \u00e0 abertura da cratera. \u201cCom base nesses documentos, mais o que estamos solicitando, al\u00e9m do resultado de estudos que vem sendo realizados no local, a Defesa Civil verificar\u00e1 que medidas devemos adotar\u201d.<\/p>\n<p><img decoding=\"async\" src=\"http:\/\/aconteceunovale.com.br\/portal\/wp-content\/uploads\/2017\/11\/cratera_040.jpg\" alt=\"\" \/><em>Cratera ser\u00e1 preenchida com 2,5 mil toneladas de p\u00f3 de pedra (Prefeitura de Petr\u00f3polis)<\/em><br \/>\n<\/br><\/p>\n<p><strong>VER PRIMEIRO<\/strong><\/p>\n<p>Receba as not\u00edcias do Aconteceu no Vale em primeira m\u00e3o. Clique em curtir no endere\u00e7o <a href=\"https:\/\/www.facebook.com\/aconteceunovale\" target=\"_blank\"><font color=\"red\">www.facebook.com\/aconteceunovale<\/font><\/a> ou no box abaixo:<\/p>\n<div class=\"fb-like\" data-href=\"https:\/\/www.facebook.com\/aconteceunovale\" data-width=\"120\" data-layout=\"standard\" data-action=\"like\" data-size=\"small\" data-show-faces=\"true\" data-share=\"true\"><\/div>\n<p><\/br><\/p>\n<p><em>(Fonte: Ag\u00eancia Brasil)<\/em><\/p>\n","protected":false},"excerpt":{"rendered":"<p>A Secretaria de Defesa Civil de Petr\u00f3polis, na regi\u00e3o serrana do Rio de Janeiro, acompanha o servi\u00e7o de preenchimento da cratera aberta na BR-040 (Rio-Juiz de Fora), na altura do quil\u00f4metro 81, na Comunidade do Contorno. O reparo foi iniciado ontem (16) pela Concer, que administra a rodovia. Ao todo, ser\u00e3o utilizados 2,5 mil toneladas [&hellip;]<\/p>\n","protected":false},"author":1,"featured_media":123922,"comment_status":"open","ping_status":"closed","sticky":false,"template":"","format":"standard","meta":{"amp_status":"","footnotes":""},"categories":[6],"tags":[14990,154138,164082,164075,164077,19650,164080,206,164081,10897,164079,164078,164076,1104],"class_list":["post-123921","post","type-post","status-publish","format-standard","has-post-thumbnail","hentry","category-br","tag-br-040","tag-concer","tag-cratera","tag-cratera-aberta-na-br-040","tag-cratera-em-petropolis","tag-defesa-civil","tag-defesa-civil-de-petropolis","tag-juiz-de-fora","tag-paulo-renato-vaz","tag-petropolis","tag-preenchimento-da-cratera-aberta-na-br-040","tag-preenchimento-de-cratera-em-petropolis","tag-preenchimento-de-cratera-na-br-040","tag-rio-de-janeiro"],"_links":{"self":[{"href":"https:\/\/aconteceunovale.com.br\/portal\/index.php?rest_route=\/wp\/v2\/posts\/123921","targetHints":{"allow":["GET"]}}],"collection":[{"href":"https:\/\/aconteceunovale.com.br\/portal\/index.php?rest_route=\/wp\/v2\/posts"}],"about":[{"href":"https:\/\/aconteceunovale.com.br\/portal\/index.php?rest_route=\/wp\/v2\/types\/post"}],"author":[{"embeddable":true,"href":"https:\/\/aconteceunovale.com.br\/portal\/index.php?rest_route=\/wp\/v2\/users\/1"}],"replies":[{"embeddable":true,"href":"https:\/\/aconteceunovale.com.br\/portal\/index.php?rest_route=%2Fwp%2Fv2%2Fcomments&post=123921"}],"version-history":[{"count":0,"href":"https:\/\/aconteceunovale.com.br\/portal\/index.php?rest_route=\/wp\/v2\/posts\/123921\/revisions"}],"wp:featuredmedia":[{"embeddable":true,"href":"https:\/\/aconteceunovale.com.br\/portal\/index.php?rest_route=\/wp\/v2\/media\/123922"}],"wp:attachment":[{"href":"https:\/\/aconteceunovale.com.br\/portal\/index.php?rest_route=%2Fwp%2Fv2%2Fmedia&parent=123921"}],"wp:term":[{"taxonomy":"category","embeddable":true,"href":"https:\/\/aconteceunovale.com.br\/portal\/index.php?rest_route=%2Fwp%2Fv2%2Fcategories&post=123921"},{"taxonomy":"post_tag","embeddable":true,"href":"https:\/\/aconteceunovale.com.br\/portal\/index.php?rest_route=%2Fwp%2Fv2%2Ftags&post=123921"}],"curies":[{"name":"wp","href":"https:\/\/api.w.org\/{rel}","templated":true}]}}