{"id":123918,"date":"2017-11-17T21:52:23","date_gmt":"2017-11-17T23:52:23","guid":{"rendered":"http:\/\/aconteceunovale.com.br\/portal\/?p=123918"},"modified":"2017-11-17T21:52:23","modified_gmt":"2017-11-17T23:52:23","slug":"pretos-ou-pardos-sao-mais-de-60-dos-desocupados-no-brasil","status":"publish","type":"post","link":"https:\/\/aconteceunovale.com.br\/portal\/?p=123918","title":{"rendered":"Pretos ou pardos s\u00e3o mais de 60% dos desocupados no Brasil"},"content":{"rendered":"<p>Entre os 13 milh\u00f5es de desocupados no pa\u00eds no terceiro trimestre, 63,7% eram pretos ou pardos. Os dados constam da Pesquisa Nacional por Amostra de Domic\u00edlios Cont\u00ednua (Pnad Cont\u00ednua) divulgados hoje (17) e equivalem a 8,3 milh\u00f5es de pretos ou pardos sem ocupa\u00e7\u00e3o. A taxa de desocupa\u00e7\u00e3o dessa parcela da popula\u00e7\u00e3o ficou em 14,6%, enquanto a de trabalhadores brancos totalizou 9,9%.<\/p>\n<p>Comportamento semelhante foi registrado na taxa de subutiliza\u00e7\u00e3o, indicador que agrega a taxa de desocupa\u00e7\u00e3o, de sub ocupa\u00e7\u00e3o por insufici\u00eancia de horas (menos de 40 horas semanais) e a for\u00e7a de trabalho potencial.<\/p>\n<p>Para o total de trabalhadores brasileiros, o \u00edndice fechou o terceiro trimestre em 23,9%. Entre a popula\u00e7\u00e3o de pretos ou pardos, a taxa saltou para 28,3%, enquanto entre os brancos ela ficou em 18,5%. Do total de 26,8 milh\u00f5es de subutilizados, 65,8%, eram pessoas pretas ou pardas.<\/p>\n<p><strong>Trabalhadores ocupados e carteira assinada<\/strong><\/p>\n<p>No terceiro trimestre de 2017, as pessoas pretas ou pardas representavam 54,9% do total da popula\u00e7\u00e3o brasileira de 14 anos ou mais e eram 53% dos trabalhadores ocupados. No recorte racial, 52,3% dos pretos ou pardos estavam ocupados, enquanto 56,5% dos brancos se encontravam na mesma situa\u00e7\u00e3o. O rendimento dos trabalhadores brancos foi de R$2.757 no per\u00edodo e o de trabalhadores pretos e pardos, de R$1.531.<\/p>\n<p>Em rela\u00e7\u00e3o ao percentual de empregados do setor privado com carteira assinada, no fechamento do terceiro trimestre do ano o dado de pretos ou pardos chegava a 71,3%, mais baixo do que o observado para o total do setor (75,3%). Dos 23,2 milh\u00f5es de empregados pretos ou pardos do setor privado, somente 16,6 milh\u00f5es tinham carteira de trabalho assinada.<\/p>\n<p><strong>Trabalho dom\u00e9stico e informal<\/strong><\/p>\n<p>Na distribui\u00e7\u00e3o da popula\u00e7\u00e3o ocupada por grupo de atividades, a participa\u00e7\u00e3o dos pretos e pardos era superior \u00e0 dos brancos na agropecu\u00e1ria, na constru\u00e7\u00e3o, em alojamento e alimenta\u00e7\u00e3o e, principalmente, nos servi\u00e7os dom\u00e9sticos, categoria em que eles representam 66% do contingente total.<\/p>\n<p>A Pnad Cont\u00ednua mostrou, ainda, que, no Brasil, somente 33% dos empregadores eram pretos ou pardos. J\u00e1 entre os trabalhadores por conta pr\u00f3pria, essa popula\u00e7\u00e3o representava 55,1% do total. Mais de um milh\u00e3o de trabalhadores pretos ou pardos atuavam como ambulantes, totalizando 66,7% dos trabalhadores deste tipo de ocupa\u00e7\u00e3o. O percentual de ambulantes negros foi de 2,5%.<\/p>\n<p><strong>An\u00e1lise<\/strong><\/p>\n<p>Na avalia\u00e7\u00e3o do coordenador de trabalho e rendimento do IBGE, Cimar Azeredo, indicadores como esses revelam o tamanho da desigual do mercado de trabalho no pa\u00eds. \u201cEntre os diversos fatores [que determinam esta desigualdade] est\u00e3o a falta de experi\u00eancia, de escolariza\u00e7\u00e3o e de forma\u00e7\u00e3o de grande parte da popula\u00e7\u00e3o de cor preta ou parda\u201d.<\/p>\n<p>Para ele, esses n\u00fameros s\u00e3o resultados de um processo hist\u00f3rico, que vem desde a \u00e9poca da coloniza\u00e7\u00e3o. \u201cClaro que se avan\u00e7ou muito, mais ainda tem que se avan\u00e7ar bastante, no sentido de dar a popula\u00e7\u00e3o de cor preta ou parda igualdade em rela\u00e7\u00e3o ao que temos hoje na popula\u00e7\u00e3o de cor branca\u201d, destaca.<\/p>\n<p><strong>VER PRIMEIRO<\/strong><\/p>\n<p>Receba as not\u00edcias do Aconteceu no Vale em primeira m\u00e3o. Clique em curtir no endere\u00e7o <a href=\"https:\/\/www.facebook.com\/aconteceunovale\" target=\"_blank\"><font color=\"red\">www.facebook.com\/aconteceunovale<\/font><\/a> ou no box abaixo:<\/p>\n<div class=\"fb-like\" data-href=\"https:\/\/www.facebook.com\/aconteceunovale\" data-width=\"120\" data-layout=\"standard\" data-action=\"like\" data-size=\"small\" data-show-faces=\"true\" data-share=\"true\"><\/div>\n<p><\/br><\/p>\n<p><em>(Fonte: Ag\u00eancia Brasil)<\/em><\/p>\n","protected":false},"excerpt":{"rendered":"<p>Entre os 13 milh\u00f5es de desocupados no pa\u00eds no terceiro trimestre, 63,7% eram pretos ou pardos. Os dados constam da Pesquisa Nacional por Amostra de Domic\u00edlios Cont\u00ednua (Pnad Cont\u00ednua) divulgados hoje (17) e equivalem a 8,3 milh\u00f5es de pretos ou pardos sem ocupa\u00e7\u00e3o. A taxa de desocupa\u00e7\u00e3o dessa parcela da popula\u00e7\u00e3o ficou em 14,6%, enquanto [&hellip;]<\/p>\n","protected":false},"author":1,"featured_media":123919,"comment_status":"open","ping_status":"closed","sticky":false,"template":"","format":"standard","meta":{"amp_status":"","footnotes":""},"categories":[6,40236],"tags":[89407,19010,53907,84880,19006,1062,164072,164074,84882,164071,164073,15072],"class_list":["post-123918","post","type-post","status-publish","format-standard","has-post-thumbnail","hentry","category-br","category-empregos-2","tag-desempregados-no-brasil","tag-desemprego","tag-desemprego-no-brasil","tag-desocupacao","tag-emprego","tag-ibge","tag-numero-de-desempregados-no-brasil","tag-pesquisa-nacional-por-amostra-de-domicilios-continua","tag-pnad-continua","tag-pretos-e-pardos","tag-pretos-ou-pardos-sao-mais-de-60-dos-desocupados-no-brasil","tag-racismo"],"_links":{"self":[{"href":"https:\/\/aconteceunovale.com.br\/portal\/index.php?rest_route=\/wp\/v2\/posts\/123918","targetHints":{"allow":["GET"]}}],"collection":[{"href":"https:\/\/aconteceunovale.com.br\/portal\/index.php?rest_route=\/wp\/v2\/posts"}],"about":[{"href":"https:\/\/aconteceunovale.com.br\/portal\/index.php?rest_route=\/wp\/v2\/types\/post"}],"author":[{"embeddable":true,"href":"https:\/\/aconteceunovale.com.br\/portal\/index.php?rest_route=\/wp\/v2\/users\/1"}],"replies":[{"embeddable":true,"href":"https:\/\/aconteceunovale.com.br\/portal\/index.php?rest_route=%2Fwp%2Fv2%2Fcomments&post=123918"}],"version-history":[{"count":0,"href":"https:\/\/aconteceunovale.com.br\/portal\/index.php?rest_route=\/wp\/v2\/posts\/123918\/revisions"}],"wp:featuredmedia":[{"embeddable":true,"href":"https:\/\/aconteceunovale.com.br\/portal\/index.php?rest_route=\/wp\/v2\/media\/123919"}],"wp:attachment":[{"href":"https:\/\/aconteceunovale.com.br\/portal\/index.php?rest_route=%2Fwp%2Fv2%2Fmedia&parent=123918"}],"wp:term":[{"taxonomy":"category","embeddable":true,"href":"https:\/\/aconteceunovale.com.br\/portal\/index.php?rest_route=%2Fwp%2Fv2%2Fcategories&post=123918"},{"taxonomy":"post_tag","embeddable":true,"href":"https:\/\/aconteceunovale.com.br\/portal\/index.php?rest_route=%2Fwp%2Fv2%2Ftags&post=123918"}],"curies":[{"name":"wp","href":"https:\/\/api.w.org\/{rel}","templated":true}]}}