{"id":123904,"date":"2017-11-17T21:06:31","date_gmt":"2017-11-17T23:06:31","guid":{"rendered":"http:\/\/aconteceunovale.com.br\/portal\/?p=123904"},"modified":"2017-11-17T21:06:31","modified_gmt":"2017-11-17T23:06:31","slug":"tres-corpos-sao-encontrados-dentro-de-veiculo-queimado-em-juiz-de-fora","status":"publish","type":"post","link":"https:\/\/aconteceunovale.com.br\/portal\/?p=123904","title":{"rendered":"Tr\u00eas corpos s\u00e3o encontrados dentro de ve\u00edculo queimado em Juiz de Fora"},"content":{"rendered":"<p>Ap\u00f3s o Corpo de Bombeiros ser acionado para conter um inc\u00eandio em um ve\u00edculo na zona rural de Juiz de Fora, na Zona da Mata, tr\u00eas corpos acabaram sendo descobertos no interior do carro, na tarde de quinta-feira (16\/11\/2017).<\/p>\n<p>Conforme a Pol\u00edcia Militar (PM), a corpora\u00e7\u00e3o foi acionada por volta das 14h30 para ir na regi\u00e3o conhecida como Granjeamento Joazal. Durante o rescaldo do inc\u00eandio, os militares dos bombeiros descobriram no porta-malas do ve\u00edculo as tr\u00eas v\u00edtimas n\u00e3o identificadas, do sexo masculino, que estavam completamente carbonizadas.<\/p>\n<p>O ve\u00edculo foi identificado como sendo uma SUV da marca Mitsubishi. Testemunhas relataram para a PM que entre 12h e 13h um ve\u00edculo de cor prata foi visto passando em alta velocidade pela rua. Ainda de acordo com a pol\u00edcia, a regi\u00e3o \u00e9 uma granja abandonada que pertence a um indiv\u00edduo conhecido como Marcelo Boz\u00f3, que encontra-se preso. A regi\u00e3o j\u00e1 foi usada para diversos delitos, como transa\u00e7\u00f5es de ve\u00edculos roubados.<\/p>\n<p>As testemunhas relataram ainda que um ve\u00edculo VW Fox de cor preta estacionou no mesmo hor\u00e1rio \u00e0s margens da estrada Uni\u00e3o Ind\u00fastria, ponto pr\u00f3ximo a um local onde h\u00e1 uma trilha que d\u00e1 acesso ao local do inc\u00eandio. Duas pessoas foram vistas perto desta trilha.<\/p>\n<p>A PM foi at\u00e9 o caminho onde os suspeitos foram vistos e encontraram caixas de f\u00f3sforos quebradas, com v\u00e1rios palitos intactos. Tamb\u00e9m foram localizadas algumas pegadas e matos amassados  na trilha, indicando que algu\u00e9m havia passado por ali recentemente.<\/p>\n<p>Foi poss\u00edvel identificar o n\u00famero do chassi do ve\u00edculo, descobrindo que tratava-se de um ve\u00edculo clonado. O caso ser\u00e1 investigado pela Pol\u00edcia Civil.<\/p>\n<p><img decoding=\"async\" src=\"http:\/\/aconteceunovale.com.br\/portal\/wp-content\/uploads\/2017\/11\/queimado_jf.jpg\" alt=\"\" \/><em>O SUV estava completamente carbonizado (Foto: Reprodu\u00e7\u00e3o\/TV Integra\u00e7\u00e3o)<\/em><br \/>\n<\/br><\/p>\n<p><strong>VER PRIMEIRO<\/strong><\/p>\n<p>Receba as not\u00edcias do Aconteceu no Vale em primeira m\u00e3o. Clique em curtir no endere\u00e7o <a href=\"https:\/\/www.facebook.com\/aconteceunovale\" target=\"_blank\"><font color=\"red\">www.facebook.com\/aconteceunovale<\/font><\/a> ou no box abaixo:<\/p>\n<div class=\"fb-like\" data-href=\"https:\/\/www.facebook.com\/aconteceunovale\" data-width=\"120\" data-layout=\"standard\" data-action=\"like\" data-size=\"small\" data-show-faces=\"true\" data-share=\"true\"><\/div>\n<p><\/br><\/p>\n<p><em>(Fonte: O Tempo)<\/em><\/p>\n","protected":false},"excerpt":{"rendered":"<p>Ap\u00f3s o Corpo de Bombeiros ser acionado para conter um inc\u00eandio em um ve\u00edculo na zona rural de Juiz de Fora, na Zona da Mata, tr\u00eas corpos acabaram sendo descobertos no interior do carro, na tarde de quinta-feira (16\/11\/2017). Conforme a Pol\u00edcia Militar (PM), a corpora\u00e7\u00e3o foi acionada por volta das 14h30 para ir na [&hellip;]<\/p>\n","protected":false},"author":1,"featured_media":123905,"comment_status":"open","ping_status":"closed","sticky":false,"template":"","format":"standard","meta":{"amp_status":"","footnotes":""},"categories":[123],"tags":[164041,164042,164043,206,164044,164045],"class_list":["post-123904","post","type-post","status-publish","format-standard","has-post-thumbnail","hentry","category-gerais","tag-carro-queimado-em-juiz-de-fora","tag-corpos-carbonizados-em-juiz-de-fora","tag-corpos-queimados-em-juiz-de-fora","tag-juiz-de-fora","tag-tres-corpos-sao-encontrados-dentro-de-veiculo-queimado-em-juiz-de-fora","tag-veiculo-com-tres-corpos-dentro-e-encontrado-queimado-em-juiz-de-fora"],"_links":{"self":[{"href":"https:\/\/aconteceunovale.com.br\/portal\/index.php?rest_route=\/wp\/v2\/posts\/123904","targetHints":{"allow":["GET"]}}],"collection":[{"href":"https:\/\/aconteceunovale.com.br\/portal\/index.php?rest_route=\/wp\/v2\/posts"}],"about":[{"href":"https:\/\/aconteceunovale.com.br\/portal\/index.php?rest_route=\/wp\/v2\/types\/post"}],"author":[{"embeddable":true,"href":"https:\/\/aconteceunovale.com.br\/portal\/index.php?rest_route=\/wp\/v2\/users\/1"}],"replies":[{"embeddable":true,"href":"https:\/\/aconteceunovale.com.br\/portal\/index.php?rest_route=%2Fwp%2Fv2%2Fcomments&post=123904"}],"version-history":[{"count":0,"href":"https:\/\/aconteceunovale.com.br\/portal\/index.php?rest_route=\/wp\/v2\/posts\/123904\/revisions"}],"wp:featuredmedia":[{"embeddable":true,"href":"https:\/\/aconteceunovale.com.br\/portal\/index.php?rest_route=\/wp\/v2\/media\/123905"}],"wp:attachment":[{"href":"https:\/\/aconteceunovale.com.br\/portal\/index.php?rest_route=%2Fwp%2Fv2%2Fmedia&parent=123904"}],"wp:term":[{"taxonomy":"category","embeddable":true,"href":"https:\/\/aconteceunovale.com.br\/portal\/index.php?rest_route=%2Fwp%2Fv2%2Fcategories&post=123904"},{"taxonomy":"post_tag","embeddable":true,"href":"https:\/\/aconteceunovale.com.br\/portal\/index.php?rest_route=%2Fwp%2Fv2%2Ftags&post=123904"}],"curies":[{"name":"wp","href":"https:\/\/api.w.org\/{rel}","templated":true}]}}