{"id":123897,"date":"2017-11-17T20:05:03","date_gmt":"2017-11-17T22:05:03","guid":{"rendered":"http:\/\/aconteceunovale.com.br\/portal\/?p=123897"},"modified":"2017-11-17T20:05:03","modified_gmt":"2017-11-17T22:05:03","slug":"policia-militar-prende-suspeito-de-varios-furtos-em-aracuai","status":"publish","type":"post","link":"https:\/\/aconteceunovale.com.br\/portal\/?p=123897","title":{"rendered":"Pol\u00edcia Militar prende suspeito de v\u00e1rios furtos em Ara\u00e7ua\u00ed"},"content":{"rendered":"<p>Por volta das 6 horas da manh\u00e3 desta sexta-feira (17), a Pol\u00edcia Militar foi acionada para atender uma ocorr\u00eancia de furto a uma loja de materiais de constru\u00e7\u00e3o no bairro Gr\u00e3-Bretanha, em Ara\u00e7ua\u00ed, no Vale do Jequitinhonha.<\/p>\n<p>Chegando ao local, os militares deparam com J.O.S.S, de 38 anos, conhecido por Vav\u00e1, montado em uma bicicleta de cor laranja, carregando uma caixa.<\/p>\n<p>Ao notar a presen\u00e7a da viatura policial,  ele  tentou fugir deixando para tr\u00e1s a bicicleta,  que seria produto de furto, e a caixa contendo uma m\u00e1quina de lavar de alta press\u00e3o.<\/p>\n<p><img decoding=\"async\" src=\"http:\/\/aconteceunovale.com.br\/portal\/wp-content\/uploads\/2017\/11\/material_aracuai.jpg\" alt=\"\" \/><em>Policiais recuperaram material furtado e apreenderam drogas e dinheiro (Divulga\u00e7\u00e3o)<\/em><br \/>\n<\/br><\/p>\n<p><strong>Homem-Aranha<\/strong><\/p>\n<p>Depois de escalar v\u00e1rios muros e telhados,  Vav\u00e1 acabou sendo  detido e preso. Ele confessou ter furtado a m\u00e1quina de lavar e um notebook, o qual j\u00e1 havia trocado por drogas na regi\u00e3o central da cidade com um traficante. Ele disse ainda que o  suspeito  estaria em uma casa na Rua do Ros\u00e1rio, na companhia de outro indiv\u00edduo de 19 anos.<\/p>\n<p>Diante das informa\u00e7\u00f5es, os policiais iniciaram o rastreamento e foram at\u00e9 \u00e0 Rua do Ros\u00e1rio, na regi\u00e3o conhecida por Baixada,  onde estariam escondidos autores de  roubos, furtos e tr\u00e1fico de drogas. Quando chegaram ao endere\u00e7o indicado na den\u00fancia, os militares avistaram  dois  homens  fugindo pelos fundos da casa, tomando rumo ignorado. Eles n\u00e3o foram presos.<\/p>\n<p>Dentro da casa foi  encontrada uma  menor de 15 anos, que \u00e9 irm\u00e3 de um dos  suspeitos de tr\u00e1fico de drogas  e natural da cidade de Te\u00f3filo Otoni. De acordo com a PM, ela \u00e9 conhecida como integrante de um bando respons\u00e1vel por tr\u00e1fico e recepta\u00e7\u00e3o de produtos roubados em Ara\u00e7ua\u00ed.<\/p>\n<p>No mesmo im\u00f3vel os policiais encontraram o notebook furtado, pares de cal\u00e7ados,  drogas e dinheiro. J\u00e1 dentro de uma bolsa pertencente a menor, encontraram pinos de coca\u00edna, por\u00e7\u00f5es de maconha e crack.<\/p>\n<p>Todo o material apreendido e os envolvidos presos foram encaminhados para a Delegacia de Pol\u00edcia Civil de Ara\u00e7ua\u00ed.<\/p>\n<p><strong>Vav\u00e1 \u00e9 suspeito de outro furto<\/strong><\/p>\n<p>Na madrugada de ter\u00e7a-feira (14), um homem escalou um poste e depois caminhou por um muro de cerca de 8 metros na regi\u00e3o central da cidade e entrou na resid\u00eancia de um mec\u00e2nico que fica no segundo andar de um pr\u00e9dio na Pra\u00e7a Get\u00falio Vargas, conhecida como Pra\u00e7a do Coreto. Ele encontrou a porta da cozinha aberta e, ap\u00f3s entrar no apartamento, furtou um tablet, um notebook, um celular e R$ 500.<\/p>\n<p>Na sequ\u00eancia ele saiu pela porta principal do apartamento. Um molho de chaves estava no tambor da fechadura. Onde tamb\u00e9m se encontravam as chaves da resid\u00eancia e da oficina mec\u00e2nica.  O homem desceu as escadas tranquilamente e abriu a oficina que fica no andar de baixo.<\/p>\n<p>\u201cEle s\u00f3 n\u00e3o furtou materiais na oficina porque minha esposa acordou  por volta das 5 da manh\u00e3, e certamente ele ouviu o barulho da porta e fugiu\u201d, contou o mec\u00e2nico de 34 anos.<\/p>\n<p>\u201cNunca iria imaginar que algu\u00e9m pudesse escalar o muro, caminhar pelo telhado da oficina e entrar na minha casa\u201d, lamentou o mec\u00e2nico. Ele disse que na noite anterior, fechou a porta do quarto do casal, ligou o ar condicionado e dormiu. \u201cPor conta disso, n\u00e3o percebemos nada\u201d, disse ele, informando que a filha de 14 anos, tamb\u00e9m estava no apartamento.<\/p>\n<p>A suspeita \u00e9 que o autor do furto seja o Vav\u00e1. \u201cEle tem experi\u00eancia em escalar postes, porque j\u00e1 trabalhou em uma empresa de eletricidade\u201d, disse um homem que j\u00e1 fez tratamento por depend\u00eancia qu\u00edmica, junto com o Vav\u00e1, em uma cl\u00ednica no Vale do A\u00e7o.<\/p>\n<p>At\u00e9 o momento nenhum suspeito foi preso. O material furtado n\u00e3o foi localizado.<\/p>\n<p><strong>VER PRIMEIRO<\/strong><\/p>\n<p>Receba as not\u00edcias do Aconteceu no Vale em primeira m\u00e3o. Clique em curtir no endere\u00e7o <a href=\"https:\/\/www.facebook.com\/aconteceunovale\" target=\"_blank\"><font color=\"red\">www.facebook.com\/aconteceunovale<\/font><\/a> ou no box abaixo:<\/p>\n<div class=\"fb-like\" data-href=\"https:\/\/www.facebook.com\/aconteceunovale\" data-width=\"120\" data-layout=\"standard\" data-action=\"like\" data-size=\"small\" data-show-faces=\"true\" data-share=\"true\"><\/div>\n<p><\/br><\/p>\n<p><em>(Fonte: Gazeta de Ara\u00e7ua\u00ed)<\/em><\/p>\n","protected":false},"excerpt":{"rendered":"<p>Por volta das 6 horas da manh\u00e3 desta sexta-feira (17), a Pol\u00edcia Militar foi acionada para atender uma ocorr\u00eancia de furto a uma loja de materiais de constru\u00e7\u00e3o no bairro Gr\u00e3-Bretanha, em Ara\u00e7ua\u00ed, no Vale do Jequitinhonha. Chegando ao local, os militares deparam com J.O.S.S, de 38 anos, conhecido por Vav\u00e1, montado em uma bicicleta [&hellip;]<\/p>\n","protected":false},"author":1,"featured_media":123898,"comment_status":"open","ping_status":"closed","sticky":false,"template":"","format":"standard","meta":{"amp_status":"","footnotes":""},"categories":[120],"tags":[186,33634,164033,164034,80376,147778,48601],"class_list":["post-123897","post","type-post","status-publish","format-standard","has-post-thumbnail","hentry","category-jequi","tag-aracuai","tag-assalto-em-aracuai","tag-homem-preso-em-aracuai","tag-policia-militar-prende-suspeito-de-varios-furtos-em-aracuai","tag-preso-em-aracuai","tag-preso-por-furto-em-aracuai","tag-roubo-em-aracuai"],"_links":{"self":[{"href":"https:\/\/aconteceunovale.com.br\/portal\/index.php?rest_route=\/wp\/v2\/posts\/123897","targetHints":{"allow":["GET"]}}],"collection":[{"href":"https:\/\/aconteceunovale.com.br\/portal\/index.php?rest_route=\/wp\/v2\/posts"}],"about":[{"href":"https:\/\/aconteceunovale.com.br\/portal\/index.php?rest_route=\/wp\/v2\/types\/post"}],"author":[{"embeddable":true,"href":"https:\/\/aconteceunovale.com.br\/portal\/index.php?rest_route=\/wp\/v2\/users\/1"}],"replies":[{"embeddable":true,"href":"https:\/\/aconteceunovale.com.br\/portal\/index.php?rest_route=%2Fwp%2Fv2%2Fcomments&post=123897"}],"version-history":[{"count":0,"href":"https:\/\/aconteceunovale.com.br\/portal\/index.php?rest_route=\/wp\/v2\/posts\/123897\/revisions"}],"wp:featuredmedia":[{"embeddable":true,"href":"https:\/\/aconteceunovale.com.br\/portal\/index.php?rest_route=\/wp\/v2\/media\/123898"}],"wp:attachment":[{"href":"https:\/\/aconteceunovale.com.br\/portal\/index.php?rest_route=%2Fwp%2Fv2%2Fmedia&parent=123897"}],"wp:term":[{"taxonomy":"category","embeddable":true,"href":"https:\/\/aconteceunovale.com.br\/portal\/index.php?rest_route=%2Fwp%2Fv2%2Fcategories&post=123897"},{"taxonomy":"post_tag","embeddable":true,"href":"https:\/\/aconteceunovale.com.br\/portal\/index.php?rest_route=%2Fwp%2Fv2%2Ftags&post=123897"}],"curies":[{"name":"wp","href":"https:\/\/api.w.org\/{rel}","templated":true}]}}