{"id":123891,"date":"2017-11-16T23:57:33","date_gmt":"2017-11-17T01:57:33","guid":{"rendered":"http:\/\/aconteceunovale.com.br\/portal\/?p=123891"},"modified":"2017-11-16T23:57:33","modified_gmt":"2017-11-17T01:57:33","slug":"ministerio-publico-ajuiza-acao-de-improbidade-e-pede-bloqueio-de-bens-de-grupo-responsavel-por-fraudar-licitacao-em-janauba","status":"publish","type":"post","link":"https:\/\/aconteceunovale.com.br\/portal\/?p=123891","title":{"rendered":"Minist\u00e9rio P\u00fablico aju\u00edza a\u00e7\u00e3o de improbidade e pede bloqueio de bens de grupo respons\u00e1vel por fraudar licita\u00e7\u00e3o em Jana\u00faba"},"content":{"rendered":"<p>O Minist\u00e9rio P\u00fablico de Minas Gerais (MPMG), por meio da Promotoria de Justi\u00e7a de Jana\u00faba, no Norte do Estado, deflagrou, no dia 14 de novembro, a opera\u00e7\u00e3o Coleta de luxo. O objetivo foi reunir elementos para subsidiar investiga\u00e7\u00e3o que apura ilegalidades em procedimento licitat\u00f3rio de presta\u00e7\u00e3o de servi\u00e7o de coleta de lixo no munic\u00edpio.<\/p>\n<p>Segundo apurado, agentes p\u00fablicos de diversos escal\u00f5es, em parceria com empres\u00e1rios, teriam fraudado procedimento licitat\u00f3rio, por meio de documentos falsificados e da n\u00e3o realiza\u00e7\u00e3o de lances, de modo a direcionar o resultado em benef\u00edcio de empresas previamente escolhidas como vencedoras. Al\u00e9m disso, n\u00e3o houve comprova\u00e7\u00e3o da presta\u00e7\u00e3o do servi\u00e7o.<\/p>\n<p>Diante dos fatos investigados, o MPMG ingressou com A\u00e7\u00e3o de Improbidade Administrativa contra dez pessoas e tr\u00eas empresas requerendo o bloqueio de bens dos envolvidos em mais de R$ 60 milh\u00f5es. O valor equivale ao dano causado ao munic\u00edpio e \u00e0 multa civil que poder\u00e1 ser estabelecida, caso a Justi\u00e7a julgue procedentes os pedidos feitos na a\u00e7\u00e3o. <\/p>\n<p>Al\u00e9m disso, a Promotoria de Justi\u00e7a de Jana\u00faba solicitou, de forma cautelar, a quebra dos sigilos banc\u00e1rios e fiscais de todos os investigados. Na a\u00e7\u00e3o, \u00e9 pedida ainda a condena\u00e7\u00e3o dos envolvidos \u00e0s san\u00e7\u00f5es previstas na Lei de Improbidade Administrativa (n.\u00ba 8.429\/92), como perda da fun\u00e7\u00e3o p\u00fablica, suspens\u00e3o dos direitos pol\u00edticos, proibi\u00e7\u00e3o de contratar com o Poder P\u00fablico, pagamento de multa e ressarcimento dos cofres p\u00fablicos.<\/p>\n<p>Em decorr\u00eancia da perda da fun\u00e7\u00e3o p\u00fablica, caso a Justi\u00e7a acate os pedidos, dever\u00e1 ser aplicada a cassa\u00e7\u00e3o da aposentadoria, em raz\u00e3o do exerc\u00edcio de fun\u00e7\u00e3o p\u00fablica \u00e0 \u00e9poca dos fatos.<\/p>\n<p><strong>VER PRIMEIRO<\/strong><\/p>\n<p>Receba as not\u00edcias do Aconteceu no Vale em primeira m\u00e3o. Clique em curtir no endere\u00e7o <a href=\"https:\/\/www.facebook.com\/aconteceunovale\" target=\"_blank\"><font color=\"red\">www.facebook.com\/aconteceunovale<\/font><\/a> ou no box abaixo:<\/p>\n<div class=\"fb-like\" data-href=\"https:\/\/www.facebook.com\/aconteceunovale\" data-width=\"120\" data-layout=\"standard\" data-action=\"like\" data-size=\"small\" data-show-faces=\"true\" data-share=\"true\"><\/div>\n<p><\/br><\/p>\n<p><em>(Fonte: MPMG)<\/em><\/p>\n","protected":false},"excerpt":{"rendered":"<p>O Minist\u00e9rio P\u00fablico de Minas Gerais (MPMG), por meio da Promotoria de Justi\u00e7a de Jana\u00faba, no Norte do Estado, deflagrou, no dia 14 de novembro, a opera\u00e7\u00e3o Coleta de luxo. O objetivo foi reunir elementos para subsidiar investiga\u00e7\u00e3o que apura ilegalidades em procedimento licitat\u00f3rio de presta\u00e7\u00e3o de servi\u00e7o de coleta de lixo no munic\u00edpio. Segundo [&hellip;]<\/p>\n","protected":false},"author":1,"featured_media":90686,"comment_status":"open","ping_status":"closed","sticky":false,"template":"","format":"standard","meta":{"amp_status":"","footnotes":""},"categories":[1236,40240],"tags":[164023,164022,164026,204,164019,164021,164020,164025,164024],"class_list":["post-123891","post","type-post","status-publish","format-standard","has-post-thumbnail","hentry","category-norte_de_minas","category-politica-2","tag-corrupcao-em-janauba","tag-fraude-em-janauba","tag-fraude-em-licitacao-em-janauba","tag-janauba","tag-ministerio-publico-ajuiza-acao-de-improbidade-e-pede-bloqueio-de-bens-de-grupo-responsavel-por-fraudar-licitacao-em-janauba","tag-ministerio-publico-pede-bloqueio-de-bens-de-grupo-responsavel-por-fraudar-licitacao-em-janauba","tag-mpmg-pede-bloqueio-de-bens-de-grupo-responsavel-por-fraudar-licitacao-em-janauba","tag-operacao-coleta-de-luxo","tag-promotoria-de-justica-de-janauba"],"_links":{"self":[{"href":"https:\/\/aconteceunovale.com.br\/portal\/index.php?rest_route=\/wp\/v2\/posts\/123891","targetHints":{"allow":["GET"]}}],"collection":[{"href":"https:\/\/aconteceunovale.com.br\/portal\/index.php?rest_route=\/wp\/v2\/posts"}],"about":[{"href":"https:\/\/aconteceunovale.com.br\/portal\/index.php?rest_route=\/wp\/v2\/types\/post"}],"author":[{"embeddable":true,"href":"https:\/\/aconteceunovale.com.br\/portal\/index.php?rest_route=\/wp\/v2\/users\/1"}],"replies":[{"embeddable":true,"href":"https:\/\/aconteceunovale.com.br\/portal\/index.php?rest_route=%2Fwp%2Fv2%2Fcomments&post=123891"}],"version-history":[{"count":0,"href":"https:\/\/aconteceunovale.com.br\/portal\/index.php?rest_route=\/wp\/v2\/posts\/123891\/revisions"}],"wp:featuredmedia":[{"embeddable":true,"href":"https:\/\/aconteceunovale.com.br\/portal\/index.php?rest_route=\/wp\/v2\/media\/90686"}],"wp:attachment":[{"href":"https:\/\/aconteceunovale.com.br\/portal\/index.php?rest_route=%2Fwp%2Fv2%2Fmedia&parent=123891"}],"wp:term":[{"taxonomy":"category","embeddable":true,"href":"https:\/\/aconteceunovale.com.br\/portal\/index.php?rest_route=%2Fwp%2Fv2%2Fcategories&post=123891"},{"taxonomy":"post_tag","embeddable":true,"href":"https:\/\/aconteceunovale.com.br\/portal\/index.php?rest_route=%2Fwp%2Fv2%2Ftags&post=123891"}],"curies":[{"name":"wp","href":"https:\/\/api.w.org\/{rel}","templated":true}]}}