{"id":123874,"date":"2017-11-16T23:13:02","date_gmt":"2017-11-17T01:13:02","guid":{"rendered":"http:\/\/aconteceunovale.com.br\/portal\/?p=123874"},"modified":"2017-11-16T23:13:02","modified_gmt":"2017-11-17T01:13:02","slug":"brasileira-e-morta-durante-operacao-policial-em-portugal","status":"publish","type":"post","link":"https:\/\/aconteceunovale.com.br\/portal\/?p=123874","title":{"rendered":"Brasileira \u00e9 morta durante opera\u00e7\u00e3o policial em Portugal"},"content":{"rendered":"<p>Uma brasileira foi morta por engano, pela pol\u00edcia portuguesa, na madrugada de ontem (15\/11\/2017) em Lisboa. Ela estava em um carro que foi confundido com um ve\u00edculo que fugia da pol\u00edcia, ap\u00f3s um assalto a um caixa autom\u00e1tico.<\/p>\n<p>A mulher, que estava no banco do carona, se chamava Ivanice Carvalho da Costa, tinha 36 anos e foi atingida no pesco\u00e7o. Ela, que era de fam\u00edlia do Paran\u00e1 e vivia h\u00e1 17 anos em Lisboa, trabalhava no aeroporto e estava indo para o trabalho no momento da persegui\u00e7\u00e3o.<\/p>\n<p>De acordo com a pol\u00edcia portuguesa, o homem que estava dirigindo n\u00e3o parou o carro, ap\u00f3s ordem dos agentes, e tentou atropel\u00e1-los. Ele estava sem habilita\u00e7\u00e3o de motorista e foi detido pela pol\u00edcia.<\/p>\n<p>Em nota, a Pol\u00edcia de Seguran\u00e7a P\u00fablica (PSP), afirmou que o carro em que estava Ivanice &#8220;tentou atropelar os pol\u00edcias, que tiveram de afastar-se rapidamente para n\u00e3o serem atingidos e, em ato cont\u00ednuo, os pol\u00edcias foram obrigados a recorrer a armas de fogo. Mais \u00e0 frente, a viatura voltou a desobedecer \u00e0 ordem de paragem por outra equipa de pol\u00edcias, tendo sido interceptada pouco tempo depois&#8221;. Ap\u00f3s constatar que ela tinha sido atingida, &#8220;a cidad\u00e3 ferida foi assistida pelos agentes e pelos meios de emerg\u00eancia chamados ao local. Apesar de todos os esfor\u00e7os, a v\u00edtima, acabaria por falecer. O homem que conduzia a viatura foi detido por condu\u00e7\u00e3o sem habilita\u00e7\u00e3o legal, por desobedi\u00eancia ao sinal de paragem e por condu\u00e7\u00e3o perigosa\u201d, completou a nota.<\/p>\n<p>Ainda de acordo com a PSP, foi instaurado processo de investiga\u00e7\u00e3o para esclarecer as circunst\u00e2ncias do ocorrido.<\/p>\n<p>O jornal\u00a0<em>Expresso\u00a0<\/em>noticiou que os agentes da PSP teriam disparado de frente para o carro que acreditavam que tinha participado do assalto. Essa informa\u00e7\u00e3o poder\u00e1 fazer a diferen\u00e7a na avalia\u00e7\u00e3o sobre um eventual uso abusivo de for\u00e7a, no processo que j\u00e1 foi aberto pela Inspe\u00e7\u00e3o-Geral da Administra\u00e7\u00e3o Interna. O\u00a0<em>Di\u00e1rio de Not\u00edcias\u00a0<\/em>afirma que foi o primeiro incidente em que um civil \u00e9 morto pela pol\u00edcia este ano.<\/p>\n<p>A Embaixada brasileira em Lisboa emitiu nota em que lamenta o ocorrido e afirma que o consulado prestar\u00e1 todo o apoio cab\u00edvel \u00e0 fam\u00edlia da v\u00edtima:<\/p>\n<p><em>&#8220;A Embaixada e o Consulado-Geral do Brasil em Lisboa tomaram conhecimento, na manh\u00e3 de hoje, 16 de novembro, do falecimento de nacional brasileira em a\u00e7\u00e3o da pol\u00edcia portuguesa, durante a madrugada de ontem, em Lisboa.<\/p>\n<p>Desde ent\u00e3o, as autoridades consulares brasileiras t\u00eam mantido contato com a fam\u00edlia da cidad\u00e3, para prestar assist\u00eancia. Recebida na manh\u00e3 de hoje no Consulado do Brasil, a fam\u00edlia informou que j\u00e1 conta com advogado constitu\u00eddo.<\/p>\n<p>A Embaixada e o Consulado em Lisboa seguir\u00e3o em contato com a fam\u00edlia e com as autoridades portuguesas, na expectativa de novas informa\u00e7\u00f5es, no \u00e2mbito do inqu\u00e9rito realizado pela pol\u00edcia.<\/p>\n<p>Em raz\u00e3o do sigilo da investiga\u00e7\u00e3o policial em curso pelas autoridades portuguesas, e em respeito \u00e0 privacidade da cidad\u00e3 brasileira, n\u00e3o s\u00e3o fornecidas informa\u00e7\u00f5es de cunho pessoal.\u201d<\/em><\/p>\n<p><img decoding=\"async\" src=\"http:\/\/aconteceunovale.com.br\/portal\/wp-content\/uploads\/2017\/11\/brasileira_morta_em_portugal.jpg\" alt=\"\" \/><em>Ivanice foi morta por engano em uma a\u00e7\u00e3o policial em Lisboa (Foto: Arquivo Pessoal)<\/em><br \/>\n<\/br><\/p>\n<p><strong>VER PRIMEIRO<\/strong><\/p>\n<p>Receba as not\u00edcias do Aconteceu no Vale em primeira m\u00e3o. Clique em curtir no endere\u00e7o <a href=\"https:\/\/www.facebook.com\/aconteceunovale\" target=\"_blank\"><font color=\"red\">www.facebook.com\/aconteceunovale<\/font><\/a> ou no box abaixo:<\/p>\n<div class=\"fb-like\" data-href=\"https:\/\/www.facebook.com\/aconteceunovale\" data-width=\"120\" data-layout=\"standard\" data-action=\"like\" data-size=\"small\" data-show-faces=\"true\" data-share=\"true\"><\/div>\n<p><\/br><\/p>\n<p><em>(Fonte: Ag\u00eancia Brasil)<\/em><\/p>\n","protected":false},"excerpt":{"rendered":"<p>Uma brasileira foi morta por engano, pela pol\u00edcia portuguesa, na madrugada de ontem (15\/11\/2017) em Lisboa. Ela estava em um carro que foi confundido com um ve\u00edculo que fugia da pol\u00edcia, ap\u00f3s um assalto a um caixa autom\u00e1tico. A mulher, que estava no banco do carona, se chamava Ivanice Carvalho da Costa, tinha 36 anos [&hellip;]<\/p>\n","protected":false},"author":1,"featured_media":123875,"comment_status":"open","ping_status":"closed","sticky":false,"template":"","format":"standard","meta":{"amp_status":"","footnotes":""},"categories":[28848],"tags":[163984,163983,163976,163980,163979,163981,163977,140704,163982,25559,163978,163975,28160,18919],"class_list":["post-123874","post","type-post","status-publish","format-standard","has-post-thumbnail","hentry","category-mundo","tag-brasileira-e-morta-durante-operacao-policial-em-lisboa","tag-brasileira-e-morta-durante-operacao-policial-em-portugal","tag-brasileira-morta-em-lisboa","tag-brasileira-morta-em-portugal","tag-brasileira-morta-pela-policia-em-lisboa","tag-brasileira-morta-pela-policia-em-portugal","tag-brasileira-morta-por-engano-em-lisboa","tag-brasileiros-no-exterior","tag-ivanice-carvalho-da-costa","tag-lisboa","tag-morta-pela-policia-em-lisboa","tag-morta-por-engano-em-lisboa","tag-morte","tag-portugal"],"_links":{"self":[{"href":"https:\/\/aconteceunovale.com.br\/portal\/index.php?rest_route=\/wp\/v2\/posts\/123874","targetHints":{"allow":["GET"]}}],"collection":[{"href":"https:\/\/aconteceunovale.com.br\/portal\/index.php?rest_route=\/wp\/v2\/posts"}],"about":[{"href":"https:\/\/aconteceunovale.com.br\/portal\/index.php?rest_route=\/wp\/v2\/types\/post"}],"author":[{"embeddable":true,"href":"https:\/\/aconteceunovale.com.br\/portal\/index.php?rest_route=\/wp\/v2\/users\/1"}],"replies":[{"embeddable":true,"href":"https:\/\/aconteceunovale.com.br\/portal\/index.php?rest_route=%2Fwp%2Fv2%2Fcomments&post=123874"}],"version-history":[{"count":0,"href":"https:\/\/aconteceunovale.com.br\/portal\/index.php?rest_route=\/wp\/v2\/posts\/123874\/revisions"}],"wp:featuredmedia":[{"embeddable":true,"href":"https:\/\/aconteceunovale.com.br\/portal\/index.php?rest_route=\/wp\/v2\/media\/123875"}],"wp:attachment":[{"href":"https:\/\/aconteceunovale.com.br\/portal\/index.php?rest_route=%2Fwp%2Fv2%2Fmedia&parent=123874"}],"wp:term":[{"taxonomy":"category","embeddable":true,"href":"https:\/\/aconteceunovale.com.br\/portal\/index.php?rest_route=%2Fwp%2Fv2%2Fcategories&post=123874"},{"taxonomy":"post_tag","embeddable":true,"href":"https:\/\/aconteceunovale.com.br\/portal\/index.php?rest_route=%2Fwp%2Fv2%2Ftags&post=123874"}],"curies":[{"name":"wp","href":"https:\/\/api.w.org\/{rel}","templated":true}]}}