{"id":123862,"date":"2017-11-15T13:38:34","date_gmt":"2017-11-15T15:38:34","guid":{"rendered":"http:\/\/aconteceunovale.com.br\/portal\/?p=123862"},"modified":"2017-11-15T13:38:34","modified_gmt":"2017-11-15T15:38:34","slug":"mais-de-630-mil-pessoas-manifestaram-interesse-em-participar-do-processo-de-designacao-da-educacao","status":"publish","type":"post","link":"https:\/\/aconteceunovale.com.br\/portal\/?p=123862","title":{"rendered":"Mais de 630 mil pessoas manifestaram interesse em participar do processo de designa\u00e7\u00e3o da Educa\u00e7\u00e3o"},"content":{"rendered":"<p>Ap\u00f3s 17 dias de inscri\u00e7\u00f5es, o sistema on-line da\u00a0Secretaria de Estado de Educa\u00e7\u00e3o (SEE) registrou 631.491 cadastros de candidatos interessados em concorrer a uma vaga de designa\u00e7\u00e3o na rede estadual de ensino em 2018.<\/p>\n<p>Durante esse per\u00edodo, que teve in\u00edcio no dia 25\/10 e encerrou na \u00faltima sexta-feira (10\/11), o sistema recebeu um total de 1.354.237 inscri\u00e7\u00f5es, uma m\u00e9dia de duas por candidato. Cada pessoa poderia se inscrever para at\u00e9 tr\u00eas cargos e localidades distintos. As listagens classificat\u00f3rias ser\u00e3o divulgadas no dia 22 deste m\u00eas.<\/p>\n<p>\u201cQuero agradecer a todos que atenderam ao chamamento p\u00fablico realizado pela Secretaria de Estado de Educa\u00e7\u00e3o e que se cadastraram para trabalhar na rede estadual de ensino no ano letivo de 2018. Foram quase 400 horas de sistema aberto dispon\u00edvel, per\u00edodo em que as pessoas puderam se cadastrar, fazer suas escolhas de cargos e localidades, colocar seus dados, refletir, voltar ao sistema, reafirmar suas escolhas ou alter\u00e1-las\u201d, declarou o subsecret\u00e1rio de Gest\u00e3o de Recursos Humanos da SEE, Ant\u00f4nio David de Sousa Junior.<\/p>\n<p>O sistema continua acess\u00edvel para visualiza\u00e7\u00e3o dos dados e impress\u00e3o do comprovante de inscri\u00e7\u00f5es, no entanto, as informa\u00e7\u00f5es n\u00e3o podem mais ser alteradas. \u201cTodas essas informa\u00e7\u00f5es ser\u00e3o utilizadas por n\u00f3s, tendo f\u00e9 p\u00fablica, para definir as listagens de classifica\u00e7\u00e3o dos candidatos, obedecendo rigorosamente os crit\u00e9rios de prioridade descritos na resolu\u00e7\u00e3o SEE n\u00ba 3.643. Posteriormente, no ato da designa\u00e7\u00e3o, essas informa\u00e7\u00f5es devem ser comprovadas documentalmente\u201d, explica.<\/p>\n<p>De acordo com o subsecret\u00e1rio, cerca de 20 mil pessoas que se cadastraram, mas n\u00e3o fizeram inscri\u00e7\u00f5es de cargos, n\u00e3o aparecer\u00e3o nas listagens. Quem fez mais de uma inscri\u00e7\u00e3o ter\u00e1 seu nome listado em mais de uma ordem de classifica\u00e7\u00e3o, uma vez que cada cargo e localidade distintos ter\u00e1 sua pr\u00f3pria lista de classifica\u00e7\u00e3o.<\/p>\n<p>O subsecret\u00e1rio alerta, no entanto, que n\u00e3o haver\u00e1 vagas para todos os inscritos, que devem ficar atentos \u00e0s pr\u00f3ximas etapas do processo. \u201cEstamos trabalhando com o planejamento inicial de 100 mil vagas para designa\u00e7\u00e3o. Nesse momento, \u00e9 importante que os candidatos inscritos saibam que faremos todo o poss\u00edvel para que a segunda etapa do processo seja eficiente, justa e transparente\u201d, disse Ant\u00f4nio David.<\/p>\n<p>As listagens ser\u00e3o utilizadas tanto para as designa\u00e7\u00f5es que ser\u00e3o realizadas on-line quanto para as que ser\u00e3o presencialmente. O processo de designa\u00e7\u00e3o propriamente dito (escolhas das vagas de interesse pelos inscritos e atribui\u00e7\u00e3o da vaga ao candidato melhor classificado) ter\u00e1 in\u00edcio em data a ser definida no cronograma que ser\u00e1 divulgado na Resolu\u00e7\u00e3o de Quadro de Escola, que dever\u00e1 ser publicada at\u00e9 o final deste m\u00eas. Tamb\u00e9m ser\u00e3o divulgadas posteriormente as vagas que ser\u00e3o disponibilizadas para o ano de 2018.<\/p>\n<p>\u201cDe acesso \u00e0s listagens, \u00e9 preciso que cada um comece a pensar nas suas possibilidades, conhecendo sua posi\u00e7\u00e3o na lista classificat\u00f3ria em rela\u00e7\u00e3o aos demais candidatos, sem surpresas, uma vez que s\u00f3 poder\u00e3o concorrer os candidatos inscritos previamente, e comece a se planejar no sentido de fazer suas escolhas e pensar serenamente onde est\u00e3o suas maiores possibilidades de \u00eaxito\u201d, pontuou o subsecret\u00e1rio de Gest\u00e3o de Recursos Humanos.<\/p>\n<p>A designa\u00e7\u00e3o \u00e9 uma forma de preencher interinamente os cargos para garantir o funcionamento das escolas estaduais, conforme o artigo 10 da Lei 10254\/1990. O processo \u00e9 essencial na prepara\u00e7\u00e3o da rede p\u00fablica para o in\u00edcio do ano letivo.<\/p>\n<p><strong>Crit\u00e9rios de classifica\u00e7\u00e3o<\/strong><\/p>\n<p>A idade m\u00ednima para designa\u00e7\u00e3o \u00e9 de 18 anos. A classifica\u00e7\u00e3o dos interessados leva em considera\u00e7\u00e3o: a aprova\u00e7\u00e3o em concurso p\u00fablico vigente, a habilita\u00e7\u00e3o, a escolaridade, o tempo de servi\u00e7o e a idade.<\/p>\n<p><strong>A lista de classifica\u00e7\u00e3o obedecer\u00e1, em linhas gerais, os seguintes crit\u00e9rios:<\/strong><\/p>\n<p>1\u00ba \u2013 candidato inscrito e concursado para o munic\u00edpio ou SRE e ainda n\u00e3o nomeado, obedecida a ordem de classifica\u00e7\u00e3o no concurso vigente, desde que comprove os requisitos de habilita\u00e7\u00e3o definidos no Edital do Concurso;<\/p>\n<p>2\u00ba \u2013 candidato inscrito e concursado para outro munic\u00edpio ou outra SRE e ainda n\u00e3o nomeado, obedecido ao n\u00famero de pontos obtido no concurso vigente, promovendo-se o desempate pela idade maior, desde que comprove os requisitos de habilita\u00e7\u00e3o definidos no Edital do Concurso;<\/p>\n<p>3\u00ba \u2013 candidato inscrito habilitado, obedecida a ordem de classifica\u00e7\u00e3o na listagem geral do munic\u00edpio de candidatos inscritos em 2017;<\/p>\n<p>4\u00ba \u2013 candidato inscrito n\u00e3o habilitado, obedecida a ordem de classifica\u00e7\u00e3o na listagem geral do munic\u00edpio de candidatos inscritos em 2017;<\/p>\n<p><strong>Designa\u00e7\u00e3o on-line e presencial<\/strong><\/p>\n<p>Para o ano de 2018, parte da designa\u00e7\u00e3o ser\u00e1 feita por meio de sistema informatizado on-line, abrangendo os cargos de Analista de Educa\u00e7\u00e3o B\u00e1sica (AEB) \u2013 Assistente Social, Fisioterapeuta, Fonoaudi\u00f3logo, Psic\u00f3logo ou Terapeuta Ocupacional; Analista Educacional\/Inspetor Escolar (ANE\/IE); Assistente T\u00e9cnico de Educa\u00e7\u00e3o B\u00e1sica (ATB); Especialista em Educa\u00e7\u00e3o B\u00e1sica (EEB) \u2013 Orientador Educacional ou Supervisor Pedag\u00f3gico; e Professor de Educa\u00e7\u00e3o B\u00e1sica (PEB) \u2013 Regente de Turma. Essa ferramenta tem o objetivo de gerar igualdade de oportunidades entre os interessados, maior agilidade, efetividade e transpar\u00eancia no processo.<\/p>\n<p>A designa\u00e7\u00e3o ser\u00e1 presencial para Auxiliar de Servi\u00e7os de Educa\u00e7\u00e3o B\u00e1sica (ASB); Professor de Educa\u00e7\u00e3o B\u00e1sica (PEB) \u2013 Regente de Aula; Professor de Educa\u00e7\u00e3o B\u00e1sica (PEB) Curso Normal, Educa\u00e7\u00e3o Profissional, Conservat\u00f3rios Estaduais de M\u00fasica, Educa\u00e7\u00e3o Especial e Educa\u00e7\u00e3o Integral.<\/p>\n<p><strong>VER PRIMEIRO<\/strong><\/p>\n<p>Receba as not\u00edcias do Aconteceu no Vale em primeira m\u00e3o. Clique em curtir no endere\u00e7o <a href=\"https:\/\/www.facebook.com\/aconteceunovale\" target=\"_blank\"><font color=\"red\">www.facebook.com\/aconteceunovale<\/font><\/a> ou no box abaixo:<\/p>\n<div class=\"fb-like\" data-href=\"https:\/\/www.facebook.com\/aconteceunovale\" data-width=\"120\" data-layout=\"standard\" data-action=\"like\" data-size=\"small\" data-show-faces=\"true\" data-share=\"true\"><\/div>\n<p><\/br><\/p>\n<p><em>(Fonte: Ag\u00eancia Minas)<\/em><\/p>\n","protected":false},"excerpt":{"rendered":"<p>Ap\u00f3s 17 dias de inscri\u00e7\u00f5es, o sistema on-line da\u00a0Secretaria de Estado de Educa\u00e7\u00e3o (SEE) registrou 631.491 cadastros de candidatos interessados em concorrer a uma vaga de designa\u00e7\u00e3o na rede estadual de ensino em 2018. Durante esse per\u00edodo, que teve in\u00edcio no dia 25\/10 e encerrou na \u00faltima sexta-feira (10\/11), o sistema recebeu um total de [&hellip;]<\/p>\n","protected":false},"author":1,"featured_media":114832,"comment_status":"open","ping_status":"closed","sticky":false,"template":"","format":"standard","meta":{"amp_status":"","footnotes":""},"categories":[40238,123],"tags":[162781,162784,162786,162787,162785,162788,162791,162792,162780,162782,163634,162794,162793,162795,162958,163955,162789,162790,162783],"class_list":["post-123862","post","type-post","status-publish","format-standard","has-post-thumbnail","hentry","category-educacao-2","category-gerais","tag-como-trabalhar-na-rede-estadual-de-minas-gerais","tag-designacao-2018","tag-designacao-2018-em-minas-gerais","tag-designacao-2018-estado-de-minas","tag-designacao-2018-mg","tag-designacao-2018-minas-gerais","tag-designacao-on-line","tag-designacao-on-line-minas-gerais","tag-designacao-para-trabalhar-na-rede-estadual-de-minas-gerais","tag-informacoes-sobre-como-trabalhar-na-rede-estadual-de-minas-gerais","tag-inscricoes-de-candidatos-a-designacao-2018-na-rede-estadual-de-ensino-encerram-nesta-sexta-feira","tag-inscricoes-para-designacao-2018","tag-inscricoes-para-designacao-2018-comecam-na-proxima-quarta-feira","tag-inscricoes-para-designacao-2018-em-minas-gerais","tag-interessados-ja-podem-fazer-as-inscricoes-para-a-designacao-2018-da-educacao","tag-mais-de-630-mil-pessoas-manifestaram-interesse-em-participar-do-processo-de-designacao-da-educacao","tag-site-designacao-2018","tag-site-designacao-2018-minas-gerais","tag-trabalhar-na-rede-estadual-de-minas-gerais"],"_links":{"self":[{"href":"https:\/\/aconteceunovale.com.br\/portal\/index.php?rest_route=\/wp\/v2\/posts\/123862","targetHints":{"allow":["GET"]}}],"collection":[{"href":"https:\/\/aconteceunovale.com.br\/portal\/index.php?rest_route=\/wp\/v2\/posts"}],"about":[{"href":"https:\/\/aconteceunovale.com.br\/portal\/index.php?rest_route=\/wp\/v2\/types\/post"}],"author":[{"embeddable":true,"href":"https:\/\/aconteceunovale.com.br\/portal\/index.php?rest_route=\/wp\/v2\/users\/1"}],"replies":[{"embeddable":true,"href":"https:\/\/aconteceunovale.com.br\/portal\/index.php?rest_route=%2Fwp%2Fv2%2Fcomments&post=123862"}],"version-history":[{"count":0,"href":"https:\/\/aconteceunovale.com.br\/portal\/index.php?rest_route=\/wp\/v2\/posts\/123862\/revisions"}],"wp:featuredmedia":[{"embeddable":true,"href":"https:\/\/aconteceunovale.com.br\/portal\/index.php?rest_route=\/wp\/v2\/media\/114832"}],"wp:attachment":[{"href":"https:\/\/aconteceunovale.com.br\/portal\/index.php?rest_route=%2Fwp%2Fv2%2Fmedia&parent=123862"}],"wp:term":[{"taxonomy":"category","embeddable":true,"href":"https:\/\/aconteceunovale.com.br\/portal\/index.php?rest_route=%2Fwp%2Fv2%2Fcategories&post=123862"},{"taxonomy":"post_tag","embeddable":true,"href":"https:\/\/aconteceunovale.com.br\/portal\/index.php?rest_route=%2Fwp%2Fv2%2Ftags&post=123862"}],"curies":[{"name":"wp","href":"https:\/\/api.w.org\/{rel}","templated":true}]}}