{"id":123847,"date":"2017-11-14T23:02:24","date_gmt":"2017-11-15T01:02:24","guid":{"rendered":"http:\/\/aconteceunovale.com.br\/portal\/?p=123847"},"modified":"2017-11-15T20:34:02","modified_gmt":"2017-11-15T22:34:02","slug":"cinco-pessoas-morrem-em-acidente-na-br-116-em-teofilo-otoni","status":"publish","type":"post","link":"https:\/\/aconteceunovale.com.br\/portal\/?p=123847","title":{"rendered":"Cinco pessoas morrem em acidente na BR-116, em Te\u00f3filo Otoni"},"content":{"rendered":"<p>Cinco pessoas morreram e uma ficou ferida em um grav\u00edssimo acidente por volta das 14h da tarde desta ter\u00e7a-feira (14\/11\/2017), na BR-116, no trecho conhecido como Serra do Nicolete, munic\u00edpio de Te\u00f3filo Otoni, no Vale do Mucuri. Segundo informa\u00e7\u00f5es da Pol\u00edcia Rodovi\u00e1ria Federal (PRF), uma carreta carregada de eucalipto tombou em uma curva, no sentido Norte\/Sul, e atingiu um Fiat Uno, uma picape Strada e uma cegonheira. <\/p>\n<p>Quatro dos cinco mortos estavam no Fiat Uno da Secretaria Municipal de Sa\u00fade do munic\u00edpio de Cris\u00f3lita. As v\u00edtimas foram identificadas como Aquila Gomes da Silva Dias, de 33 anos, Domingos Dias de Souza, de 38, Aldeny Ferreira de Oliveira, de 53, e Ros\u00e1lia Gomes da Silva, de 55. O motorista da carreta, Luiz Cl\u00e1udio Souza Santos, de 41, tamb\u00e9m morreu no acidente. <\/p>\n<p>A Per\u00edcia T\u00e9cnica da Pol\u00edcia Civil foi acionada e, ap\u00f3s os trabalhos de praxe, liberou os corpos para a equipe do Instituto M\u00e9dico Legal (IML) de Te\u00f3filo Otoni. As causas do acidente ser\u00e3o investigadas.<\/p>\n<p><img decoding=\"async\" src=\"http:\/\/aconteceunovale.com.br\/portal\/wp-content\/uploads\/2017\/11\/vitimas_acidente_teo.jpg\" alt=\"\" \/><br \/>\n<\/br><\/p>\n<p>Confira imagens do local:<\/p>\n<p><img decoding=\"async\" src=\"http:\/\/aconteceunovale.com.br\/portal\/wp-content\/uploads\/2017\/11\/acidente_teo_madeira_1.jpg\" alt=\"\" \/><\/p>\n<p><img decoding=\"async\" src=\"http:\/\/aconteceunovale.com.br\/portal\/wp-content\/uploads\/2017\/11\/acidente_teo_madeira_2.jpg\" alt=\"\" \/><\/p>\n<p><img decoding=\"async\" src=\"http:\/\/aconteceunovale.com.br\/portal\/wp-content\/uploads\/2017\/11\/acidente_teo_madeira_3.jpg\" alt=\"\" \/><\/p>\n<p><img decoding=\"async\" src=\"http:\/\/aconteceunovale.com.br\/portal\/wp-content\/uploads\/2017\/11\/acidente_teo_madeira_4.jpg\" alt=\"\" \/><\/p>\n<p><img decoding=\"async\" src=\"http:\/\/aconteceunovale.com.br\/portal\/wp-content\/uploads\/2017\/11\/acidente_teo_madeira_5.jpg\" alt=\"\" \/><\/p>\n<p><img decoding=\"async\" src=\"http:\/\/aconteceunovale.com.br\/portal\/wp-content\/uploads\/2017\/11\/acidente_teo_madeira_6.jpg\" alt=\"\" \/><\/p>\n<p><img decoding=\"async\" src=\"http:\/\/aconteceunovale.com.br\/portal\/wp-content\/uploads\/2017\/11\/acidente_teo_madeira_7.jpg\" alt=\"\" \/><br \/>\n<\/br><\/p>\n<p><strong>VER PRIMEIRO<\/strong><\/p>\n<p>Receba as not\u00edcias do Aconteceu no Vale em primeira m\u00e3o. Clique em curtir no endere\u00e7o <a href=\"https:\/\/www.facebook.com\/aconteceunovale\" target=\"_blank\"><font color=\"red\">www.facebook.com\/aconteceunovale<\/font><\/a> ou no box abaixo:<\/p>\n<div class=\"fb-like\" data-href=\"https:\/\/www.facebook.com\/aconteceunovale\" data-width=\"120\" data-layout=\"standard\" data-action=\"like\" data-size=\"small\" data-show-faces=\"true\" data-share=\"true\"><\/div>\n<p><\/br><\/p>\n<p><em>(Por Reda\u00e7\u00e3o do Aconteceu no Vale \/ Cr\u00e9ditos imagens: Reprodu\u00e7\u00e3o WhatsApp)<\/em><\/p>\n","protected":false},"excerpt":{"rendered":"<p>Cinco pessoas morreram e uma ficou ferida em um grav\u00edssimo acidente por volta das 14h da tarde desta ter\u00e7a-feira (14\/11\/2017), na BR-116, no trecho conhecido como Serra do Nicolete, munic\u00edpio de Te\u00f3filo Otoni, no Vale do Mucuri. Segundo informa\u00e7\u00f5es da Pol\u00edcia Rodovi\u00e1ria Federal (PRF), uma carreta carregada de eucalipto tombou em uma curva, no sentido [&hellip;]<\/p>\n","protected":false},"author":1,"featured_media":123848,"comment_status":"open","ping_status":"closed","sticky":false,"template":"","format":"standard","meta":{"amp_status":"","footnotes":""},"categories":[122],"tags":[163936,163935,163934,163933,163932,163937,13880,31846,3945,163942,163946,163956,163958,163944,182,163931,163939,163940,1018,163945,58435,163948,163949,163938,163957,163947,163943,163941,164],"class_list":["post-123847","post","type-post","status-publish","format-standard","has-post-thumbnail","hentry","category-mucuri","tag-acidente-com-ambulancia-de-crisolita","tag-acidente-com-carro-da-saude-de-crisolita","tag-acidente-com-carro-de-crisolita","tag-acidente-com-moradores-de-cristolita","tag-acidente-com-pessoas-de-crisolita","tag-acidente-crisolita","tag-acidente-em-teofilo-otoni","tag-acidente-na-br-116-em-teofilo-otoni","tag-acidente-na-br-116","tag-acidente-na-serra-do-nicolete","tag-aldeni-ferreira-de-oliveira","tag-aldeny-ferreira-de-oliveira","tag-aquila-gomes-da-silva-dias","tag-atila-gomes-da-silva-dias","tag-br-116","tag-carreta-carregada-de-eucalipto-tomba-atinge-tres-veiculos-e-mata-cinco-pessoas-na-br-116-em-teofilo-otoni","tag-cinco-pessoas-morrem-em-acidente-na-br-116","tag-cinco-pessoas-morrem-em-acidente-na-br-116-em-teofilo-otoni","tag-destaque","tag-domingos-dias-de-souza","tag-em-teofilo-otoni","tag-luiz-claudio-o-souza-santos","tag-luiz-claudio-souza-santos","tag-prefeitura-de-crisolita","tag-rosalia-gomes-da-silva","tag-rozalia-gomes-da-silva","tag-secretaria-municipal-de-saude-de-crisolita","tag-serra-do-nicolete","tag-teofilo-otoni"],"_links":{"self":[{"href":"https:\/\/aconteceunovale.com.br\/portal\/index.php?rest_route=\/wp\/v2\/posts\/123847","targetHints":{"allow":["GET"]}}],"collection":[{"href":"https:\/\/aconteceunovale.com.br\/portal\/index.php?rest_route=\/wp\/v2\/posts"}],"about":[{"href":"https:\/\/aconteceunovale.com.br\/portal\/index.php?rest_route=\/wp\/v2\/types\/post"}],"author":[{"embeddable":true,"href":"https:\/\/aconteceunovale.com.br\/portal\/index.php?rest_route=\/wp\/v2\/users\/1"}],"replies":[{"embeddable":true,"href":"https:\/\/aconteceunovale.com.br\/portal\/index.php?rest_route=%2Fwp%2Fv2%2Fcomments&post=123847"}],"version-history":[{"count":0,"href":"https:\/\/aconteceunovale.com.br\/portal\/index.php?rest_route=\/wp\/v2\/posts\/123847\/revisions"}],"wp:featuredmedia":[{"embeddable":true,"href":"https:\/\/aconteceunovale.com.br\/portal\/index.php?rest_route=\/wp\/v2\/media\/123848"}],"wp:attachment":[{"href":"https:\/\/aconteceunovale.com.br\/portal\/index.php?rest_route=%2Fwp%2Fv2%2Fmedia&parent=123847"}],"wp:term":[{"taxonomy":"category","embeddable":true,"href":"https:\/\/aconteceunovale.com.br\/portal\/index.php?rest_route=%2Fwp%2Fv2%2Fcategories&post=123847"},{"taxonomy":"post_tag","embeddable":true,"href":"https:\/\/aconteceunovale.com.br\/portal\/index.php?rest_route=%2Fwp%2Fv2%2Ftags&post=123847"}],"curies":[{"name":"wp","href":"https:\/\/api.w.org\/{rel}","templated":true}]}}