{"id":123801,"date":"2017-11-13T11:22:45","date_gmt":"2017-11-13T13:22:45","guid":{"rendered":"http:\/\/aconteceunovale.com.br\/portal\/?p=123801"},"modified":"2017-11-13T11:22:45","modified_gmt":"2017-11-13T13:22:45","slug":"prefeito-de-ponto-dos-volantes-informa-datas-de-pagamento-dos-salarios-de-novembro-dezembro-e-13o-e-divulga-programacao-da-festa-de-aniversario-da-cidade-com-shows-de-araketu-e-gino-e-geno","status":"publish","type":"post","link":"https:\/\/aconteceunovale.com.br\/portal\/?p=123801","title":{"rendered":"Prefeito de Ponto dos Volantes informa datas de pagamento dos sal\u00e1rios de novembro, dezembro e 13\u00ba e divulga programa\u00e7\u00e3o da Festa de Anivers\u00e1rio da Cidade com shows de Araketu e Gino e Geno"},"content":{"rendered":"<p>Na \u00faltima sexta-feira, 10 de novembro, em evento da 1\u00aa Audi\u00eancia P\u00fablica Municipal de Educa\u00e7\u00e3o, o prefeito Leandro Santana informou o conte\u00fado do Decreto 115\/2017, que disp\u00f5e sobre as datas de pagamento de sal\u00e1rios dos servidores municipais.<\/p>\n<p>\u2022 <strong>01 de Dezembro<\/strong> &#8211; pagamento do sal\u00e1rio referente ao m\u00eas de novembro;<br \/>\n\u2022 <strong>15 de Dezembro<\/strong> &#8211; pagamento do 13\u00ba sal\u00e1rio;<br \/>\n\u2022 <strong>28 de Dezembro<\/strong> &#8211; pagamento do sal\u00e1rio referente ao m\u00eas de dezembro.<\/p>\n<p>Ainda no evento, o prefeito prestou conta de algumas a\u00e7\u00f5es desenvolvidas no munic\u00edpio, em especial dos investimentos feitos em educa\u00e7\u00e3o, esporte e sa\u00fade, como: a implanta\u00e7\u00e3o do Projeto Jiu-Jitsu, que atualmente atende 100 crian\u00e7as na sede do munic\u00edpio e \u00e9 totalmente gratuito; a implanta\u00e7\u00e3o das aulas de zumba para as mulheres; a amplia\u00e7\u00e3o do Tempo Integral, que permite que as crian\u00e7as fiquem o dia todo na escola; e as a\u00e7\u00f5es desenvolvidas na valoriza\u00e7\u00e3o dos servidores com o pagamento de gratifica\u00e7\u00e3o e ainda do 14\u00ba Sal\u00e1rio aos Professores.<\/p>\n<p><img decoding=\"async\" src=\"http:\/\/aconteceunovale.com.br\/portal\/wp-content\/uploads\/2017\/11\/materia_pv_1.jpg\" alt=\"\" \/><em>O Prefeito Leandro Santana durante a 1\u00aa Audi\u00eancia P\u00fablica Municipal de Educa\u00e7\u00e3o (Foto: Divulga\u00e7\u00e3o)<\/em><br \/>\n<\/br><\/p>\n<p>O prefeito tamb\u00e9m destacou os avan\u00e7os na sa\u00fade com a amplia\u00e7\u00e3o do atendimento especializado, exames, cirurgias e consultas e a filia\u00e7\u00e3o do munic\u00edpio a um segundo Cons\u00f3rcio P\u00fablico de Sa\u00fade, al\u00e9m das obras que est\u00e3o sendo desenvolvidas por todo o munic\u00edpio, como: a constru\u00e7\u00e3o de pontes nas comunidades de Morais, Verdes e Santa Rosa; pavimenta\u00e7\u00e3o de ruas na sede; e in\u00edcio do Programa \u00c1gua na Torneira, que j\u00e1 contemplou integralmente a comunidade de Jenipapo.<\/p>\n<p>Segundo o prefeito, <em>\u201co Decreto 115\/2017 ir\u00e1 permitir aos Servidores Municipais se programarem para melhor aproveitar o fim de ano, as confraterniza\u00e7\u00f5es e as festividades. Ponto dos Volantes tem muitos motivos para comemorar, apesar da crise e das dificuldades, as a\u00e7\u00f5es desenvolvidas no munic\u00edpio t\u00eam feito a diferen\u00e7a na vida das pessoas. A alegria do povo merece e deve ser celebrada, pois muitos s\u00e3o os motivos para se orgulhar e por isso, neste ano vamos comemorar com um grande evento nos dias 22 e 23 de dezembro com apresenta\u00e7\u00e3o da banda Araketu e da dupla sertaneja Gino &#038; Geno\u201d.<\/em><\/p>\n<p><img decoding=\"async\" src=\"http:\/\/aconteceunovale.com.br\/portal\/wp-content\/uploads\/2017\/11\/materia_pv_2.jpg\" alt=\"\" \/><em>O Prefeito Leandro Santana durante a 1\u00aa Audi\u00eancia P\u00fablica Municipal de Educa\u00e7\u00e3o (Foto: Divulga\u00e7\u00e3o)<\/em><br \/>\n<\/br><\/p>\n<p><img decoding=\"async\" src=\"http:\/\/aconteceunovale.com.br\/portal\/wp-content\/uploads\/2017\/11\/materia_pv_3.jpg\" alt=\"\" \/><em>O Prefeito Leandro Santana durante a 1\u00aa Audi\u00eancia P\u00fablica Municipal de Educa\u00e7\u00e3o (Foto: Divulga\u00e7\u00e3o)<\/em><br \/>\n<\/br><\/p>\n<h4>Programa\u00e7\u00e3o da Festa de Anivers\u00e1rio da Cidade<\/h4>\n<p><img decoding=\"async\" src=\"http:\/\/aconteceunovale.com.br\/portal\/wp-content\/uploads\/2017\/11\/materia_pv_4.jpg\" alt=\"\" \/><br \/>\n<\/br><\/p>\n<h4>Decreto 115\/2017<\/h4>\n<p><img decoding=\"async\" src=\"http:\/\/aconteceunovale.com.br\/portal\/wp-content\/uploads\/2017\/11\/decreto_2.jpg\" alt=\"\" \/><img decoding=\"async\" src=\"http:\/\/aconteceunovale.com.br\/portal\/wp-content\/uploads\/2017\/11\/decreto_3.jpg\" alt=\"\" \/><img decoding=\"async\" src=\"http:\/\/aconteceunovale.com.br\/portal\/wp-content\/uploads\/2017\/11\/decreto_4.jpg\" alt=\"\" \/><br \/>\n<\/br><\/p>\n<p><strong>VER PRIMEIRO<\/strong><\/p>\n<p>Receba as not\u00edcias do Aconteceu no Vale em primeira m\u00e3o. Clique em curtir no endere\u00e7o <a href=\"https:\/\/www.facebook.com\/aconteceunovale\" target=\"_blank\"><font color=\"red\">www.facebook.com\/aconteceunovale<\/font><\/a> ou no box abaixo:<\/p>\n<div class=\"fb-like\" data-href=\"https:\/\/www.facebook.com\/aconteceunovale\" data-width=\"120\" data-layout=\"standard\" data-action=\"like\" data-size=\"small\" data-show-faces=\"true\" data-share=\"true\"><\/div>\n<p><\/br><\/p>\n","protected":false},"excerpt":{"rendered":"<p>Na \u00faltima sexta-feira, 10 de novembro, em evento da 1\u00aa Audi\u00eancia P\u00fablica Municipal de Educa\u00e7\u00e3o, o prefeito Leandro Santana informou o conte\u00fado do Decreto 115\/2017, que disp\u00f5e sobre as datas de pagamento de sal\u00e1rios dos servidores municipais. \u2022 01 de Dezembro &#8211; pagamento do sal\u00e1rio referente ao m\u00eas de novembro; \u2022 15 de Dezembro &#8211; [&hellip;]<\/p>\n","protected":false},"author":1,"featured_media":123802,"comment_status":"open","ping_status":"closed","sticky":false,"template":"","format":"standard","meta":{"amp_status":"","footnotes":""},"categories":[120],"tags":[163840,163838,163833,163839,163836,163842,163834,163835,444,163831,163843,163837,163841,163832],"class_list":["post-123801","post","type-post","status-publish","format-standard","has-post-thumbnail","hentry","category-jequi","tag-agenda-festa-de-aniversario-de-ponto-dos-volantes","tag-atracoes-da-festa-de-aniversario-de-ponto-dos-volantes","tag-atuacao-prefeito-de-ponto-dos-volantes","tag-bandas-da-festa-de-aniversario-de-ponto-dos-volantes","tag-festa-de-aniversario-de-ponto-dos-volantes","tag-pagamento-de-salarios-dos-servidores-da-prefeitura-de-ponto-dos-volantes","tag-pagamento-de-salarios-prefeito-de-ponto-dos-volantes","tag-pagamento-de-servidores-prefeito-de-ponto-dos-volantes","tag-ponto-dos-volantes","tag-prefeito-de-ponto-dos-volantes","tag-prefeito-de-ponto-dos-volantes-informa-datas-de-pagamento-dos-salarios-de-novembro-dezembro-e-13o-e-divulga-programacao-da-festa-de-aniversario-da-cidade-com-shows-de-araketu-e-gino-e-geno","tag-programacao-da-festa-de-aniversario-de-ponto-dos-volantes","tag-shows-festa-de-aniversario-de-ponto-dos-volantes","tag-trabalho-prefeito-de-ponto-dos-volantes"],"_links":{"self":[{"href":"https:\/\/aconteceunovale.com.br\/portal\/index.php?rest_route=\/wp\/v2\/posts\/123801","targetHints":{"allow":["GET"]}}],"collection":[{"href":"https:\/\/aconteceunovale.com.br\/portal\/index.php?rest_route=\/wp\/v2\/posts"}],"about":[{"href":"https:\/\/aconteceunovale.com.br\/portal\/index.php?rest_route=\/wp\/v2\/types\/post"}],"author":[{"embeddable":true,"href":"https:\/\/aconteceunovale.com.br\/portal\/index.php?rest_route=\/wp\/v2\/users\/1"}],"replies":[{"embeddable":true,"href":"https:\/\/aconteceunovale.com.br\/portal\/index.php?rest_route=%2Fwp%2Fv2%2Fcomments&post=123801"}],"version-history":[{"count":0,"href":"https:\/\/aconteceunovale.com.br\/portal\/index.php?rest_route=\/wp\/v2\/posts\/123801\/revisions"}],"wp:featuredmedia":[{"embeddable":true,"href":"https:\/\/aconteceunovale.com.br\/portal\/index.php?rest_route=\/wp\/v2\/media\/123802"}],"wp:attachment":[{"href":"https:\/\/aconteceunovale.com.br\/portal\/index.php?rest_route=%2Fwp%2Fv2%2Fmedia&parent=123801"}],"wp:term":[{"taxonomy":"category","embeddable":true,"href":"https:\/\/aconteceunovale.com.br\/portal\/index.php?rest_route=%2Fwp%2Fv2%2Fcategories&post=123801"},{"taxonomy":"post_tag","embeddable":true,"href":"https:\/\/aconteceunovale.com.br\/portal\/index.php?rest_route=%2Fwp%2Fv2%2Ftags&post=123801"}],"curies":[{"name":"wp","href":"https:\/\/api.w.org\/{rel}","templated":true}]}}