{"id":123729,"date":"2017-11-10T12:32:14","date_gmt":"2017-11-10T14:32:14","guid":{"rendered":"http:\/\/aconteceunovale.com.br\/portal\/?p=123729"},"modified":"2017-11-10T12:32:14","modified_gmt":"2017-11-10T14:32:14","slug":"policia-civil-de-curvelo-prende-especialista-em-desmontar-veiculos-roubados","status":"publish","type":"post","link":"https:\/\/aconteceunovale.com.br\/portal\/?p=123729","title":{"rendered":"Pol\u00edcia Civil de Curvelo prende especialista em desmontar ve\u00edculos roubados"},"content":{"rendered":"<p>A Pol\u00edcia Civil encaminhou ao Pres\u00eddio de Curvelo na quarta-feira (8\/11\/2017) um homem, de 20 anos, preso por envolvimento em roubos de ve\u00edculos na regi\u00e3o Central de Minas Gerais. Segundo o delegado Robert Levy, respons\u00e1vel pelas investiga\u00e7\u00f5es, o homem tem liga\u00e7\u00f5es com as fac\u00e7\u00f5es Primeiro Comando da Capital (PCC) e Primeiro Grupo Catarinense (PGC).<\/p>\n<p>\u201cEle n\u00e3o faz parte destas quadrilhas, mas presta servi\u00e7o a elas. Ele \u00e9 especialista em desmanche de ve\u00edculos e \u00e9 contratado pelas quadrilhas para atuar em determinado ve\u00edculo\u201d, diz o delegado.<\/p>\n<p>As quadrilhas, segundo a pol\u00edcia, atuam em roubos a ve\u00edculos nas rodovias BR-135, BR-040 e BR-381. H\u00e1 cerca de cinco meses a pol\u00edcia iniciou uma investiga\u00e7\u00e3o sobre o roubo de um ve\u00edculo carregado de couro beneficiado. H\u00e1 dois meses a PC passou a monitorar as a\u00e7\u00f5es do desmontador. Um dos roubos, segundo a PC, foi avaliado em mais de R$ 3 milh\u00f5es, entre o conjunto do ve\u00edculo e a carga.<\/p>\n<p>Ele foi preso em Joinville (SC), na segunda-feira (6), em uma a\u00e7\u00e3o que contou com a participa\u00e7\u00e3o de policiais civis de Curvelo e da Divis\u00e3o de Investiga\u00e7\u00f5es Criminais (DIC) da Pol\u00edcia Civil de Santa Catarina.<\/p>\n<p>\u201cEste rapaz chegou a afirmar que desmonta uma caminhonete em 30 minutos. Os ve\u00edculos s\u00e3o desmontados e remontados de forma que facilite a revenda. A quadrilha tamb\u00e9m vende a carga que o ve\u00edculo estiver transportando, seja ela qual for\u201d, afirma Levy.<\/p>\n<p><img decoding=\"async\" src=\"http:\/\/aconteceunovale.com.br\/portal\/wp-content\/uploads\/2017\/11\/preso_curvelo.jpg\" alt=\"\" \/><em>Rapaz foi levado para o pres\u00eddio de Curvelo (Foto: Pol\u00edcia Civil\/Divulga\u00e7\u00e3o)<\/em><br \/>\n<\/br><\/p>\n<p><strong>VER PRIMEIRO<\/strong><\/p>\n<p>Receba as not\u00edcias do Aconteceu no Vale em primeira m\u00e3o. Clique em curtir no endere\u00e7o <a href=\"https:\/\/www.facebook.com\/aconteceunovale\" target=\"_blank\"><font color=\"red\">www.facebook.com\/aconteceunovale<\/font><\/a> ou no box abaixo:<\/p>\n<div class=\"fb-like\" data-href=\"https:\/\/www.facebook.com\/aconteceunovale\" data-width=\"120\" data-layout=\"standard\" data-action=\"like\" data-size=\"small\" data-show-faces=\"true\" data-share=\"true\"><\/div>\n<p><\/br><\/p>\n<p><em>(Fonte: G1 Grande Minas)<\/em><\/p>\n","protected":false},"excerpt":{"rendered":"<p>A Pol\u00edcia Civil encaminhou ao Pres\u00eddio de Curvelo na quarta-feira (8\/11\/2017) um homem, de 20 anos, preso por envolvimento em roubos de ve\u00edculos na regi\u00e3o Central de Minas Gerais. Segundo o delegado Robert Levy, respons\u00e1vel pelas investiga\u00e7\u00f5es, o homem tem liga\u00e7\u00f5es com as fac\u00e7\u00f5es Primeiro Comando da Capital (PCC) e Primeiro Grupo Catarinense (PGC). \u201cEle [&hellip;]<\/p>\n","protected":false},"author":1,"featured_media":123730,"comment_status":"open","ping_status":"closed","sticky":false,"template":"","format":"standard","meta":{"amp_status":"","footnotes":""},"categories":[123],"tags":[197,81106,21339,134044,163737,163738,148362,134043,163736,81105],"class_list":["post-123729","post","type-post","status-publish","format-standard","has-post-thumbnail","hentry","category-gerais","tag-curvelo","tag-delegado-robert-levy","tag-joinville","tag-pcc","tag-pgc","tag-policia-civil-de-curvelo-prende-especialista-em-desmontar-veiculos-roubados","tag-preso-em-curvelo","tag-primeiro-comando-da-capital","tag-primeiro-grupo-catarinense","tag-robert-levy"],"_links":{"self":[{"href":"https:\/\/aconteceunovale.com.br\/portal\/index.php?rest_route=\/wp\/v2\/posts\/123729","targetHints":{"allow":["GET"]}}],"collection":[{"href":"https:\/\/aconteceunovale.com.br\/portal\/index.php?rest_route=\/wp\/v2\/posts"}],"about":[{"href":"https:\/\/aconteceunovale.com.br\/portal\/index.php?rest_route=\/wp\/v2\/types\/post"}],"author":[{"embeddable":true,"href":"https:\/\/aconteceunovale.com.br\/portal\/index.php?rest_route=\/wp\/v2\/users\/1"}],"replies":[{"embeddable":true,"href":"https:\/\/aconteceunovale.com.br\/portal\/index.php?rest_route=%2Fwp%2Fv2%2Fcomments&post=123729"}],"version-history":[{"count":0,"href":"https:\/\/aconteceunovale.com.br\/portal\/index.php?rest_route=\/wp\/v2\/posts\/123729\/revisions"}],"wp:featuredmedia":[{"embeddable":true,"href":"https:\/\/aconteceunovale.com.br\/portal\/index.php?rest_route=\/wp\/v2\/media\/123730"}],"wp:attachment":[{"href":"https:\/\/aconteceunovale.com.br\/portal\/index.php?rest_route=%2Fwp%2Fv2%2Fmedia&parent=123729"}],"wp:term":[{"taxonomy":"category","embeddable":true,"href":"https:\/\/aconteceunovale.com.br\/portal\/index.php?rest_route=%2Fwp%2Fv2%2Fcategories&post=123729"},{"taxonomy":"post_tag","embeddable":true,"href":"https:\/\/aconteceunovale.com.br\/portal\/index.php?rest_route=%2Fwp%2Fv2%2Ftags&post=123729"}],"curies":[{"name":"wp","href":"https:\/\/api.w.org\/{rel}","templated":true}]}}