{"id":123726,"date":"2017-11-10T12:27:39","date_gmt":"2017-11-10T14:27:39","guid":{"rendered":"http:\/\/aconteceunovale.com.br\/portal\/?p=123726"},"modified":"2017-11-10T12:27:39","modified_gmt":"2017-11-10T14:27:39","slug":"suspeito-de-assaltos-a-caminhoneiros-na-br-251-e-preso-no-municipio-de-curral-de-dentro","status":"publish","type":"post","link":"https:\/\/aconteceunovale.com.br\/portal\/?p=123726","title":{"rendered":"Suspeito de assaltos a caminhoneiros na BR-251 \u00e9 preso no munic\u00edpio de Curral de Dentro"},"content":{"rendered":"<p>Um homem de 39 anos foi preso na ter\u00e7a-feira (08\/11\/2017) em uma comunidade rural pr\u00f3ximo a Curral de Dentro, no Norte de Minas, suspeito de ser autor de roubo a caminhoneiros e cargas na BR-251.<\/p>\n<p>Segundo a Pol\u00edcia Militar, o homem foi encontrado ap\u00f3s den\u00fancias an\u00f4nimas. A pol\u00edcia montou a\u00e7\u00e3o de rastreamento e prendeu o autor em sua casa, na comunidade Passagem de Pedra. Na resid\u00eancia, foram apreendidos um rev\u00f3lver calibre .38, duas espingardas polveiras, muni\u00e7\u00f5es de diversos calibres, al\u00e9m de r\u00e1dios transmissores, uma arma artesanal de choque e um algema.<\/p>\n<p>Na casa do suspeito, a PM encontrou tamb\u00e9m grande quantidade de materiais e cargas variadas, a maioria de suplemento animal, sem comprova\u00e7\u00e3o de compra. A PM acredita que o material tenha sido furtado de caminhoneiros na BR-251.<\/p>\n<p>Segundo a pol\u00edcia, os roubos a cargas de caminhoneiros nesta regi\u00e3o \u00e9 bem comum, e os motoristas precisam redobrar aten\u00e7\u00e3o. &#8220;Principalmente aqui na rodovia, \u00e9 bem comum este tipo de ocorr\u00eancia. As a\u00e7\u00f5es costumam ser com uso de armas longas e de forma violenta. O ideal \u00e9 transitar mais cedo, evitando madrugadas, que s\u00e3o hor\u00e1rios de tr\u00e2nsito mais parado e o n\u00famero de roubos cresce&#8221;, comenta o cabo Cleilson Neris.<\/p>\n<p>O homem preso foi encaminhado \u00e0 delegacia de Salinas. Ele poder\u00e1 ser enquadrado em dois crimes: posse ilegal de arma de fogo e recepta\u00e7\u00e3o.<\/p>\n<p><img decoding=\"async\" src=\"http:\/\/aconteceunovale.com.br\/portal\/wp-content\/uploads\/2017\/11\/assalto_caminhao_251.jpeg\" alt=\"\" \/><em>Material apreendido pela pol\u00edcia na casa do autor (Foto: Pol\u00edcia Militar\/Divulga\u00e7\u00e3o)<\/em><br \/>\n<\/br><\/p>\n<p><strong>VER PRIMEIRO<\/strong><\/p>\n<p>Receba as not\u00edcias do Aconteceu no Vale em primeira m\u00e3o. Clique em curtir no endere\u00e7o <a href=\"https:\/\/www.facebook.com\/aconteceunovale\" target=\"_blank\"><font color=\"red\">www.facebook.com\/aconteceunovale<\/font><\/a> ou no box abaixo:<\/p>\n<div class=\"fb-like\" data-href=\"https:\/\/www.facebook.com\/aconteceunovale\" data-width=\"120\" data-layout=\"standard\" data-action=\"like\" data-size=\"small\" data-show-faces=\"true\" data-share=\"true\"><\/div>\n<p><\/br><\/p>\n<p><em>(Fonte: G1 Grande Minas)<\/em><\/p>\n","protected":false},"excerpt":{"rendered":"<p>Um homem de 39 anos foi preso na ter\u00e7a-feira (08\/11\/2017) em uma comunidade rural pr\u00f3ximo a Curral de Dentro, no Norte de Minas, suspeito de ser autor de roubo a caminhoneiros e cargas na BR-251. Segundo a Pol\u00edcia Militar, o homem foi encontrado ap\u00f3s den\u00fancias an\u00f4nimas. A pol\u00edcia montou a\u00e7\u00e3o de rastreamento e prendeu o [&hellip;]<\/p>\n","protected":false},"author":1,"featured_media":123727,"comment_status":"open","ping_status":"closed","sticky":false,"template":"","format":"standard","meta":{"amp_status":"","footnotes":""},"categories":[1236],"tags":[163734,90852,163732,921,90456,163733,163735],"class_list":["post-123726","post","type-post","status-publish","format-standard","has-post-thumbnail","hentry","category-norte_de_minas","tag-assaltante-de-caminhoneiro-na-br-251","tag-assalto-br-251","tag-assalto-caminhoneiro-br-251","tag-br-251","tag-roubo-br-251","tag-roubo-caminhoneiro-br-251","tag-suspeito-de-assaltos-a-caminhoneiros-na-br-251-e-preso-no-municipio-de-curral-de-dentro"],"_links":{"self":[{"href":"https:\/\/aconteceunovale.com.br\/portal\/index.php?rest_route=\/wp\/v2\/posts\/123726","targetHints":{"allow":["GET"]}}],"collection":[{"href":"https:\/\/aconteceunovale.com.br\/portal\/index.php?rest_route=\/wp\/v2\/posts"}],"about":[{"href":"https:\/\/aconteceunovale.com.br\/portal\/index.php?rest_route=\/wp\/v2\/types\/post"}],"author":[{"embeddable":true,"href":"https:\/\/aconteceunovale.com.br\/portal\/index.php?rest_route=\/wp\/v2\/users\/1"}],"replies":[{"embeddable":true,"href":"https:\/\/aconteceunovale.com.br\/portal\/index.php?rest_route=%2Fwp%2Fv2%2Fcomments&post=123726"}],"version-history":[{"count":0,"href":"https:\/\/aconteceunovale.com.br\/portal\/index.php?rest_route=\/wp\/v2\/posts\/123726\/revisions"}],"wp:featuredmedia":[{"embeddable":true,"href":"https:\/\/aconteceunovale.com.br\/portal\/index.php?rest_route=\/wp\/v2\/media\/123727"}],"wp:attachment":[{"href":"https:\/\/aconteceunovale.com.br\/portal\/index.php?rest_route=%2Fwp%2Fv2%2Fmedia&parent=123726"}],"wp:term":[{"taxonomy":"category","embeddable":true,"href":"https:\/\/aconteceunovale.com.br\/portal\/index.php?rest_route=%2Fwp%2Fv2%2Fcategories&post=123726"},{"taxonomy":"post_tag","embeddable":true,"href":"https:\/\/aconteceunovale.com.br\/portal\/index.php?rest_route=%2Fwp%2Fv2%2Ftags&post=123726"}],"curies":[{"name":"wp","href":"https:\/\/api.w.org\/{rel}","templated":true}]}}