{"id":123721,"date":"2017-11-10T12:21:37","date_gmt":"2017-11-10T14:21:37","guid":{"rendered":"http:\/\/aconteceunovale.com.br\/portal\/?p=123721"},"modified":"2017-11-10T12:21:37","modified_gmt":"2017-11-10T14:21:37","slug":"policia-prende-dois-autores-de-homicidios-no-norte-de-minas","status":"publish","type":"post","link":"https:\/\/aconteceunovale.com.br\/portal\/?p=123721","title":{"rendered":"Pol\u00edcia prende dois autores de homic\u00eddios no Norte de Minas"},"content":{"rendered":"<p>Um rapaz de 23 anos foi preso na manh\u00e3 de quarta-feira (08\/11\/2017), em Ja\u00edba, mediante mandado de pris\u00e3o. Ele foi encontrado na casa do pai dele em uma opera\u00e7\u00e3o conjunta das pol\u00edcias Civil e Militar. De acordo com a Pol\u00edcia Civil, o suspeito participou de dois homic\u00eddios em 2016.<\/p>\n<p>Em um deles, em Itacarambi, um homem de 31 anos foi morto com um tiro durante uma festa da cidade. Em Varzel\u00e2ndia, um homem, tamb\u00e9m de 31, foi morto em casa. Na ocasi\u00e3o, outros tr\u00eas homens ficaram feridos e foram socorridos pelo Samu.<\/p>\n<p><img decoding=\"async\" src=\"http:\/\/aconteceunovale.com.br\/portal\/wp-content\/uploads\/2017\/11\/presos_nm_homicidios_1.jpg\" alt=\"\" \/><em>Rapaz \u00e9 suspeito de dois homic\u00eddios (Foto: Pol\u00edcia Civil\/Divulga\u00e7\u00e3o)<\/em><br \/>\n<\/br><\/p>\n<h4>Preso em Janu\u00e1ria<\/h4>\n<p>Um homem de 24 anos foi preso na tarde de ter\u00e7a-feira (7), em cumprimento de mandado, como o autor de um homic\u00eddio em Janu\u00e1ria, no Norte de Minas. De acordo com o delegado Alberto Ten\u00f3rio, respons\u00e1vel pela investiga\u00e7\u00e3o, o crime ocorreu no dia 24 de dezembro de 2016, no Bairro Vila Verde.<\/p>\n<p>Segundo o delegado, a v\u00edtima estava em um carro quando foi baleada. A PC diz que durante a investiga\u00e7\u00e3o o autor chegou a confessar o crime.<\/p>\n<p>\u201cEste bairro \u00e9 conhecido pela pol\u00edcia como local de ponto de venda de drogas. Este \u00e9 o motivo do homic\u00eddio. O autor afirma ter tido uma desaven\u00e7a anterior com a v\u00edtima e, por isso, resolveu mata-la\u201d.<\/p>\n<p>O preso foi levado \u00e0 delegacia de Plant\u00e3o, mas ser\u00e1 levado ainda nesta segunda-feira ao pres\u00eddio da cidade.<\/p>\n<p><img decoding=\"async\" src=\"http:\/\/aconteceunovale.com.br\/portal\/wp-content\/uploads\/2017\/11\/presos_nm_homicidios_2.jpg\" alt=\"\" \/><em>Autor confessou o crime, segundo a pol\u00edcia (Foto: Pol\u00edcia Civil\/Divulga\u00e7\u00e3o)<\/em><br \/>\n<\/br><\/p>\n<p><strong>VER PRIMEIRO<\/strong><\/p>\n<p>Receba as not\u00edcias do Aconteceu no Vale em primeira m\u00e3o. Clique em curtir no endere\u00e7o <a href=\"https:\/\/www.facebook.com\/aconteceunovale\" target=\"_blank\"><font color=\"red\">www.facebook.com\/aconteceunovale<\/font><\/a> ou no box abaixo:<\/p>\n<div class=\"fb-like\" data-href=\"https:\/\/www.facebook.com\/aconteceunovale\" data-width=\"120\" data-layout=\"standard\" data-action=\"like\" data-size=\"small\" data-show-faces=\"true\" data-share=\"true\"><\/div>\n<p><\/br><\/p>\n<p><em>(Fonte: G1 Grande Minas)<\/em><\/p>\n","protected":false},"excerpt":{"rendered":"<p>Um rapaz de 23 anos foi preso na manh\u00e3 de quarta-feira (08\/11\/2017), em Ja\u00edba, mediante mandado de pris\u00e3o. Ele foi encontrado na casa do pai dele em uma opera\u00e7\u00e3o conjunta das pol\u00edcias Civil e Militar. De acordo com a Pol\u00edcia Civil, o suspeito participou de dois homic\u00eddios em 2016. Em um deles, em Itacarambi, um [&hellip;]<\/p>\n","protected":false},"author":1,"featured_media":123724,"comment_status":"open","ping_status":"closed","sticky":false,"template":"","format":"standard","meta":{"amp_status":"","footnotes":""},"categories":[1236],"tags":[1705,1058,205,163731,63449,87532,163730,1713],"class_list":["post-123721","post","type-post","status-publish","format-standard","has-post-thumbnail","hentry","category-norte_de_minas","tag-itacarambi","tag-jaiba","tag-januaria","tag-policia-prende-dois-autores-de-homicidios-no-norte-de-minas","tag-preso-em-januaria","tag-preso-jaiba","tag-preso-por-homicidio-em-jaiba","tag-varzelandia"],"_links":{"self":[{"href":"https:\/\/aconteceunovale.com.br\/portal\/index.php?rest_route=\/wp\/v2\/posts\/123721","targetHints":{"allow":["GET"]}}],"collection":[{"href":"https:\/\/aconteceunovale.com.br\/portal\/index.php?rest_route=\/wp\/v2\/posts"}],"about":[{"href":"https:\/\/aconteceunovale.com.br\/portal\/index.php?rest_route=\/wp\/v2\/types\/post"}],"author":[{"embeddable":true,"href":"https:\/\/aconteceunovale.com.br\/portal\/index.php?rest_route=\/wp\/v2\/users\/1"}],"replies":[{"embeddable":true,"href":"https:\/\/aconteceunovale.com.br\/portal\/index.php?rest_route=%2Fwp%2Fv2%2Fcomments&post=123721"}],"version-history":[{"count":0,"href":"https:\/\/aconteceunovale.com.br\/portal\/index.php?rest_route=\/wp\/v2\/posts\/123721\/revisions"}],"wp:featuredmedia":[{"embeddable":true,"href":"https:\/\/aconteceunovale.com.br\/portal\/index.php?rest_route=\/wp\/v2\/media\/123724"}],"wp:attachment":[{"href":"https:\/\/aconteceunovale.com.br\/portal\/index.php?rest_route=%2Fwp%2Fv2%2Fmedia&parent=123721"}],"wp:term":[{"taxonomy":"category","embeddable":true,"href":"https:\/\/aconteceunovale.com.br\/portal\/index.php?rest_route=%2Fwp%2Fv2%2Fcategories&post=123721"},{"taxonomy":"post_tag","embeddable":true,"href":"https:\/\/aconteceunovale.com.br\/portal\/index.php?rest_route=%2Fwp%2Fv2%2Ftags&post=123721"}],"curies":[{"name":"wp","href":"https:\/\/api.w.org\/{rel}","templated":true}]}}