{"id":123713,"date":"2017-11-10T10:46:24","date_gmt":"2017-11-10T12:46:24","guid":{"rendered":"http:\/\/aconteceunovale.com.br\/portal\/?p=123713"},"modified":"2017-11-10T10:46:24","modified_gmt":"2017-11-10T12:46:24","slug":"mototaxista-e-baleado-ao-tentar-fugir-de-assalto-em-montes-claros","status":"publish","type":"post","link":"https:\/\/aconteceunovale.com.br\/portal\/?p=123713","title":{"rendered":"Mototaxista \u00e9 baleado ao tentar fugir de assalto em Montes Claros"},"content":{"rendered":"<p>Um mototaxista de 35 anos foi atingido nas costas depois de tentar fugir de um roubo, no Bairro Village do Lago, em Montes Claros, na tarde dessa quinta-feira (9\/11\/2017). A v\u00edtima foi socorrida pelo Samu com perfura\u00e7\u00e3o do pulm\u00e3o e duas costelas fraturadas. Quatro pessoas suspeitas foram detidas, dentre elas uma adolescente de 16 anos, durante rastreamento. Um dos envolvidos, de 21, foi preso por atrapalhar o trabalho dos militares. A pol\u00edcia chegou ao grupo depois de identificar a adolescente pelo circuito interno de seguran\u00e7a do ponto do mototaxista, no Bairro Renascen\u00e7a.<\/p>\n<p>\u201cFizemos levantamentos mediante as imagens do circuito e a adolescente foi reconhecida; ela \u00e9 moradora do Bairro Recanto das \u00c1guas. No momento da abordagem, depois de tentar negar, ela confessou o crime e n\u00f3s continuamos os levantamentos. Um homem, j\u00e1 identificado, n\u00e3o foi encontrado. O rapaz que contou para ele sobre a presen\u00e7a da pol\u00edcia na regi\u00e3o foi preso para esclarecimentos\u201d, explicou o tenente da Pol\u00edcia Militar, Andr\u00e9 Joaquim de Souza. Os outros dois detidos t\u00eam 17 e 19 anos.<\/p>\n<p>O crime aconteceu na Rua L, no n\u00famero 220. O mototaxista contou para a pol\u00edcia que percebeu quando a adolescente desceu da motocicleta e foi em dire\u00e7\u00e3o a um matagal. Ele foi atingido no momento em que acelerava a motocicleta para fugir.<\/p>\n<p>O grupo foi detido em duas casas, na mesma rua, no Bairro Recanto das \u00c1guas. A arma utilizada no crime foi encontrada em um matagal pr\u00f3ximo a resid\u00eancia de um dos envolvidos, de acordo com a PM. Os criminosos foram encaminhados \u00e0 delegacia de plant\u00e3o.<\/p>\n<p><img decoding=\"async\" src=\"http:\/\/aconteceunovale.com.br\/portal\/wp-content\/uploads\/2017\/11\/mototaxista_baleado_moc.jpg\" alt=\"\" \/><em>Detidos t\u00eam 16, 17, 19 e 21 anos, e foram levados para a delegacia (Foto: PM\/Divulga\u00e7\u00e3o)<\/em><br \/>\n<\/br><\/p>\n<p><strong>VER PRIMEIRO<\/strong><\/p>\n<p>Receba as not\u00edcias do Aconteceu no Vale em primeira m\u00e3o. Clique em curtir no endere\u00e7o <a href=\"https:\/\/www.facebook.com\/aconteceunovale\" target=\"_blank\"><font color=\"red\">www.facebook.com\/aconteceunovale<\/font><\/a> ou no box abaixo:<\/p>\n<div class=\"fb-like\" data-href=\"https:\/\/www.facebook.com\/aconteceunovale\" data-width=\"120\" data-layout=\"standard\" data-action=\"like\" data-size=\"small\" data-show-faces=\"true\" data-share=\"true\"><\/div>\n<p><\/br><\/p>\n<p><em>(Fonte: G1 Grande Minas)<\/em><\/p>\n","protected":false},"excerpt":{"rendered":"<p>Um mototaxista de 35 anos foi atingido nas costas depois de tentar fugir de um roubo, no Bairro Village do Lago, em Montes Claros, na tarde dessa quinta-feira (9\/11\/2017). A v\u00edtima foi socorrida pelo Samu com perfura\u00e7\u00e3o do pulm\u00e3o e duas costelas fraturadas. Quatro pessoas suspeitas foram detidas, dentre elas uma adolescente de 16 anos, [&hellip;]<\/p>\n","protected":false},"author":1,"featured_media":123715,"comment_status":"open","ping_status":"closed","sticky":false,"template":"","format":"standard","meta":{"amp_status":"","footnotes":""},"categories":[1236],"tags":[73279,163724,210,163725,163723,61641,151858],"class_list":["post-123713","post","type-post","status-publish","format-standard","has-post-thumbnail","hentry","category-norte_de_minas","tag-assalto-montes-claros","tag-assalto-mototaxista-em-montes-claros","tag-montes-claros","tag-mototaxista-baleado-em-montes-claros","tag-mototaxista-e-baleado-ao-tentar-fugir-de-assalto-em-montes-claros","tag-roubo-montes-claros","tag-roubo-mototaxista-em-montes-claros"],"_links":{"self":[{"href":"https:\/\/aconteceunovale.com.br\/portal\/index.php?rest_route=\/wp\/v2\/posts\/123713","targetHints":{"allow":["GET"]}}],"collection":[{"href":"https:\/\/aconteceunovale.com.br\/portal\/index.php?rest_route=\/wp\/v2\/posts"}],"about":[{"href":"https:\/\/aconteceunovale.com.br\/portal\/index.php?rest_route=\/wp\/v2\/types\/post"}],"author":[{"embeddable":true,"href":"https:\/\/aconteceunovale.com.br\/portal\/index.php?rest_route=\/wp\/v2\/users\/1"}],"replies":[{"embeddable":true,"href":"https:\/\/aconteceunovale.com.br\/portal\/index.php?rest_route=%2Fwp%2Fv2%2Fcomments&post=123713"}],"version-history":[{"count":0,"href":"https:\/\/aconteceunovale.com.br\/portal\/index.php?rest_route=\/wp\/v2\/posts\/123713\/revisions"}],"wp:featuredmedia":[{"embeddable":true,"href":"https:\/\/aconteceunovale.com.br\/portal\/index.php?rest_route=\/wp\/v2\/media\/123715"}],"wp:attachment":[{"href":"https:\/\/aconteceunovale.com.br\/portal\/index.php?rest_route=%2Fwp%2Fv2%2Fmedia&parent=123713"}],"wp:term":[{"taxonomy":"category","embeddable":true,"href":"https:\/\/aconteceunovale.com.br\/portal\/index.php?rest_route=%2Fwp%2Fv2%2Fcategories&post=123713"},{"taxonomy":"post_tag","embeddable":true,"href":"https:\/\/aconteceunovale.com.br\/portal\/index.php?rest_route=%2Fwp%2Fv2%2Ftags&post=123713"}],"curies":[{"name":"wp","href":"https:\/\/api.w.org\/{rel}","templated":true}]}}