{"id":123711,"date":"2017-11-10T10:38:54","date_gmt":"2017-11-10T12:38:54","guid":{"rendered":"http:\/\/aconteceunovale.com.br\/portal\/?p=123711"},"modified":"2017-11-10T10:42:32","modified_gmt":"2017-11-10T12:42:32","slug":"mulher-e-agredida-com-tijolada-na-cabeca-em-jaiba","status":"publish","type":"post","link":"https:\/\/aconteceunovale.com.br\/portal\/?p=123711","title":{"rendered":"Mulher \u00e9 agredida com tijolada na cabe\u00e7a em Ja\u00edba"},"content":{"rendered":"<p>Uma mulher de 26 anos foi agredida com uma tijolada na cabe\u00e7a pelo companheiro dela, de 39, durante uma discuss\u00e3o familiar. De acordo com a Pol\u00edcia Militar (PM), a v\u00edtima foi socorrida consciente pelo Samu e levada at\u00e9 o hospital da cidade. O suspeito da agress\u00e3o n\u00e3o foi encontrado.<\/p>\n<p>O crime aconteceu por volta das 20h, dessa quinta-feira (9\/11\/2017), em um Centro Comunit\u00e1rio em Ja\u00edba. O Samu informou que a v\u00edtima teve um corte profundo na regi\u00e3o atingida. A Pol\u00edcia Militar n\u00e3o informou a motiva\u00e7\u00e3o da discuss\u00e3o e a Pol\u00edcia Civil investigar\u00e1 o caso.<\/p>\n<p><strong>VER PRIMEIRO<\/strong><\/p>\n<p>Receba as not\u00edcias do Aconteceu no Vale em primeira m\u00e3o. Clique em curtir no endere\u00e7o <a href=\"https:\/\/www.facebook.com\/aconteceunovale\" target=\"_blank\"><font color=\"red\">www.facebook.com\/aconteceunovale<\/font><\/a> ou no box abaixo:<\/p>\n<div class=\"fb-like\" data-href=\"https:\/\/www.facebook.com\/aconteceunovale\" data-width=\"120\" data-layout=\"standard\" data-action=\"like\" data-size=\"small\" data-show-faces=\"true\" data-share=\"true\"><\/div>\n<p><\/br><\/p>\n<p><em>(Fonte: G1 Grande Minas)<\/em><\/p>\n","protected":false},"excerpt":{"rendered":"<p>Uma mulher de 26 anos foi agredida com uma tijolada na cabe\u00e7a pelo companheiro dela, de 39, durante uma discuss\u00e3o familiar. De acordo com a Pol\u00edcia Militar (PM), a v\u00edtima foi socorrida consciente pelo Samu e levada at\u00e9 o hospital da cidade. O suspeito da agress\u00e3o n\u00e3o foi encontrado. O crime aconteceu por volta das [&hellip;]<\/p>\n","protected":false},"author":1,"featured_media":71442,"comment_status":"open","ping_status":"closed","sticky":false,"template":"","format":"standard","meta":{"amp_status":"","footnotes":""},"categories":[1236],"tags":[163720,163722,163719,1058,163721,163718],"class_list":["post-123711","post","type-post","status-publish","format-standard","has-post-thumbnail","hentry","category-norte_de_minas","tag-agredida-com-tijolo-jaiba","tag-agressao-jaiba","tag-briga-jaiba","tag-jaiba","tag-mulher-agredida-em-jaiba","tag-mulher-e-agredida-com-tijolada-na-cabeca-em-jaiba"],"_links":{"self":[{"href":"https:\/\/aconteceunovale.com.br\/portal\/index.php?rest_route=\/wp\/v2\/posts\/123711","targetHints":{"allow":["GET"]}}],"collection":[{"href":"https:\/\/aconteceunovale.com.br\/portal\/index.php?rest_route=\/wp\/v2\/posts"}],"about":[{"href":"https:\/\/aconteceunovale.com.br\/portal\/index.php?rest_route=\/wp\/v2\/types\/post"}],"author":[{"embeddable":true,"href":"https:\/\/aconteceunovale.com.br\/portal\/index.php?rest_route=\/wp\/v2\/users\/1"}],"replies":[{"embeddable":true,"href":"https:\/\/aconteceunovale.com.br\/portal\/index.php?rest_route=%2Fwp%2Fv2%2Fcomments&post=123711"}],"version-history":[{"count":0,"href":"https:\/\/aconteceunovale.com.br\/portal\/index.php?rest_route=\/wp\/v2\/posts\/123711\/revisions"}],"wp:featuredmedia":[{"embeddable":true,"href":"https:\/\/aconteceunovale.com.br\/portal\/index.php?rest_route=\/wp\/v2\/media\/71442"}],"wp:attachment":[{"href":"https:\/\/aconteceunovale.com.br\/portal\/index.php?rest_route=%2Fwp%2Fv2%2Fmedia&parent=123711"}],"wp:term":[{"taxonomy":"category","embeddable":true,"href":"https:\/\/aconteceunovale.com.br\/portal\/index.php?rest_route=%2Fwp%2Fv2%2Fcategories&post=123711"},{"taxonomy":"post_tag","embeddable":true,"href":"https:\/\/aconteceunovale.com.br\/portal\/index.php?rest_route=%2Fwp%2Fv2%2Ftags&post=123711"}],"curies":[{"name":"wp","href":"https:\/\/api.w.org\/{rel}","templated":true}]}}