{"id":123709,"date":"2017-11-10T10:27:48","date_gmt":"2017-11-10T12:27:48","guid":{"rendered":"http:\/\/aconteceunovale.com.br\/portal\/?p=123709"},"modified":"2017-11-10T10:27:48","modified_gmt":"2017-11-10T12:27:48","slug":"jovens-que-desejam-retornar-a-escola-em-2018-tem-ate-o-dia-2511-para-se-inscrever","status":"publish","type":"post","link":"https:\/\/aconteceunovale.com.br\/portal\/?p=123709","title":{"rendered":"Jovens que desejam retornar \u00e0 escola em 2018 t\u00eam at\u00e9 o dia 25\/11 para se inscrever"},"content":{"rendered":"<p>Jovens que por algum motivo abandonaram a escola antes de concluir os estudos e desejam retornar em 2018 devem ficar atentos ao chamamento realizado pela\u00a0Secretaria de Estado de Educa\u00e7\u00e3o (SEE). At\u00e9 o dia 25 de novembro (s\u00e1bado), eles podem se inscrever por meio de formul\u00e1rio eletr\u00f4nico\u00a0<span style=\"text-decoration: underline;\"><span style=\"color: #ff0000;\"><a href=\"https:\/\/docs.google.com\/forms\/d\/e\/1FAIpQLSedXhcU48DwhoVETuDfp8bfK4GV46zIMpv_L3HiKTxFtEp3vQ\/viewform?c=0&amp;w=1\" target=\"_blank\"><span style=\"color: #ff0000; text-decoration: underline;\">dispon\u00edvel neste link<\/span><\/a><\/span><\/span>, e assegurar uma vaga na rede estadual de ensino para o pr\u00f3ximo ano letivo.<\/p>\n<p>A diretora de Juventude da SEE, Priscylla Ramalho, destaca a import\u00e2ncia dos jovens ficarem atentos ao prazo de inscri\u00e7\u00e3o. \u201cA campanha vai levantar as demandas de vagas para o pr\u00f3ximo ano, por isso, \u00e9 importante que todos que t\u00eam interesse em retornar os estudos se inscrevam\u201d, afirma.<\/p>\n<p>A a\u00e7\u00e3o faz parte da Campanha VEM. Promovida pela SEE, ela \u00e9 umas das frentes da Virada Educa\u00e7\u00e3o Minas Gerais que foi criada com o objetivo de trazer de volta para a escola o jovem em situa\u00e7\u00e3o de evas\u00e3o. O mote da campanha deste ano \u00e9 \u201cA escola s\u00f3 fica completa quando voc\u00ea faz parte dela\u201d.<\/p>\n<p>Desde 2015, a SEE tem mobilizado esfor\u00e7os para sensibilizar os jovens sobre a import\u00e2ncia de retornar aos estudos. A campanha \u00e9 direcionada especialmente para as pessoas que ainda n\u00e3o conclu\u00edram o Ensino M\u00e9dio e que desejam retornar para o ensino regular ou Educa\u00e7\u00e3o de Jovens e Adultos (EJA), j\u00e1 que o Cadastramento Escolar 2018 deste ano contemplou tamb\u00e9m a EJA Ensino Fundamental.<\/p>\n<p>Ao manifestar o seu interesse por meio da inscri\u00e7\u00e3o no site da SEE, o candidato ser\u00e1 ent\u00e3o encaminhado a uma unidade escolar e ter\u00e1 a sua vaga assegurada na rede estadual de ensino para o ano letivo de 2018.<\/p>\n<p>A secret\u00e1ria de Estado de Educa\u00e7\u00e3o, Maca\u00e9 Evaristo, explica que a Campanha VEM faz parte de um movimento de mudan\u00e7a na escola, um esfor\u00e7o da secretaria em escutar a juventude e discutir com toda a comunidade escolar estrat\u00e9gias para criar uma escola mais afinada com a realidade dos estudantes.<\/p>\n<p>\u201cEstamos empenhados em ouvir a juventude e pensar a\u00e7\u00f5es que respondam as suas demandas para construirmos coletivamente. Realizamos rodas de conversas, pesquisas diagn\u00f3sticas, encontros e diversos momentos de escuta e mobiliza\u00e7\u00e3o, que desde o in\u00edcio desta gest\u00e3o est\u00e3o pautando nossas principais a\u00e7\u00f5es. Podemos destacar a amplia\u00e7\u00e3o da nossa Pol\u00edtica de Educa\u00e7\u00e3o Integral e Integrada em todo o Estado, com o atendimento de mais de 150 mil estudantes, e que, a partir deste semestre, passou a contemplar tamb\u00e9m 44 escolas de ensino m\u00e9dio; a Educa\u00e7\u00e3o Profissional, que hoje j\u00e1 conta com mais de 44 mil alunos matriculados em cursos t\u00e9cnicos na rede estadual; o Programa de Inicia\u00e7\u00e3o Cient\u00edfica no Ensino M\u00e9dio; a cria\u00e7\u00e3o do Programa de Conviv\u00eancia Democr\u00e1tica; a amplia\u00e7\u00e3o do ensino m\u00e9dio noturno e reorganiza\u00e7\u00e3o da Educa\u00e7\u00e3o de Jovens e Adultos (EJA), dentre v\u00e1rias outras a\u00e7\u00f5es\u201d, destaca a secret\u00e1ria.<\/p>\n<p><strong>VER PRIMEIRO<\/strong><\/p>\n<p>Receba as not\u00edcias do Aconteceu no Vale em primeira m\u00e3o. Clique em curtir no endere\u00e7o <a href=\"https:\/\/www.facebook.com\/aconteceunovale\" target=\"_blank\"><font color=\"red\">www.facebook.com\/aconteceunovale<\/font><\/a> ou no box abaixo:<\/p>\n<div class=\"fb-like\" data-href=\"https:\/\/www.facebook.com\/aconteceunovale\" data-width=\"120\" data-layout=\"standard\" data-action=\"like\" data-size=\"small\" data-show-faces=\"true\" data-share=\"true\"><\/div>\n<p><\/br><\/p>\n<p><em>(Fonte: Ag\u00eancia Minas)<\/em><\/p>\n","protected":false},"excerpt":{"rendered":"<p>Jovens que por algum motivo abandonaram a escola antes de concluir os estudos e desejam retornar em 2018 devem ficar atentos ao chamamento realizado pela\u00a0Secretaria de Estado de Educa\u00e7\u00e3o (SEE). At\u00e9 o dia 25 de novembro (s\u00e1bado), eles podem se inscrever por meio de formul\u00e1rio eletr\u00f4nico\u00a0dispon\u00edvel neste link, e assegurar uma vaga na rede estadual [&hellip;]<\/p>\n","protected":false},"author":1,"featured_media":114832,"comment_status":"open","ping_status":"closed","sticky":false,"template":"","format":"standard","meta":{"amp_status":"","footnotes":""},"categories":[40238,123],"tags":[163712,163716,163717,163715,163714,28366,163713],"class_list":["post-123709","post","type-post","status-publish","format-standard","has-post-thumbnail","hentry","category-educacao-2","category-gerais","tag-diretora-de-juventude-da-see","tag-inscricao-de-jovens-que-desejam-retornar-a-escola","tag-inscricao-para-jovens-que-desejam-retornar-a-escola","tag-jovens-que-desejam-retornar-a-escola","tag-jovens-que-desejam-retornar-a-escola-em-2018-tem-ate-o-dia-2511-para-se-inscrever","tag-macae-evaristo","tag-priscylla-ramalho"],"_links":{"self":[{"href":"https:\/\/aconteceunovale.com.br\/portal\/index.php?rest_route=\/wp\/v2\/posts\/123709","targetHints":{"allow":["GET"]}}],"collection":[{"href":"https:\/\/aconteceunovale.com.br\/portal\/index.php?rest_route=\/wp\/v2\/posts"}],"about":[{"href":"https:\/\/aconteceunovale.com.br\/portal\/index.php?rest_route=\/wp\/v2\/types\/post"}],"author":[{"embeddable":true,"href":"https:\/\/aconteceunovale.com.br\/portal\/index.php?rest_route=\/wp\/v2\/users\/1"}],"replies":[{"embeddable":true,"href":"https:\/\/aconteceunovale.com.br\/portal\/index.php?rest_route=%2Fwp%2Fv2%2Fcomments&post=123709"}],"version-history":[{"count":0,"href":"https:\/\/aconteceunovale.com.br\/portal\/index.php?rest_route=\/wp\/v2\/posts\/123709\/revisions"}],"wp:featuredmedia":[{"embeddable":true,"href":"https:\/\/aconteceunovale.com.br\/portal\/index.php?rest_route=\/wp\/v2\/media\/114832"}],"wp:attachment":[{"href":"https:\/\/aconteceunovale.com.br\/portal\/index.php?rest_route=%2Fwp%2Fv2%2Fmedia&parent=123709"}],"wp:term":[{"taxonomy":"category","embeddable":true,"href":"https:\/\/aconteceunovale.com.br\/portal\/index.php?rest_route=%2Fwp%2Fv2%2Fcategories&post=123709"},{"taxonomy":"post_tag","embeddable":true,"href":"https:\/\/aconteceunovale.com.br\/portal\/index.php?rest_route=%2Fwp%2Fv2%2Ftags&post=123709"}],"curies":[{"name":"wp","href":"https:\/\/api.w.org\/{rel}","templated":true}]}}