{"id":123702,"date":"2017-11-09T22:47:23","date_gmt":"2017-11-10T00:47:23","guid":{"rendered":"http:\/\/aconteceunovale.com.br\/portal\/?p=123702"},"modified":"2017-11-09T22:47:23","modified_gmt":"2017-11-10T00:47:23","slug":"eleita-miss-governador-valadares-sargento-da-pm-se-prepara-para-disputa-do-titulo-estadual","status":"publish","type":"post","link":"https:\/\/aconteceunovale.com.br\/portal\/?p=123702","title":{"rendered":"Eleita Miss Governador Valadares, sargento da PM se prepara para disputa do t\u00edtulo estadual"},"content":{"rendered":"<p>Dividida entre o glamour do mundo da moda e a correria contra a marginalidade, a Sargento da Pol\u00edcia Militar, K\u00e9ssila Alves Miranda, de 24 anos, acaba de ganhar o t\u00edtulo de miss 2017 da cidade de Governador Valadares, na regi\u00e3o Sudeste do Estado. A jovem se prepara agora para concorrer como a mais bela de Minas Gerais.<\/p>\n<p>A carreira como modelo come\u00e7ou quando K\u00e9ssila tinha 18 anos e deixou a cidade onde nasceu e morou com a fam\u00edlia, para desfilar e posar para cat\u00e1logos de moda na Turquia.<\/p>\n<p>Por l\u00e1, a jovem morou e trabalhou por quatro meses, por\u00e9m, seguir carreira militar sempre foi um grande sonho de K\u00e9ssila. \u201cDepois de voltar para o Brasil, comecei a me preparar para o concurso da PM, e em 2014 eu consegui entrar para a corpora\u00e7\u00e3o\u201d, conta.<\/p>\n<p>Com dificuldades para conciliar as duas profiss\u00f5es, K\u00e9ssila optou por encarar os desafios da carreira de pol\u00edcia e deixar o sonho da carreira na modelo um pouco de lado, mas nunca esquecido.<\/p>\n<p>A vontade de trabalhar novamente com a beleza veio \u00e0 tona quando recebeu o convite para participar do concurso Miss Governador Valadares. \u201cFiquei receosa pela Institui\u00e7\u00e3o, com medo de ferir as regras. Mas com incentivo de amigos, percebi que disputar o t\u00edtulo de miss n\u00e3o iria contra as normas da PM. Resolvi participar e ganhei\u201d, afirmou a jovem que disputou o Miss Governador Valadares pela primeira vez em 2017.<\/p>\n<p>K\u00e9ssila afirma que \u00e9 imposs\u00edvel conciliar a vida de modelo com a de sargento, por\u00e9m, \u00e9 vi\u00e1vel ser miss e policial, ao mesmo tempo. Nos dias em que est\u00e1 de folga da corpora\u00e7\u00e3o, a jovem aproveita para se dedicar \u00e0 carreira de miss cuidando do corpo com dietas e gin\u00e1stica. \u201cEu acho que devemos fazer tudo que gostamos na vida. Eu sempre gostei de ser modelo, mas amo minha carreira na Pol\u00edcia Militar. E, hoje eu consigo ser miss e PM, ao mesmo tempo. Uma at\u00e9 ajuda na outra\u201d brinca.<\/p>\n<p>Na pr\u00f3xima semana a bela, que est\u00e1 locada na 4\u00aa Companhia do 1\u00ba Batalh\u00e3o da Pol\u00edcia Militar em Belo Horizonte, vai concorrer ao t\u00edtulo de Miss Minas Gerais. Para isso, a jovem tem se preparado muito. \u201cAl\u00e9m de cuidar do corpo, eu voltei para o curso de ingl\u00eas, que \u00e9 recomendado para o concurso e estou fazendo um curso de orat\u00f3ria\u201d, conta.<\/p>\n<p>Al\u00e9m das atribui\u00e7\u00f5es f\u00edsicas, as concorrentes devem apresentar tamb\u00e9m um projeto social durante a apresenta\u00e7\u00e3o. K\u00e9ssila prop\u00f4s uma a\u00e7\u00e3o que auxilia na ressocializa\u00e7\u00e3o de menores infratores. \u201cO projeto tem me ajudado muito como PM e espero que me ajuda como miss, tamb\u00e9m\u201d, diz.<\/p>\n<p><img decoding=\"async\" src=\"http:\/\/aconteceunovale.com.br\/portal\/wp-content\/uploads\/2017\/11\/sargento_kissila_1.jpg\" alt=\"\" \/><em>Militar foi eleita Miss Governador Valadares (Foto: Reprodu\u00e7\u00e3o\/Arquivo Pessoal)<\/em><br \/>\n<\/br><\/p>\n<p><img decoding=\"async\" src=\"http:\/\/aconteceunovale.com.br\/portal\/wp-content\/uploads\/2017\/11\/sargento_kissila_2.jpg\" alt=\"\" \/><em>Militar foi eleita Miss Governador Valadares (Foto: Reprodu\u00e7\u00e3o\/Arquivo Pessoal)<\/em><br \/>\n<\/br><\/p>\n<p><strong>VER PRIMEIRO<\/strong><\/p>\n<p>Receba as not\u00edcias do Aconteceu no Vale em primeira m\u00e3o. Clique em curtir no endere\u00e7o <a href=\"https:\/\/www.facebook.com\/aconteceunovale\" target=\"_blank\"><font color=\"red\">www.facebook.com\/aconteceunovale<\/font><\/a> ou no box abaixo:<\/p>\n<div class=\"fb-like\" data-href=\"https:\/\/www.facebook.com\/aconteceunovale\" data-width=\"120\" data-layout=\"standard\" data-action=\"like\" data-size=\"small\" data-show-faces=\"true\" data-share=\"true\"><\/div>\n<p><\/br><\/p>\n<p><em>(Fonte: O Tempo \/ Rep\u00f3rter: Raquel Penaforte)<\/em><\/p>\n","protected":false},"excerpt":{"rendered":"<p>Dividida entre o glamour do mundo da moda e a correria contra a marginalidade, a Sargento da Pol\u00edcia Militar, K\u00e9ssila Alves Miranda, de 24 anos, acaba de ganhar o t\u00edtulo de miss 2017 da cidade de Governador Valadares, na regi\u00e3o Sudeste do Estado. A jovem se prepara agora para concorrer como a mais bela de [&hellip;]<\/p>\n","protected":false},"author":1,"featured_media":123703,"comment_status":"open","ping_status":"closed","sticky":false,"template":"","format":"standard","meta":{"amp_status":"","footnotes":""},"categories":[121,123],"tags":[163699,247,163692,163693,163698,163696,163697,163694,163695,14682,163700,163701],"class_list":["post-123702","post","type-post","status-publish","format-standard","has-post-thumbnail","hentry","category-leste","category-gerais","tag-eleita-miss-governador-valadares","tag-governador-valadares","tag-kessila-alves-miranda","tag-kessila-miranda","tag-miss-governador-valadares","tag-miss-governador-valadares-kessila-alves-miranda","tag-miss-governador-valadares-kessila-miranda","tag-miss-kessila-alves-miranda","tag-miss-kessila-miranda","tag-miss-minas-gerais","tag-sargento-da-pm-se-prepara-para-a-disputa-do-titulo-estadual","tag-sargento-da-pm-se-prepara-para-disputa-do-titulo-estadual"],"_links":{"self":[{"href":"https:\/\/aconteceunovale.com.br\/portal\/index.php?rest_route=\/wp\/v2\/posts\/123702","targetHints":{"allow":["GET"]}}],"collection":[{"href":"https:\/\/aconteceunovale.com.br\/portal\/index.php?rest_route=\/wp\/v2\/posts"}],"about":[{"href":"https:\/\/aconteceunovale.com.br\/portal\/index.php?rest_route=\/wp\/v2\/types\/post"}],"author":[{"embeddable":true,"href":"https:\/\/aconteceunovale.com.br\/portal\/index.php?rest_route=\/wp\/v2\/users\/1"}],"replies":[{"embeddable":true,"href":"https:\/\/aconteceunovale.com.br\/portal\/index.php?rest_route=%2Fwp%2Fv2%2Fcomments&post=123702"}],"version-history":[{"count":0,"href":"https:\/\/aconteceunovale.com.br\/portal\/index.php?rest_route=\/wp\/v2\/posts\/123702\/revisions"}],"wp:featuredmedia":[{"embeddable":true,"href":"https:\/\/aconteceunovale.com.br\/portal\/index.php?rest_route=\/wp\/v2\/media\/123703"}],"wp:attachment":[{"href":"https:\/\/aconteceunovale.com.br\/portal\/index.php?rest_route=%2Fwp%2Fv2%2Fmedia&parent=123702"}],"wp:term":[{"taxonomy":"category","embeddable":true,"href":"https:\/\/aconteceunovale.com.br\/portal\/index.php?rest_route=%2Fwp%2Fv2%2Fcategories&post=123702"},{"taxonomy":"post_tag","embeddable":true,"href":"https:\/\/aconteceunovale.com.br\/portal\/index.php?rest_route=%2Fwp%2Fv2%2Ftags&post=123702"}],"curies":[{"name":"wp","href":"https:\/\/api.w.org\/{rel}","templated":true}]}}