{"id":123678,"date":"2017-11-08T17:30:32","date_gmt":"2017-11-08T19:30:32","guid":{"rendered":"http:\/\/aconteceunovale.com.br\/portal\/?p=123678"},"modified":"2017-11-08T17:30:32","modified_gmt":"2017-11-08T19:30:32","slug":"sinal-analogico-e-desligado-em-belo-horizonte-e-mais-38-cidades-mineiras","status":"publish","type":"post","link":"https:\/\/aconteceunovale.com.br\/portal\/?p=123678","title":{"rendered":"Sinal anal\u00f3gico \u00e9 desligado em Belo Horizonte e mais 38 cidades mineiras"},"content":{"rendered":"<p>O sinal anal\u00f3gico de televis\u00e3o come\u00e7ou a ser desligado hoje (8\/11\/2017) em Belo Horizonte e em mais 38 cidades de Minas Gerais. De acordo com o Grupo de Implanta\u00e7\u00e3o do Processo de Redistribui\u00e7\u00e3o e Digitaliza\u00e7\u00e3o de Canais de TV e RTV (Gired), respons\u00e1vel pela implanta\u00e7\u00e3o da TV digital no Brasil, o processo de desligamento nesses munic\u00edpios ser\u00e1 finalizado em 22 de novembro.<\/p>\n<p>Pesquisa do in\u00edcio deste m\u00eas apontava que 89,25% dos domic\u00edlios dos 39 munic\u00edpios mineiros inclu\u00eddos na etapa de desligamento do sinal anal\u00f3gico j\u00e1 est\u00e3o preparados para receber o sinal digital. O percentual \u00e9 um pouco abaixo dos 90% definidos por portaria do Minist\u00e9rio da Ci\u00eancia, Tecnologia, Inova\u00e7\u00f5es e Comunica\u00e7\u00f5es (MCTIC) para que as transmiss\u00f5es anal\u00f3gicas sejam encerradas.<\/p>\n<p>De acordo com o minist\u00e9rio, cerca de 5,5 milh\u00f5es de pessoas migrar\u00e3o do sinal anal\u00f3gico para o digital nas 39 cidades mineiras. Al\u00e9m da capital Belo Horizonte, tamb\u00e9m ter\u00e3o o sinal de TV anal\u00f3gico desligado os munic\u00edpios de Ara\u00e7a\u00ed, Baldim, Betim, Brumadinho, Cachoeira da Prata, Caet\u00e9, Capim Branco, Confins, Contagem, Esmeraldas, Florestal, Fortuna de Minas, Funil\u00e2ndia, Ibirit\u00e9, Igarap\u00e9, Inha\u00fama, Ita\u00fana, Jequitib\u00e1, Juatuba, Lagoa Santa, M\u00e1rio Campos, Mateus Leme, Matozinhos, Nova Lima, Pedro Leopoldo, Prudente de Morais, Raposos, Ribeir\u00e3o das Neves, Rio Acima, Sabar\u00e1, Santa Luzia, S\u00e3o Joaquim de Bicas, S\u00e3o Jos\u00e9 da Lapa, S\u00e3o Jos\u00e9 da Varginha, Sarzedo, Sete Lagoas, Taquara\u00e7u de Minas e Vespasiano.<\/p>\n<p>Ao todo, segundo o MCTIC, foram distribu\u00eddos nas 39 cidades de Minas 352 mil kits de conversores digitais para as fam\u00edlias benefici\u00e1rias de programas sociais do governo federal.<\/p>\n<p>Conforme dados do Gired, at\u00e9  22 de novembro, a implanta\u00e7\u00e3o do Sistema Brasileiro de TV Digital vai abranger 193 munic\u00edpios e beneficiar mais de 60 milh\u00f5es de pessoas. Desde o in\u00edcio do processo, o sinal anal\u00f3gico j\u00e1 foi desligado em Rio Verde (GO); Bras\u00edlia e 9 cidades do entorno do Distrito Federal; S\u00e3o Paulo e 38 cidades do estado; Goi\u00e2nia e mais 28 munic\u00edpios de Goi\u00e1s; Recife e outras 13 cidades de Pernambuco; Salvador e mais 19 cidades da Bahia; Fortaleza e outras 14 cidades do Cear\u00e1; Vit\u00f3ria e mais seis cidades do Esp\u00edrito Santo.<\/p>\n<p>Pelo cronograma, em 29 de novembro ser\u00e1 a vez de Campinas (SP) e mais 84 cidades pr\u00f3ximas; Franca (SP) e outros 24 munic\u00edpios da regi\u00e3o; Ribeir\u00e3o Preto (SP) e mais 19 cidades; Santos (SP) e outras oito cidades; e mais 19 cidades do Vale do Para\u00edba, tamb\u00e9m no estado de S\u00e3o Paulo.<\/p>\n<p><strong>VER PRIMEIRO<\/strong><\/p>\n<p>Receba as not\u00edcias do Aconteceu no Vale em primeira m\u00e3o. Clique em curtir no endere\u00e7o <a href=\"https:\/\/www.facebook.com\/aconteceunovale\" target=\"_blank\"><font color=\"red\">www.facebook.com\/aconteceunovale<\/font><\/a> ou no box abaixo:<\/p>\n<div class=\"fb-like\" data-href=\"https:\/\/www.facebook.com\/aconteceunovale\" data-width=\"120\" data-layout=\"standard\" data-action=\"like\" data-size=\"small\" data-show-faces=\"true\" data-share=\"true\"><\/div>\n<p><\/br><\/p>\n<p><em>(Fonte: Ag\u00eancia Brasil)<\/em><\/p>\n","protected":false},"excerpt":{"rendered":"<p>O sinal anal\u00f3gico de televis\u00e3o come\u00e7ou a ser desligado hoje (8\/11\/2017) em Belo Horizonte e em mais 38 cidades de Minas Gerais. De acordo com o Grupo de Implanta\u00e7\u00e3o do Processo de Redistribui\u00e7\u00e3o e Digitaliza\u00e7\u00e3o de Canais de TV e RTV (Gired), respons\u00e1vel pela implanta\u00e7\u00e3o da TV digital no Brasil, o processo de desligamento nesses [&hellip;]<\/p>\n","protected":false},"author":1,"featured_media":112106,"comment_status":"open","ping_status":"closed","sticky":false,"template":"","format":"standard","meta":{"amp_status":"","footnotes":""},"categories":[123],"tags":[19797,30020,30021,194,1495,3679,14934,6970,1295,22090,956,163639,163637,1492,3061,30023,30024,1494,1493,30025,1512,3690,7520,10160,7524,12296,1497,131,1496,3065,8240,18764,3674,18765,1779,1498,10113,26146,52383,3433,1532,163635,163636,163638,163640,28278,25196,145082,1778],"class_list":["post-123678","post","type-post","status-publish","format-standard","has-post-thumbnail","hentry","category-gerais","tag-anatel","tag-aracai","tag-baldim","tag-belo-horizonte","tag-betim","tag-brumadinho","tag-cachoeira-da-prata","tag-caete","tag-capim-branco","tag-confins","tag-contagem","tag-desligamento-analogico","tag-desligamento-sinal-analogico-de-televisao-bh","tag-esmeraldas","tag-florestal","tag-fortuna-de-minas","tag-funilandia","tag-ibirite","tag-igarape","tag-inhauma","tag-itauna","tag-jequitiba","tag-juatuba","tag-lagoa-santa","tag-mario-campos","tag-mateus-leme","tag-matozinhos","tag-minas-gerais","tag-nova-lima","tag-pedro-leopoldo","tag-prudente-de-morais","tag-raposos","tag-ribeirao-das-neves","tag-rio-acima","tag-sabara","tag-santa-luzia","tag-sao-joaquim-de-bicas","tag-sao-jose-da-lapa","tag-sao-jose-da-varginha","tag-sarzedo","tag-sete-lagoas","tag-sinal-analogico-de-televisao","tag-sinal-analogico-de-televisao-bh","tag-sinal-analogico-de-televisao-comecou-a-ser-desligado-hoje-8-em-belo-horizonte-e-em-mais-38-cidades-de-minas-gerais","tag-sinal-analogico-e-desligado-em-belo-horizonte-e-mais-38-cidades-mineiras","tag-taquaracu-de-minas","tag-tv-digital","tag-tv-digital-em-minas","tag-vespasiano"],"_links":{"self":[{"href":"https:\/\/aconteceunovale.com.br\/portal\/index.php?rest_route=\/wp\/v2\/posts\/123678","targetHints":{"allow":["GET"]}}],"collection":[{"href":"https:\/\/aconteceunovale.com.br\/portal\/index.php?rest_route=\/wp\/v2\/posts"}],"about":[{"href":"https:\/\/aconteceunovale.com.br\/portal\/index.php?rest_route=\/wp\/v2\/types\/post"}],"author":[{"embeddable":true,"href":"https:\/\/aconteceunovale.com.br\/portal\/index.php?rest_route=\/wp\/v2\/users\/1"}],"replies":[{"embeddable":true,"href":"https:\/\/aconteceunovale.com.br\/portal\/index.php?rest_route=%2Fwp%2Fv2%2Fcomments&post=123678"}],"version-history":[{"count":0,"href":"https:\/\/aconteceunovale.com.br\/portal\/index.php?rest_route=\/wp\/v2\/posts\/123678\/revisions"}],"wp:featuredmedia":[{"embeddable":true,"href":"https:\/\/aconteceunovale.com.br\/portal\/index.php?rest_route=\/wp\/v2\/media\/112106"}],"wp:attachment":[{"href":"https:\/\/aconteceunovale.com.br\/portal\/index.php?rest_route=%2Fwp%2Fv2%2Fmedia&parent=123678"}],"wp:term":[{"taxonomy":"category","embeddable":true,"href":"https:\/\/aconteceunovale.com.br\/portal\/index.php?rest_route=%2Fwp%2Fv2%2Fcategories&post=123678"},{"taxonomy":"post_tag","embeddable":true,"href":"https:\/\/aconteceunovale.com.br\/portal\/index.php?rest_route=%2Fwp%2Fv2%2Ftags&post=123678"}],"curies":[{"name":"wp","href":"https:\/\/api.w.org\/{rel}","templated":true}]}}