{"id":123676,"date":"2017-11-08T17:25:16","date_gmt":"2017-11-08T19:25:16","guid":{"rendered":"http:\/\/aconteceunovale.com.br\/portal\/?p=123676"},"modified":"2017-11-08T17:25:16","modified_gmt":"2017-11-08T19:25:16","slug":"inscricoes-de-candidatos-a-designacao-2018-na-rede-estadual-de-ensino-encerram-nesta-sexta-feira","status":"publish","type":"post","link":"https:\/\/aconteceunovale.com.br\/portal\/?p=123676","title":{"rendered":"Inscri\u00e7\u00f5es de candidatos \u00e0 designa\u00e7\u00e3o 2018 na rede estadual de ensino encerram nesta sexta-feira"},"content":{"rendered":"<p>Termina nesta sexta-feira (10\/11) o prazo para inscri\u00e7\u00e3o de candidatos interessados em concorrer a uma vaga de designa\u00e7\u00e3o na rede estadual de ensino para 2018. Essa \u00e9 a primeira etapa do processo, em que as pessoas interessadas em trabalhar por contrato tempor\u00e1rio no pr\u00f3ximo ano devem fazer o seu cadastro, por meio de um sistema online, e se inscrever em at\u00e9 tr\u00eas cargos e localidades distintos.<\/p>\n<p>At\u00e9 as 9h54 desta quarta-feira (8\/11), o sistema j\u00e1 contabilizava 450.881 candidatos cadastrados, em um total de 905.940 inscri\u00e7\u00f5es, o que significa uma m\u00e9dia de duas inscri\u00e7\u00f5es por candidato.<\/p>\n<p>Ser\u00e3o ofertadas cerca de 100 mil vagas para os cargos de professores, especialistas educacionais, auxiliar administrativo, inspetor escolar e auxiliar de servi\u00e7os gerais. As inscri\u00e7\u00f5es seguem at\u00e9 as 23h59 do dia 10 de novembro e devem ser feitas pelo site\u00a0<span style=\"color: #ff0000;\"><a href=\"http:\/\/www.designaeducacao.mg.gov.br\/\" target=\"_blank\"><span style=\"color: #ff0000;\">www.designaeducacao.mg.gov.br<\/span><\/a><\/span>.<\/p>\n<p>A listagem de classifica\u00e7\u00e3o dos candidatos inscritos est\u00e1 prevista para ser divulgada no dia 22 de novembro.<\/p>\n<p>O processo de designa\u00e7\u00e3o propriamente dito (escolhas das vagas de interesse pelos inscritos e atribui\u00e7\u00e3o da vaga ao candidato melhor classificado) ter\u00e1 in\u00edcio em data a ser definida no cronograma que ser\u00e1 divulgado na Resolu\u00e7\u00e3o de Quadro de Escola, que dever\u00e1 ser publicada at\u00e9 o final deste m\u00eas.<\/p>\n<p>A designa\u00e7\u00e3o \u00e9 uma forma de preencher interinamente os cargos para garantir o funcionamento das escolas estaduais, conforme o artigo 10 da Lei 10254\/1990. O processo \u00e9 essencial na prepara\u00e7\u00e3o da rede p\u00fablica para o in\u00edcio do ano letivo. Tamb\u00e9m ser\u00e3o divulgadas posteriormente as vagas que ser\u00e3o disponibilizadas para o ano de 2018.<\/p>\n<p>Todos os candidatos interessados em participar desse processo devem se inscrever, pois neste ano n\u00e3o ser\u00e3o admitidos na designa\u00e7\u00e3o os candidatos n\u00e3o inscritos, salvo exce\u00e7\u00f5es.<\/p>\n<p>Os candidatos aprovados em concurso p\u00fablico vigente da Educa\u00e7\u00e3o e que ainda n\u00e3o foram nomeados estar\u00e3o inscritos de of\u00edcio, ou seja, estar\u00e3o automaticamente inscritos para o cargo e localidade para o qual realizaram o concurso p\u00fablico.<\/p>\n<p>O sistema de inscri\u00e7\u00e3o vai buscar e inserir os nomes e as respectivas classifica\u00e7\u00f5es dos candidatos. No entanto, para realizar outras duas inscri\u00e7\u00f5es a que tem direito ou mesmo modificar a inscri\u00e7\u00e3o inicial, eles devem entrar na plataforma e realizar suas escolhas.<\/p>\n<p>Vale lembrar que o candidato pode alterar os dados da inscri\u00e7\u00e3o quantas vezes for necess\u00e1rio, at\u00e9 esse prazo final, sendo v\u00e1lida a \u00faltima altera\u00e7\u00e3o feita no sistema. Portanto, antes do encerramento desse per\u00edodo, confira mais uma vez suas inscri\u00e7\u00f5es e salve ou imprima o comprovante para se certificar de que n\u00e3o h\u00e1 erros. Ap\u00f3s o fechamento do sistema, nenhuma altera\u00e7\u00e3o poder\u00e1 ser feita e todos os dados devem ser comprovados no ato da designa\u00e7\u00e3o.<\/p>\n<p>A\u00a0Secretaria de Estado de Educa\u00e7\u00e3o\u00a0criou um hotsite em que re\u00fane as principais informa\u00e7\u00f5es sobre o processo de designa\u00e7\u00e3o 2018.\u00a0<span style=\"color: #ff0000;\"><a href=\"http:\/\/designacaooficial2018.educacao.mg.gov.br\/\" target=\"_blank\"><span style=\"color: #ff0000;\">Acesse e saiba mais clicando neste link<\/span><\/a><\/span>.<\/p>\n<p><strong>Crit\u00e9rios de classifica\u00e7\u00e3o<\/strong><\/p>\n<p>A idade m\u00ednima para o candidato ser designado \u00e9 de 18 anos. A classifica\u00e7\u00e3o dos interessados leva em considera\u00e7\u00e3o: a aprova\u00e7\u00e3o em concurso p\u00fablico vigente, a habilita\u00e7\u00e3o, a escolaridade, o tempo de servi\u00e7o e a idade.<\/p>\n<p>O tempo de servi\u00e7o exercido pelo candidato na Rede Estadual de Ensino ser\u00e1 automaticamente extra\u00eddo dos bancos de dados da SEE e deve ser validado, no ato da inscri\u00e7\u00e3o, pelo candidato.<\/p>\n<p>A Resolu\u00e7\u00e3o que trata desta primeira etapa da designa\u00e7\u00e3o foi publicada no\u00a0Di\u00e1rio Oficial Minas Gerais\u00a0do dia 21 de outubro (<span style=\"color: #ff0000;\"><a href=\"http:\/\/jornal.iof.mg.gov.br\/xmlui\/handle\/123456789\/190169?paginaCorrente=01&amp;posicaoPagCorrente=190146&amp;linkBase=http%3A%2F%2Fjornal.iof.mg.gov.br%3A80%2Fxmlui%2Fhandle%2F123456789%2F&amp;totalPaginas=60&amp;paginaDestino=24&amp;indice=0\" target=\"_blank\"><span style=\"color: #ff0000;\">Resolu\u00e7\u00e3o SEE 3.643<\/span><\/a><\/span>). \u00c9 importante tamb\u00e9m conferir na resolu\u00e7\u00e3o os crit\u00e9rios espec\u00edficos para cada cargo.<\/p>\n<p>A lista de classifica\u00e7\u00e3o obedecer\u00e1, em linhas gerais, os seguintes crit\u00e9rios:<\/p>\n<p>1\u00ba \u2013 candidato inscrito e concursado para o munic\u00edpio ou SRE e ainda n\u00e3o nomeado, obedecida a ordem de classifica\u00e7\u00e3o no concurso vigente, desde que comprove os requisitos de habilita\u00e7\u00e3o definidos no Edital do Concurso;<\/p>\n<p>2\u00ba \u2013 candidato inscrito e concursado para outro munic\u00edpio ou outra SRE e ainda n\u00e3o nomeado, obedecido ao n\u00famero de pontos obtido no concurso vigente, promovendo-se o desempate pela idade maior, desde que comprove os requisitos de habilita\u00e7\u00e3o definidos no Edital do Concurso;<\/p>\n<p>3\u00ba \u2013 candidato inscrito habilitado, obedecida a ordem de classifica\u00e7\u00e3o na listagem geral do munic\u00edpio de candidatos inscritos em 2017;<\/p>\n<p>4\u00ba \u2013 candidato inscrito n\u00e3o habilitado, obedecida a ordem de classifica\u00e7\u00e3o na listagem geral do munic\u00edpio de candidatos inscritos em 2017;<\/p>\n<p><strong>Designa\u00e7\u00e3o online e presencial<\/strong><\/p>\n<p>Para o ano de 2018, parte da designa\u00e7\u00e3o ser\u00e1 feita por meio de sistema informatizado online, abrangendo os cargos de Analista de Educa\u00e7\u00e3o B\u00e1sica (AEB) \u2013 Assistente Social, Fisioterapeuta, Fonoaudi\u00f3logo, Psic\u00f3logo ou Terapeuta Ocupacional; Analista Educacional\/Inspetor Escolar (ANE\/IE); Assistente T\u00e9cnico de Educa\u00e7\u00e3o B\u00e1sica (ATB); Especialista em Educa\u00e7\u00e3o B\u00e1sica (EEB) \u2013 Orientador Educacional ou Supervisor Pedag\u00f3gico; e Professor de Educa\u00e7\u00e3o B\u00e1sica (PEB) \u2013 Regente de Turma.<\/p>\n<p>Essa ferramenta tem o objetivo de gerar igualdade de oportunidades entre os interessados, maior agilidade, efetividade e transpar\u00eancia no processo.<\/p>\n<p>A designa\u00e7\u00e3o ser\u00e1 presencial para Auxiliar de Servi\u00e7os de Educa\u00e7\u00e3o B\u00e1sica (ASB); Professor de Educa\u00e7\u00e3o B\u00e1sica (PEB) \u2013 Regente de Aula; Professor de Educa\u00e7\u00e3o B\u00e1sica (PEB) Curso Normal, Educa\u00e7\u00e3o Profissional, Conservat\u00f3rios Estaduais de M\u00fasica, Educa\u00e7\u00e3o Especial e Educa\u00e7\u00e3o Integral.<\/p>\n<p><strong>VER PRIMEIRO<\/strong><\/p>\n<p>Receba as not\u00edcias do Aconteceu no Vale em primeira m\u00e3o. Clique em curtir no endere\u00e7o <a href=\"https:\/\/www.facebook.com\/aconteceunovale\" target=\"_blank\"><font color=\"red\">www.facebook.com\/aconteceunovale<\/font><\/a> ou no box abaixo:<\/p>\n<div class=\"fb-like\" data-href=\"https:\/\/www.facebook.com\/aconteceunovale\" data-width=\"120\" data-layout=\"standard\" data-action=\"like\" data-size=\"small\" data-show-faces=\"true\" data-share=\"true\"><\/div>\n<p><\/br><\/p>\n<p><em>(Fonte: Ag\u00eancia Minas)<\/em><\/p>\n","protected":false},"excerpt":{"rendered":"<p>Termina nesta sexta-feira (10\/11) o prazo para inscri\u00e7\u00e3o de candidatos interessados em concorrer a uma vaga de designa\u00e7\u00e3o na rede estadual de ensino para 2018. Essa \u00e9 a primeira etapa do processo, em que as pessoas interessadas em trabalhar por contrato tempor\u00e1rio no pr\u00f3ximo ano devem fazer o seu cadastro, por meio de um sistema [&hellip;]<\/p>\n","protected":false},"author":1,"featured_media":114832,"comment_status":"open","ping_status":"closed","sticky":false,"template":"","format":"standard","meta":{"amp_status":"","footnotes":""},"categories":[40238,123],"tags":[162781,162784,162786,162787,162785,162788,162791,162792,162780,162782,163634,162794,162793,162795,162958,162789,162790,162783],"class_list":["post-123676","post","type-post","status-publish","format-standard","has-post-thumbnail","hentry","category-educacao-2","category-gerais","tag-como-trabalhar-na-rede-estadual-de-minas-gerais","tag-designacao-2018","tag-designacao-2018-em-minas-gerais","tag-designacao-2018-estado-de-minas","tag-designacao-2018-mg","tag-designacao-2018-minas-gerais","tag-designacao-on-line","tag-designacao-on-line-minas-gerais","tag-designacao-para-trabalhar-na-rede-estadual-de-minas-gerais","tag-informacoes-sobre-como-trabalhar-na-rede-estadual-de-minas-gerais","tag-inscricoes-de-candidatos-a-designacao-2018-na-rede-estadual-de-ensino-encerram-nesta-sexta-feira","tag-inscricoes-para-designacao-2018","tag-inscricoes-para-designacao-2018-comecam-na-proxima-quarta-feira","tag-inscricoes-para-designacao-2018-em-minas-gerais","tag-interessados-ja-podem-fazer-as-inscricoes-para-a-designacao-2018-da-educacao","tag-site-designacao-2018","tag-site-designacao-2018-minas-gerais","tag-trabalhar-na-rede-estadual-de-minas-gerais"],"_links":{"self":[{"href":"https:\/\/aconteceunovale.com.br\/portal\/index.php?rest_route=\/wp\/v2\/posts\/123676","targetHints":{"allow":["GET"]}}],"collection":[{"href":"https:\/\/aconteceunovale.com.br\/portal\/index.php?rest_route=\/wp\/v2\/posts"}],"about":[{"href":"https:\/\/aconteceunovale.com.br\/portal\/index.php?rest_route=\/wp\/v2\/types\/post"}],"author":[{"embeddable":true,"href":"https:\/\/aconteceunovale.com.br\/portal\/index.php?rest_route=\/wp\/v2\/users\/1"}],"replies":[{"embeddable":true,"href":"https:\/\/aconteceunovale.com.br\/portal\/index.php?rest_route=%2Fwp%2Fv2%2Fcomments&post=123676"}],"version-history":[{"count":0,"href":"https:\/\/aconteceunovale.com.br\/portal\/index.php?rest_route=\/wp\/v2\/posts\/123676\/revisions"}],"wp:featuredmedia":[{"embeddable":true,"href":"https:\/\/aconteceunovale.com.br\/portal\/index.php?rest_route=\/wp\/v2\/media\/114832"}],"wp:attachment":[{"href":"https:\/\/aconteceunovale.com.br\/portal\/index.php?rest_route=%2Fwp%2Fv2%2Fmedia&parent=123676"}],"wp:term":[{"taxonomy":"category","embeddable":true,"href":"https:\/\/aconteceunovale.com.br\/portal\/index.php?rest_route=%2Fwp%2Fv2%2Fcategories&post=123676"},{"taxonomy":"post_tag","embeddable":true,"href":"https:\/\/aconteceunovale.com.br\/portal\/index.php?rest_route=%2Fwp%2Fv2%2Ftags&post=123676"}],"curies":[{"name":"wp","href":"https:\/\/api.w.org\/{rel}","templated":true}]}}