{"id":123672,"date":"2017-11-08T12:05:50","date_gmt":"2017-11-08T14:05:50","guid":{"rendered":"http:\/\/aconteceunovale.com.br\/portal\/?p=123672"},"modified":"2017-11-08T12:05:50","modified_gmt":"2017-11-08T14:05:50","slug":"acidente-entre-carreta-e-caminhao-deixa-um-morto-e-dois-feridos-na-br-251-no-norte-de-minas","status":"publish","type":"post","link":"https:\/\/aconteceunovale.com.br\/portal\/?p=123672","title":{"rendered":"Acidente entre carreta e caminh\u00e3o deixa um morto e dois feridos na BR-251, no Norte de Minas"},"content":{"rendered":"<p>Um rapaz de 24 anos morreu e outras duas pessoas ficaram feridas em um acidente envolvendo um caminh\u00e3o e uma carreta, na noite dessa ter\u00e7a-feira (07\/11\/2017), na BR-251, munic\u00edpio de Gr\u00e3o Mogol, na regi\u00e3o Norte de Minas Gerais. De acordo com a Pol\u00edcia Rodovi\u00e1ria Federal (PRF), o acidente ocorreu por volta das 18h30, pr\u00f3ximo ao Km 423, e a pista continuava interditada at\u00e9 a manh\u00e3 desta quarta-feira (8), com tr\u00e2nsito desviado por uma estrada rural. As causas do acidente ser\u00e3o investigadas.<\/p>\n<p>Corpo de Bombeiros e Samu compareceram ao acidente. De acordo com a assessoria do Samu, a v\u00edtima morreu a caminho do hospital com fraturas e traumatismo cranioencef\u00e1lico grave; o outro ferido foi levado consciente pelo Samu at\u00e9 a Santa Casa de Montes Claros, sem identifica\u00e7\u00e3o, e o motorista da carreta foi por conta pr\u00f3pria para o hospital de Francisco S\u00e1.<\/p>\n<p>De acordo com o Corpo de Bombeiros, os militares desligaram as baterias dos ve\u00edculos para evitar inc\u00eandio e fizeram conten\u00e7\u00e3o do \u00f3leo na pista com serragem. At\u00e9 essa publica\u00e7\u00e3o, a equipe da PRF ainda estava no local, pois havia risco de saque das cargas de panetones e bebidas alco\u00f3licas.<\/p>\n<p><img decoding=\"async\" src=\"http:\/\/aconteceunovale.com.br\/portal\/wp-content\/uploads\/2017\/11\/acidente_grao_mogol.jpg\" alt=\"\" \/><em>Bombeiros fizeram a conten\u00e7\u00e3o do \u00f3leo na pista (Foto: Corpo de Bombeiros\/Divulga\u00e7\u00e3o)<\/em><br \/>\n<\/br><\/p>\n<p><strong>VER PRIMEIRO<\/strong><\/p>\n<p>Receba as not\u00edcias do Aconteceu no Vale em primeira m\u00e3o. Clique em curtir no endere\u00e7o <a href=\"https:\/\/www.facebook.com\/aconteceunovale\" target=\"_blank\"><font color=\"red\">www.facebook.com\/aconteceunovale<\/font><\/a> ou no box abaixo:<\/p>\n<div class=\"fb-like\" data-href=\"https:\/\/www.facebook.com\/aconteceunovale\" data-width=\"120\" data-layout=\"standard\" data-action=\"like\" data-size=\"small\" data-show-faces=\"true\" data-share=\"true\"><\/div>\n<p><\/br><\/p>\n<p><em>(Fonte: G1 Grande Minas)<\/em><\/p>\n","protected":false},"excerpt":{"rendered":"<p>Um rapaz de 24 anos morreu e outras duas pessoas ficaram feridas em um acidente envolvendo um caminh\u00e3o e uma carreta, na noite dessa ter\u00e7a-feira (07\/11\/2017), na BR-251, munic\u00edpio de Gr\u00e3o Mogol, na regi\u00e3o Norte de Minas Gerais. De acordo com a Pol\u00edcia Rodovi\u00e1ria Federal (PRF), o acidente ocorreu por volta das 18h30, pr\u00f3ximo ao [&hellip;]<\/p>\n","protected":false},"author":1,"featured_media":123673,"comment_status":"open","ping_status":"closed","sticky":false,"template":"","format":"standard","meta":{"amp_status":"","footnotes":""},"categories":[1236],"tags":[163632,163631,163630,163633,1396,111756,921,1018,1153,33228],"class_list":["post-123672","post","type-post","status-publish","format-standard","has-post-thumbnail","hentry","category-norte_de_minas","tag-acidente-com-carga-de-bebidas-alcoolicas-na-br-251","tag-acidente-com-carga-de-panetone-na-br-251","tag-acidente-entre-caminhoes-na-br-251","tag-acidente-entre-carreta-e-caminhao-deixa-um-morto-e-dois-feridos-na-br-251","tag-acidente-na-br-251","tag-acidente-na-br-251-em-grao-mogol","tag-br-251","tag-destaque","tag-grao-mogol","tag-no-norte-de-minas"],"_links":{"self":[{"href":"https:\/\/aconteceunovale.com.br\/portal\/index.php?rest_route=\/wp\/v2\/posts\/123672","targetHints":{"allow":["GET"]}}],"collection":[{"href":"https:\/\/aconteceunovale.com.br\/portal\/index.php?rest_route=\/wp\/v2\/posts"}],"about":[{"href":"https:\/\/aconteceunovale.com.br\/portal\/index.php?rest_route=\/wp\/v2\/types\/post"}],"author":[{"embeddable":true,"href":"https:\/\/aconteceunovale.com.br\/portal\/index.php?rest_route=\/wp\/v2\/users\/1"}],"replies":[{"embeddable":true,"href":"https:\/\/aconteceunovale.com.br\/portal\/index.php?rest_route=%2Fwp%2Fv2%2Fcomments&post=123672"}],"version-history":[{"count":0,"href":"https:\/\/aconteceunovale.com.br\/portal\/index.php?rest_route=\/wp\/v2\/posts\/123672\/revisions"}],"wp:featuredmedia":[{"embeddable":true,"href":"https:\/\/aconteceunovale.com.br\/portal\/index.php?rest_route=\/wp\/v2\/media\/123673"}],"wp:attachment":[{"href":"https:\/\/aconteceunovale.com.br\/portal\/index.php?rest_route=%2Fwp%2Fv2%2Fmedia&parent=123672"}],"wp:term":[{"taxonomy":"category","embeddable":true,"href":"https:\/\/aconteceunovale.com.br\/portal\/index.php?rest_route=%2Fwp%2Fv2%2Fcategories&post=123672"},{"taxonomy":"post_tag","embeddable":true,"href":"https:\/\/aconteceunovale.com.br\/portal\/index.php?rest_route=%2Fwp%2Fv2%2Ftags&post=123672"}],"curies":[{"name":"wp","href":"https:\/\/api.w.org\/{rel}","templated":true}]}}